{"id":22621,"date":"2025-04-07T19:38:41","date_gmt":"2025-04-08T00:38:41","guid":{"rendered":"https:\/\/www.elamazonico.com\/portal\/?p=22621"},"modified":"2025-04-07T19:38:41","modified_gmt":"2025-04-08T00:38:41","slug":"acuerdo-provisional-entre-manifestantes-y-autoridades-ante-emergencia-por-inundaciones","status":"publish","type":"post","link":"https:\/\/www.elamazonico.com\/portal\/acuerdo-provisional-entre-manifestantes-y-autoridades-ante-emergencia-por-inundaciones\/","title":{"rendered":"Acuerdo provisional entre manifestantes y autoridades ante emergencia por inundaciones"},"content":{"rendered":"<p class=\"\" data-start=\"345\" data-end=\"678\">En el puente sobre el r\u00edo Zamora paso a Zumbi, cant\u00f3n Centinela del C\u00f3ndor se realiz\u00f3 un plant\u00f3n que duro hasta las mismas horas de la tarde de este lunes 7 de abril de 2025. Las fuertes lluvias suscitadas y por las recurrentes inundaciones en sectores afectados por acumulaci\u00f3n de material minero, el d\u00eda de hoy lograron alcanzar un <strong data-start=\"516\" data-end=\"539\">acuerdo provisional<\/strong> entre los manifestantes y las autoridades gubernamentales, el mismo que fue presenciado por actores comunitarios y representantes locales.<\/p>\n<p class=\"\" data-start=\"680\" data-end=\"1019\">El acuerdo establece un <strong data-start=\"704\" data-end=\"761\">plazo improrrogable hasta las 08h00 del d\u00eda de ma\u00f1ana<\/strong> martes 8 de abril para que las entidades competentes movilicen <strong data-start=\"807\" data-end=\"893\">maquinaria pesada y procedan al desalojo de los mont\u00edculos de material sedimentado<\/strong>, cuya presencia ha sido se\u00f1alada como una de las principales causas del estancamiento de aguas y afectaciones a la poblaci\u00f3n.<\/p>\n<p class=\"\" data-start=\"1021\" data-end=\"1358\">Los manifestantes, en un gesto de <strong data-start=\"1055\" data-end=\"1100\">apertura al di\u00e1logo y sensibilidad social<\/strong>, han accedido a <strong data-start=\"1117\" data-end=\"1167\">suspender temporalmente las medidas de presi\u00f3n<\/strong>. No obstante, han dejado en claro que, <strong data-start=\"1207\" data-end=\"1259\">en caso de incumplimiento por parte del Gobierno<\/strong>, la protesta <strong data-start=\"1273\" data-end=\"1308\">se reactivar\u00e1 y se radicalizar\u00e1<\/strong> a partir de las primeras horas del d\u00eda.<\/p>\n<p class=\"\" data-start=\"1360\" data-end=\"1655\">Testigos presenciales, entre ellos l\u00edderes comunitarios, destacan el compromiso de la ciudadan\u00eda con la b\u00fasqueda de soluciones concretas, al mismo tiempo que exhortaron al Gobierno a <strong data-start=\"1548\" data-end=\"1578\">honrar la palabra empe\u00f1ada<\/strong> y actuar con prontitud para evitar una escalada en la conflictividad social.<\/p>\n<p class=\"\" data-start=\"1657\" data-end=\"1908\">Este tema evidencia, una vez m\u00e1s, la necesidad de implementar <strong data-start=\"1723\" data-end=\"1775\">acciones estructurales, sostenidas y coordinadas<\/strong> para la mitigaci\u00f3n de riesgos y la atenci\u00f3n integral de las demandas leg\u00edtimas de la ciudadan\u00eda, especialmente en zonas vulnerables.<\/p>\n<p class=\"\" data-start=\"1910\" data-end=\"2181\">Se espera que, en las pr\u00f3ximas horas, las instituciones responsables informen sobre el <strong data-start=\"1997\" data-end=\"2035\">inicio de los trabajos de remoci\u00f3n<\/strong>, como muestra de voluntad pol\u00edtica y responsabilidad ante una problem\u00e1tica que afecta directamente los derechos fundamentales de las comunidades.<\/p>\n","protected":false},"excerpt":{"rendered":"<p>En el puente sobre el r\u00edo Zamora paso a Zumbi, cant\u00f3n Centinela del C\u00f3ndor se realiz\u00f3 un plant\u00f3n que duro hasta las mismas horas de la tarde de este lunes 7 de abril de 2025. Las fuertes lluvias suscitadas y por las recurrentes inundaciones en sectores afectados por acumulaci\u00f3n de material minero, el d\u00eda de hoy lograron alcanzar un acuerdo provisional entre los manifestantes y las autoridades gubernamentales, el mismo que fue presenciado por actores comunitarios y representantes locales. El acuerdo establece un plazo improrrogable hasta las 08h00 del d\u00eda de ma\u00f1ana martes 8 de abril para que las entidades competentes movilicen maquinaria pesada y procedan al desalojo de los mont\u00edculos de material sedimentado, cuya presencia ha sido se\u00f1alada como una de las principales causas del estancamiento de aguas y afectaciones a la poblaci\u00f3n. Los manifestantes, en un gesto de apertura al di\u00e1logo y sensibilidad social, han accedido a suspender temporalmente las medidas de presi\u00f3n. No obstante, han dejado en claro que, en caso de incumplimiento por parte del Gobierno, la protesta se reactivar\u00e1 y se radicalizar\u00e1 a partir de las primeras horas del d\u00eda. Testigos presenciales, entre ellos l\u00edderes comunitarios, destacan el compromiso de la ciudadan\u00eda con la b\u00fasqueda de soluciones concretas, al mismo tiempo que exhortaron al Gobierno a honrar la palabra empe\u00f1ada y actuar con prontitud para evitar una escalada en la conflictividad social. Este tema evidencia, una vez m\u00e1s, la necesidad de implementar acciones estructurales, sostenidas y coordinadas para la mitigaci\u00f3n de riesgos y la atenci\u00f3n integral de las demandas leg\u00edtimas de la ciudadan\u00eda, especialmente en zonas vulnerables. Se espera que, en las pr\u00f3ximas horas, las instituciones responsables informen sobre el inicio de los trabajos de remoci\u00f3n, como muestra de voluntad pol\u00edtica y responsabilidad ante una problem\u00e1tica que afecta directamente los derechos fundamentales de las comunidades.<\/p>\n","protected":false},"author":1,"featured_media":22622,"comment_status":"open","ping_status":"open","sticky":false,"template":"","format":"standard","meta":{"footnotes":""},"categories":[243],"tags":[],"class_list":["post-22621","post","type-post","status-publish","format-standard","has-post-thumbnail","hentry","category-noticias-zamora"],"_links":{"self":[{"href":"https:\/\/www.elamazonico.com\/portal\/wp-json\/wp\/v2\/posts\/22621","targetHints":{"allow":["GET"]}}],"collection":[{"href":"https:\/\/www.elamazonico.com\/portal\/wp-json\/wp\/v2\/posts"}],"about":[{"href":"https:\/\/www.elamazonico.com\/portal\/wp-json\/wp\/v2\/types\/post"}],"author":[{"embeddable":true,"href":"https:\/\/www.elamazonico.com\/portal\/wp-json\/wp\/v2\/users\/1"}],"replies":[{"embeddable":true,"href":"https:\/\/www.elamazonico.com\/portal\/wp-json\/wp\/v2\/comments?post=22621"}],"version-history":[{"count":1,"href":"https:\/\/www.elamazonico.com\/portal\/wp-json\/wp\/v2\/posts\/22621\/revisions"}],"predecessor-version":[{"id":22623,"href":"https:\/\/www.elamazonico.com\/portal\/wp-json\/wp\/v2\/posts\/22621\/revisions\/22623"}],"wp:featuredmedia":[{"embeddable":true,"href":"https:\/\/www.elamazonico.com\/portal\/wp-json\/wp\/v2\/media\/22622"}],"wp:attachment":[{"href":"https:\/\/www.elamazonico.com\/portal\/wp-json\/wp\/v2\/media?parent=22621"}],"wp:term":[{"taxonomy":"category","embeddable":true,"href":"https:\/\/www.elamazonico.com\/portal\/wp-json\/wp\/v2\/categories?post=22621"},{"taxonomy":"post_tag","embeddable":true,"href":"https:\/\/www.elamazonico.com\/portal\/wp-json\/wp\/v2\/tags?post=22621"}],"curies":[{"name":"wp","href":"https:\/\/api.w.org\/{rel}","templated":true}]}}