{"id":22616,"date":"2025-04-07T15:28:39","date_gmt":"2025-04-07T20:28:39","guid":{"rendered":"https:\/\/www.elamazonico.com\/portal\/?p=22616"},"modified":"2025-04-08T10:03:34","modified_gmt":"2025-04-08T15:03:34","slug":"palanda-bajo-tierra-tragedia-memoria-y-resistencia-en-san-francisco-del-vergel","status":"publish","type":"post","link":"https:\/\/www.elamazonico.com\/portal\/palanda-bajo-tierra-tragedia-memoria-y-resistencia-en-san-francisco-del-vergel\/","title":{"rendered":"Palanda bajo tierra: tragedia, memoria y resistencia en San Francisco del Vergel"},"content":{"rendered":"<p class=\"\" data-start=\"169\" data-end=\"198\"><em data-start=\"169\" data-end=\"198\">Redacci\u00f3n El Amaz\u00f3nico<\/em><\/p>\n<p class=\"\" data-start=\"200\" data-end=\"684\">En la madrugada del s\u00e1bado 5 de abril, cuando los primeros rayos de luz apenas tocaban las monta\u00f1as del cant\u00f3n Palanda, la tierra se quebr\u00f3 con violencia en la v\u00eda Los \u00c1ngeles \u2013 San Juan de P\u00fanchis. Un alud de grandes proporciones sepult\u00f3 parte de la estrecha carretera rural, arrastrando consigo una ranchera de transporte p\u00fablico. El saldo fue desgarrador: tres personas fallecidas y dos heridas, entre ellas una madre y su hija menor de edad, quienes milagrosamente sobrevivieron.<\/p>\n<p class=\"\" data-start=\"686\" data-end=\"1217\">La tragedia conmocion\u00f3 a la comunidad de San Francisco del Vergel y a toda la provincia de Zamora Chinchipe. Edison Mor\u00e1n, habitante del sector, ofreci\u00f3 su testimonio a Diario <strong><em data-start=\"855\" data-end=\"869\">El Amaz\u00f3nico<\/em><\/strong> entre l\u00e1grimas contenidas y la firmeza de quien ha aprendido a resistir con dignidad: \u201cFue un estruendo seco, seguido de un silencio que hel\u00f3 la sangre. Corrimos al sitio sin saber qu\u00e9 \u00edbamos a encontrar\u201d. El relato, sencillo pero profundo, retrata el drama de cientos de familias que cada invierno conviven con la amenaza constante de la monta\u00f1a.<\/p>\n<p class=\"\" data-start=\"1219\" data-end=\"1636\">San Francisco del Vergel es una parroquia rural de belleza serena y relevancia hist\u00f3rica. Su nombre se remonta a los tiempos de los primeros pobladores que, maravillados por la fertilidad de sus tierras, encontraron en este lugar un aut\u00e9ntico vergel de zapotes, naranjas y limones. Hoy, pese a su potencial agr\u00edcola y su riqueza biol\u00f3gica, la zona enfrenta serios desaf\u00edos en materia de conectividad y seguridad vial.<\/p>\n<p class=\"\" data-start=\"1638\" data-end=\"2062\">El Vergel est\u00e1 conectado por dos v\u00edas de segundo orden que parten desde Valladolid y se unen hasta llegar al Alto Vergel. Sin embargo, estas rutas presentan un alto nivel de vulnerabilidad, como lo evidencia el reciente desastre. A esto se suma la construcci\u00f3n proyectada de una central hidroel\u00e9ctrica aleda\u00f1a, que ha generado inquietudes entre los moradores sobre el impacto ambiental y el posible agravamiento del terreno.<\/p>\n<p class=\"\" data-start=\"2064\" data-end=\"2570\">La emergencia no termin\u00f3 con el primer derrumbe. El domingo 6 de abril, mientras se esperaba el arribo de uno de los f\u00e9retros a la comunidad de San Francisco del Vergel, un segundo deslizamiento bloque\u00f3 la v\u00eda en el sector La Floresta, a la altura del sitio conocido como La Cruz. Esta vez, m\u00e1s de 100 metros de lodo y escombros sepultaron la carretera. La familia del fallecido que llevaron a realizar la autopsia en Loja a su regreso con el cuerpo, no pudieron pasar, y al d\u00eda siguiente, lo trasladaron a pie, sorteando un terreno altamente inestable.<\/p>\n<p class=\"\" data-start=\"2572\" data-end=\"2905\">La magnitud del desastre alcanz\u00f3 niveles alarmantes cuando una plataforma que transportaba una retroexcavadora \u2014enviada para despejar el paso\u2014 colaps\u00f3 junto con parte del terreno, sin que se registraran v\u00edctimas. No obstante, el hecho reflej\u00f3 con claridad la precariedad del sistema vial y el alto riesgo para los equipos de rescate.<\/p>\n<p class=\"\" data-start=\"2907\" data-end=\"3507\">La comunidad tambi\u00e9n lamenta p\u00e9rdidas econ\u00f3micas significativas. En el sector La Floresta, el productor V\u00edctor Antonio Jim\u00e9nez Jim\u00e9nez y su esposa Yenny Esperanza Jim\u00e9nez Ontaneda lo perdieron todo. El deslizamiento destruy\u00f3 sus chancheras, una molienda artesanal y valiosas herramientas agr\u00edcolas. Un total de 42 cerdos \u2014entre adultos y cr\u00edas\u2014 murieron, junto con un motor de moler ca\u00f1a, una picadora, un trapiche mec\u00e1nico y construcciones de crianza que sosten\u00edan su econom\u00eda familiar. \u201cNos quedamos sin nada, pero vivos\u201d, dijo don V\u00edctor, mientras mostraba las grietas que ahora surcan su terreno.<\/p>\n<p class=\"\" data-start=\"3509\" data-end=\"3884\">Las autoridades parroquiales, cantonales y provinciales han activado mecanismos de emergencia. La Prefectura de Zamora Chinchipe moviliz\u00f3 maquinaria para despejar las v\u00edas, pero la comunidad considera que los esfuerzos son a\u00fan insuficientes. Se exige la declaratoria de emergencia para el cant\u00f3n Palanda y la intervenci\u00f3n inmediata del Sistema Nacional de Gesti\u00f3n de Riesgos.<\/p>\n<p class=\"\" data-start=\"3886\" data-end=\"4201\">Desde las comunidades m\u00e1s remotas hasta los centros urbanos del cant\u00f3n, el mensaje es claro: no se trata \u00fanicamente de remover tierra y abrir caminos. Se requieren soluciones estructurales, inversiones sostenidas y un compromiso estatal que reconozca la fragilidad geogr\u00e1fica de zonas como San Francisco del Vergel.<\/p>\n<p class=\"\" data-start=\"4203\" data-end=\"4426\">La tierra ha hablado, y lo ha hecho con fuerza. Ahora corresponde a las autoridades y a la sociedad escuchar y actuar con la misma intrepidez\u00a0 con la que estas comunidades, una vez m\u00e1s, se levantan de entre los escombros.<\/p>\n","protected":false},"excerpt":{"rendered":"<p>Redacci\u00f3n El Amaz\u00f3nico En la madrugada del s\u00e1bado 5 de abril, cuando los primeros rayos de luz apenas tocaban las monta\u00f1as del cant\u00f3n Palanda, la tierra se quebr\u00f3 con violencia en la v\u00eda Los \u00c1ngeles \u2013 San Juan de P\u00fanchis. Un alud de grandes proporciones sepult\u00f3 parte de la estrecha carretera rural, arrastrando consigo una ranchera de transporte p\u00fablico. El saldo fue desgarrador: tres personas fallecidas y dos heridas, entre ellas una madre y su hija menor de edad, quienes milagrosamente sobrevivieron. La tragedia conmocion\u00f3 a la comunidad de San Francisco del Vergel y a toda la provincia de Zamora Chinchipe. Edison Mor\u00e1n, habitante del sector, ofreci\u00f3 su testimonio a Diario El Amaz\u00f3nico entre l\u00e1grimas contenidas y la firmeza de quien ha aprendido a resistir con dignidad: \u201cFue un estruendo seco, seguido de un silencio que hel\u00f3 la sangre. Corrimos al sitio sin saber qu\u00e9 \u00edbamos a encontrar\u201d. El relato, sencillo pero profundo, retrata el drama de cientos de familias que cada invierno conviven con la amenaza constante de la monta\u00f1a. San Francisco del Vergel es una parroquia rural de belleza serena y relevancia hist\u00f3rica. Su nombre se remonta a los tiempos de los primeros pobladores que, maravillados por la fertilidad de sus tierras, encontraron en este lugar un aut\u00e9ntico vergel de zapotes, naranjas y limones. Hoy, pese a su potencial agr\u00edcola y su riqueza biol\u00f3gica, la zona enfrenta serios desaf\u00edos en materia de conectividad y seguridad vial. El Vergel est\u00e1 conectado por dos v\u00edas de segundo orden que parten desde Valladolid y se unen hasta llegar al Alto Vergel. Sin embargo, estas rutas presentan un alto nivel de vulnerabilidad, como lo evidencia el reciente desastre. A esto se suma la construcci\u00f3n proyectada de una central hidroel\u00e9ctrica aleda\u00f1a, que ha generado inquietudes entre los moradores sobre el impacto ambiental y el posible agravamiento del terreno. La emergencia no termin\u00f3 con el primer derrumbe. El domingo 6 de abril, mientras se esperaba el arribo de uno de los f\u00e9retros a la comunidad de San Francisco del Vergel, un segundo deslizamiento bloque\u00f3 la v\u00eda en el sector La Floresta, a la altura del sitio conocido como La Cruz. Esta vez, m\u00e1s de 100 metros de lodo y escombros sepultaron la carretera. La familia del fallecido que llevaron a realizar la autopsia en Loja a su regreso con el cuerpo, no pudieron pasar, y al d\u00eda siguiente, lo trasladaron a pie, sorteando un terreno altamente inestable. La magnitud del desastre alcanz\u00f3 niveles alarmantes cuando una plataforma que transportaba una retroexcavadora \u2014enviada para despejar el paso\u2014 colaps\u00f3 junto con parte del terreno, sin que se registraran v\u00edctimas. No obstante, el hecho reflej\u00f3 con claridad la precariedad del sistema vial y el alto riesgo para los equipos de rescate. La comunidad tambi\u00e9n lamenta p\u00e9rdidas econ\u00f3micas significativas. En el sector La Floresta, el productor V\u00edctor Antonio Jim\u00e9nez Jim\u00e9nez y su esposa Yenny Esperanza Jim\u00e9nez Ontaneda lo perdieron todo. El deslizamiento destruy\u00f3 sus chancheras, una molienda artesanal y valiosas herramientas agr\u00edcolas. Un total de 42 cerdos \u2014entre adultos y cr\u00edas\u2014 murieron, junto con un motor de moler ca\u00f1a, una picadora, un trapiche mec\u00e1nico y construcciones de crianza que sosten\u00edan su econom\u00eda familiar. \u201cNos quedamos sin nada, pero vivos\u201d, dijo don V\u00edctor, mientras mostraba las grietas que ahora surcan su terreno. Las autoridades parroquiales, cantonales y provinciales han activado mecanismos de emergencia. La Prefectura de Zamora Chinchipe moviliz\u00f3 maquinaria para despejar las v\u00edas, pero la comunidad considera que los esfuerzos son a\u00fan insuficientes. Se exige la declaratoria de emergencia para el cant\u00f3n Palanda y la intervenci\u00f3n inmediata del Sistema Nacional de Gesti\u00f3n de Riesgos. Desde las comunidades m\u00e1s remotas hasta los centros urbanos del cant\u00f3n, el mensaje es claro: no se trata \u00fanicamente de remover tierra y abrir caminos. Se requieren soluciones estructurales, inversiones sostenidas y un compromiso estatal que reconozca la fragilidad geogr\u00e1fica de zonas como San Francisco del Vergel. La tierra ha hablado, y lo ha hecho con fuerza. Ahora corresponde a las autoridades y a la sociedad escuchar y actuar con la misma intrepidez\u00a0 con la que estas comunidades, una vez m\u00e1s, se levantan de entre los escombros.<\/p>\n","protected":false},"author":1,"featured_media":22617,"comment_status":"open","ping_status":"open","sticky":false,"template":"","format":"standard","meta":{"footnotes":""},"categories":[243],"tags":[],"class_list":["post-22616","post","type-post","status-publish","format-standard","has-post-thumbnail","hentry","category-noticias-zamora"],"_links":{"self":[{"href":"https:\/\/www.elamazonico.com\/portal\/wp-json\/wp\/v2\/posts\/22616","targetHints":{"allow":["GET"]}}],"collection":[{"href":"https:\/\/www.elamazonico.com\/portal\/wp-json\/wp\/v2\/posts"}],"about":[{"href":"https:\/\/www.elamazonico.com\/portal\/wp-json\/wp\/v2\/types\/post"}],"author":[{"embeddable":true,"href":"https:\/\/www.elamazonico.com\/portal\/wp-json\/wp\/v2\/users\/1"}],"replies":[{"embeddable":true,"href":"https:\/\/www.elamazonico.com\/portal\/wp-json\/wp\/v2\/comments?post=22616"}],"version-history":[{"count":4,"href":"https:\/\/www.elamazonico.com\/portal\/wp-json\/wp\/v2\/posts\/22616\/revisions"}],"predecessor-version":[{"id":22628,"href":"https:\/\/www.elamazonico.com\/portal\/wp-json\/wp\/v2\/posts\/22616\/revisions\/22628"}],"wp:featuredmedia":[{"embeddable":true,"href":"https:\/\/www.elamazonico.com\/portal\/wp-json\/wp\/v2\/media\/22617"}],"wp:attachment":[{"href":"https:\/\/www.elamazonico.com\/portal\/wp-json\/wp\/v2\/media?parent=22616"}],"wp:term":[{"taxonomy":"category","embeddable":true,"href":"https:\/\/www.elamazonico.com\/portal\/wp-json\/wp\/v2\/categories?post=22616"},{"taxonomy":"post_tag","embeddable":true,"href":"https:\/\/www.elamazonico.com\/portal\/wp-json\/wp\/v2\/tags?post=22616"}],"curies":[{"name":"wp","href":"https:\/\/api.w.org\/{rel}","templated":true}]}}