{"id":22606,"date":"2025-04-07T11:52:17","date_gmt":"2025-04-07T16:52:17","guid":{"rendered":"https:\/\/www.elamazonico.com\/portal\/?p=22606"},"modified":"2025-04-07T11:52:17","modified_gmt":"2025-04-07T16:52:17","slug":"mujeres-lideresas-con-compromiso-hacia-la-comunidad-zamora-chinchipe","status":"publish","type":"post","link":"https:\/\/www.elamazonico.com\/portal\/mujeres-lideresas-con-compromiso-hacia-la-comunidad-zamora-chinchipe\/","title":{"rendered":"Mujeres lideresas con compromiso hacia la comunidad Zamora Chinchipe"},"content":{"rendered":"<p>En un esfuerzo por mejorar la gesti\u00f3n p\u00fablica y privada, fortaleciendo el v\u00ednculo con la ciudadan\u00eda y la efectiva participaci\u00f3n de mujeres lideresas, de la provincia de Zamora Chinchipe, que hoy ocupan cargos de elecci\u00f3n y direcci\u00f3n, han compartido sus avances, retos y compromisos en sus respectivas funciones. Desde la legislaci\u00f3n hasta el desarrollo local, cada representante trabaja incansablemente para impulsar el bienestar de la comunidad.<\/p>\n<p><strong>\u00a0<\/strong><strong>Anabell Salinas Cueva, Supervisora de Responsabilidad Social y Comunidades en Lundin Gold- Los Encuentros, Zamora Chinchipe<\/strong><\/p>\n<p>Anabell Salinas Cueva, promueve la sostenibilidad de la operaci\u00f3n de la mina Fruta del Norte y trabaja en el fortalecimiento de las relaciones con las comunidades cercanas. Su gesti\u00f3n incluye el dise\u00f1o e implementaci\u00f3n de programas de desarrollo comunitario con \u00e9nfasis en educaci\u00f3n, salud, cuidado ambiental y emprendimientos locales, que responden a la Estrategia de Sostenibilidad de la Compa\u00f1\u00eda.<\/p>\n<p>Salinas establece di\u00e1logos con l\u00edderes comunitarios y autoridades locales para entender sus preocupaciones y sumar esfuerzos para encontrar soluciones conjuntas. A pesar de enfrentar retos como la resistencia a la actividad minera, ha desarrollado una serie de estrategias que han logrado crear confianza y transparencia con las comunidades.<\/p>\n<p>Durante el evento, las participantes tuvieron la oportunidad de conocer de cerca las responsabilidades y desaf\u00edos que enfrentan las mujeres en posiciones de liderazgo. Las compa\u00f1eras beneficiarias, se\u00f1alaron que la capacidad de Anabell Salinas demuestra dedicaci\u00f3n y profesionalismo, manifestaron que, compartieron valiosas lecciones y herramientas para avanzar en un entorno que a menudo presenta barreras para las mujeres. <em>\u00abEl liderazgo femenino es un viaje de autoconfianza y crecimiento; es actitud y acci\u00f3n, hay que avanzar con determinaci\u00f3n, demostrando capacidad y generando impacto positivo\u00bb<\/em>, fue el lema que reson\u00f3 entre las asistentes, enfatizando la importancia de la solidaridad y el apoyo mutuo en la lucha por la equidad de g\u00e9nero.<\/p>\n<p><strong>\u00a0<\/strong><\/p>\n<p><strong>Testimonios beneficiarias: <\/strong><\/p>\n<ul>\n<li><strong>Julissa Berm\u00fadez:<\/strong> \u201cUno de los aprendizajes fue que nunca debemos desistir, a pesar de tener un proceso dif\u00edcil, debemos disfrutar al m\u00e1ximo de las lecciones que afrontamos, ya que no solo la voluntad es \u00fatil para cumplir tus sue\u00f1os sino trabajar con firmeza hasta lograrlo\u00a0e\u00a0ir\u00a0por\u00a0m\u00e1s\u201d.<\/li>\n<\/ul>\n<p>&nbsp;<\/p>\n<ul>\n<li><strong>Alison Jim\u00e9nez:<\/strong> \u201cDurante toda la actividad me sent\u00ed muy c\u00f3moda, emocionada e incluso sorprendida por todo el trabajo arduo que lleva a cabo Anabell Salinas y su capacidad de delegar y lograr el 100% de eficiencia y eficacia. A esto se suma el apoyo que existe dentro de su ambiente laboral, algo que gener\u00f3 en mi mucha tranquilidad\u00a0y\u00a0confianza\u201d.<\/li>\n<\/ul>\n<p>El Ministerio de la Mujer y Derechos Humanos, la Asociaci\u00f3n Coordinadora Pol\u00edtica de Mujeres Ecuatorianas Zamora-Chinchipe y el Centro de atenci\u00f3n integral a v\u00edctimas de violencia de g\u00e9nero Mujer de Luz, trabajan incansablemente para promover el respeto hacia los derechos humanos, en especial el derecho a la igualdad. Este evento represent\u00f3 un testimonio del esfuerzo colectivo para aprender a liderar procesos y dejar un legado de trabajo y honestidad en nuestras acciones. Aspiramos que las mujeres que han alcanzado estas posiciones de poder y liderazgo contin\u00faen inspirando a las futuras generaciones, rompiendo techos de cristal y demostrando que, juntas, podemos lograr un cambio significativo en nuestra sociedad.<\/p>\n<p>Agradecemos a todas las participantes, ponentes y organizadores que hicieron posible este evento. Juntas, seguiremos trabajando por un futuro donde la igualdad de g\u00e9nero sea una realidad en todos los \u00e1mbitos.<\/p>\n<p><strong>\u00a0<\/strong><\/p>\n","protected":false},"excerpt":{"rendered":"<p>En un esfuerzo por mejorar la gesti\u00f3n p\u00fablica y privada, fortaleciendo el v\u00ednculo con la ciudadan\u00eda y la efectiva participaci\u00f3n de mujeres lideresas, de la provincia de Zamora Chinchipe, que hoy ocupan cargos de elecci\u00f3n y direcci\u00f3n, han compartido sus avances, retos y compromisos en sus respectivas funciones. Desde la legislaci\u00f3n hasta el desarrollo local, cada representante trabaja incansablemente para impulsar el bienestar de la comunidad. \u00a0Anabell Salinas Cueva, Supervisora de Responsabilidad Social y Comunidades en Lundin Gold- Los Encuentros, Zamora Chinchipe Anabell Salinas Cueva, promueve la sostenibilidad de la operaci\u00f3n de la mina Fruta del Norte y trabaja en el fortalecimiento de las relaciones con las comunidades cercanas. Su gesti\u00f3n incluye el dise\u00f1o e implementaci\u00f3n de programas de desarrollo comunitario con \u00e9nfasis en educaci\u00f3n, salud, cuidado ambiental y emprendimientos locales, que responden a la Estrategia de Sostenibilidad de la Compa\u00f1\u00eda. Salinas establece di\u00e1logos con l\u00edderes comunitarios y autoridades locales para entender sus preocupaciones y sumar esfuerzos para encontrar soluciones conjuntas. A pesar de enfrentar retos como la resistencia a la actividad minera, ha desarrollado una serie de estrategias que han logrado crear confianza y transparencia con las comunidades. Durante el evento, las participantes tuvieron la oportunidad de conocer de cerca las responsabilidades y desaf\u00edos que enfrentan las mujeres en posiciones de liderazgo. Las compa\u00f1eras beneficiarias, se\u00f1alaron que la capacidad de Anabell Salinas demuestra dedicaci\u00f3n y profesionalismo, manifestaron que, compartieron valiosas lecciones y herramientas para avanzar en un entorno que a menudo presenta barreras para las mujeres. \u00abEl liderazgo femenino es un viaje de autoconfianza y crecimiento; es actitud y acci\u00f3n, hay que avanzar con determinaci\u00f3n, demostrando capacidad y generando impacto positivo\u00bb, fue el lema que reson\u00f3 entre las asistentes, enfatizando la importancia de la solidaridad y el apoyo mutuo en la lucha por la equidad de g\u00e9nero. \u00a0 Testimonios beneficiarias: Julissa Berm\u00fadez: \u201cUno de los aprendizajes fue que nunca debemos desistir, a pesar de tener un proceso dif\u00edcil, debemos disfrutar al m\u00e1ximo de las lecciones que afrontamos, ya que no solo la voluntad es \u00fatil para cumplir tus sue\u00f1os sino trabajar con firmeza hasta lograrlo\u00a0e\u00a0ir\u00a0por\u00a0m\u00e1s\u201d. &nbsp; Alison Jim\u00e9nez: \u201cDurante toda la actividad me sent\u00ed muy c\u00f3moda, emocionada e incluso sorprendida por todo el trabajo arduo que lleva a cabo Anabell Salinas y su capacidad de delegar y lograr el 100% de eficiencia y eficacia. A esto se suma el apoyo que existe dentro de su ambiente laboral, algo que gener\u00f3 en mi mucha tranquilidad\u00a0y\u00a0confianza\u201d. El Ministerio de la Mujer y Derechos Humanos, la Asociaci\u00f3n Coordinadora Pol\u00edtica de Mujeres Ecuatorianas Zamora-Chinchipe y el Centro de atenci\u00f3n integral a v\u00edctimas de violencia de g\u00e9nero Mujer de Luz, trabajan incansablemente para promover el respeto hacia los derechos humanos, en especial el derecho a la igualdad. Este evento represent\u00f3 un testimonio del esfuerzo colectivo para aprender a liderar procesos y dejar un legado de trabajo y honestidad en nuestras acciones. Aspiramos que las mujeres que han alcanzado estas posiciones de poder y liderazgo contin\u00faen inspirando a las futuras generaciones, rompiendo techos de cristal y demostrando que, juntas, podemos lograr un cambio significativo en nuestra sociedad. Agradecemos a todas las participantes, ponentes y organizadores que hicieron posible este evento. Juntas, seguiremos trabajando por un futuro donde la igualdad de g\u00e9nero sea una realidad en todos los \u00e1mbitos. \u00a0<\/p>\n","protected":false},"author":1,"featured_media":22607,"comment_status":"open","ping_status":"open","sticky":false,"template":"","format":"standard","meta":{"footnotes":""},"categories":[243],"tags":[],"class_list":["post-22606","post","type-post","status-publish","format-standard","has-post-thumbnail","hentry","category-noticias-zamora"],"_links":{"self":[{"href":"https:\/\/www.elamazonico.com\/portal\/wp-json\/wp\/v2\/posts\/22606","targetHints":{"allow":["GET"]}}],"collection":[{"href":"https:\/\/www.elamazonico.com\/portal\/wp-json\/wp\/v2\/posts"}],"about":[{"href":"https:\/\/www.elamazonico.com\/portal\/wp-json\/wp\/v2\/types\/post"}],"author":[{"embeddable":true,"href":"https:\/\/www.elamazonico.com\/portal\/wp-json\/wp\/v2\/users\/1"}],"replies":[{"embeddable":true,"href":"https:\/\/www.elamazonico.com\/portal\/wp-json\/wp\/v2\/comments?post=22606"}],"version-history":[{"count":1,"href":"https:\/\/www.elamazonico.com\/portal\/wp-json\/wp\/v2\/posts\/22606\/revisions"}],"predecessor-version":[{"id":22608,"href":"https:\/\/www.elamazonico.com\/portal\/wp-json\/wp\/v2\/posts\/22606\/revisions\/22608"}],"wp:featuredmedia":[{"embeddable":true,"href":"https:\/\/www.elamazonico.com\/portal\/wp-json\/wp\/v2\/media\/22607"}],"wp:attachment":[{"href":"https:\/\/www.elamazonico.com\/portal\/wp-json\/wp\/v2\/media?parent=22606"}],"wp:term":[{"taxonomy":"category","embeddable":true,"href":"https:\/\/www.elamazonico.com\/portal\/wp-json\/wp\/v2\/categories?post=22606"},{"taxonomy":"post_tag","embeddable":true,"href":"https:\/\/www.elamazonico.com\/portal\/wp-json\/wp\/v2\/tags?post=22606"}],"curies":[{"name":"wp","href":"https:\/\/api.w.org\/{rel}","templated":true}]}}