{"id":22500,"date":"2025-04-03T07:31:03","date_gmt":"2025-04-03T12:31:03","guid":{"rendered":"https:\/\/www.elamazonico.com\/portal\/?p=22500"},"modified":"2025-04-03T07:31:03","modified_gmt":"2025-04-03T12:31:03","slug":"la-inseguridad-en-el-ecuador","status":"publish","type":"post","link":"https:\/\/www.elamazonico.com\/portal\/la-inseguridad-en-el-ecuador\/","title":{"rendered":"La inseguridad en el Ecuador"},"content":{"rendered":"<p><strong>Por Mario Paz, docente, Mgs.<\/strong><\/p>\n<p>El Presidente Daniel Noboa Az\u00edn en su plan de trabajo del 2023 ofreci\u00f3 disminuir los altos indicadores de inseguridad en el Ecuador, que en los \u00faltimos 6 a\u00f1os ha afectado la econom\u00eda y la tranquilidad de los ecuatorianos. Para que el lector haga su propio an\u00e1lisis, les comparto las tasas de homicidios por cada 100.000 habitantes de los \u00faltimos 25 a\u00f1os en nuestro pa\u00eds (2000 hasta el 2025)<\/p>\n<p>El presidente Jamil Mahuad Witt, dej\u00f3 su mandato el 21 de enero\/2001 con una tasa de homicidios de <strong>14,45<\/strong> por cada 100.000 habitantes. El presidente Gustavo Noboa Bejarano, dej\u00f3 su mandato el 15 de enero\/2003 con una tasa de homicidios de <strong>14,51<\/strong> por cada 100,000 habitantes. El presidente Lucio Guti\u00e9rrez Borb\u00faa, dej\u00f3 su mandato el 20 de abril\/2005 con una tasa de homicidios de <strong>17,58<\/strong> por cada 100,000 habitantes. El presidente Alfredo Palacio Gonz\u00e1lez, dej\u00f3 su mandato el 15 de enero\/2007 con una tasa de homicidios de <strong>16,96<\/strong> por cada 100,000 habitantes. El presidente Rafael Correa Delgado, dej\u00f3 su mandato el 24 de mayo\/2017 con una tasa de homicidios de <strong>5,81<\/strong> por cada 100,000 habitantes; el Ecuador fue el segundo pa\u00eds m\u00e1s seguro de la regi\u00f3n, s\u00f3lo superado por Chile, la \u00a0disminuci\u00f3n de la tasa de homicidios se debi\u00f3 en gran parte a la implementaci\u00f3n del Plan Nacional de Seguridad Integral. El presidente Lenin Moreno Garc\u00e9s, dej\u00f3 su mandato el 24 de mayo\/2021 con una tasa de homicidios de <strong>14,77<\/strong> por cada 100,000 habitantes. El presidente Guillermo Lasso Mendoza, dej\u00f3 su mandato el 23 de noviembre\/2023 con una tasa de homicidios de <strong>47,25<\/strong> por cada 100,000 habitantes. El presidente Daniel Noboa Az\u00edn, culmina su mandato el 24 de mayo\/2025.\u00a0 En enero de 2025 se registraron 781 homicidios, (276) m\u00e1s que los registrados en enero de\u00a0 2024 y en\u00a0 febrero de 2025 se registraron 736 muertes violentas, un 90% m\u00e1s que en febrero de 2024 (387 casos).\u00a0 El primer bimestre de a\u00f1o 2025 es el m\u00e1s violento de la historia de Ecuador.<\/p>\n<p>La inseguridad es un fen\u00f3meno multicausal que no se resuelve atacando los efectos, sino las causas, ah\u00ed radica el error de nuestros\u00a0 gobernantes al pensar que la soluci\u00f3n al problema de inseguridad se resuelve con estados de excepci\u00f3n, de hecho los expertos en seguridad explican que no hay ninguna evidencia que la militarizaci\u00f3n de las calles reduzca los niveles de delincuenci@. Es fundamental revisar algunos indicadores sociales, que ha diciembre de 2024, ubica a la pobreza en Ecuador en el 28% (ingresos menores a 91,43 d\u00f3lares al mes) y que representa 5,2 millones de personas y la pobreza extrema del 12,7% (ingresos menores a 51,53 d\u00f3lares al mes) que representa 2,4 millones de personas que viven en esta situaci\u00f3n.\u00a0 En cuanto al empleo, el\u00a0 33,7% de personas tenemos empleo adecuado (3 de cada 10 personas) y la tasa de empleo informal fue de 58%, la m\u00e1s alta de los \u00faltimos 20 a\u00f1os. En 2024.\u00a0 La crisis energ\u00e9tica provoc\u00f3 la p\u00e9rdida de 249.000 empleos, adicionalmente se estima que 72.644 estudiantes han abandonado el sistema educativo.<\/p>\n<p>Aqu\u00ed est\u00e1n algunas causas que provocan la inseguridad, que deben ser resueltos con decisi\u00f3n pol\u00edtica de invertir en educaci\u00f3n, salud, programas sociales, generaci\u00f3n de empleo, disminuci\u00f3n de la pobreza y extrema pobreza, porque los sectores marginados por el estado son el caldo de cultivo para el crimen organizado; adem\u00e1s es fundamental controlar el narcotr\u00e1fico, el lavado de activos, equipar con tecnolog\u00eda de punta y capacitar\u00a0 a la Polic\u00eda, Ej\u00e9rcito, Funci\u00f3n Judicial y\u00a0 realizar una depuraci\u00f3n de los funcionarios corruptos de estas instituciones y de los pol\u00edticos corruptos que protegen al crimen organizado.<\/p>\n<p>La inseguridad que vivimos ha perjudicado a todos los ciudadanos, pero fundamentalmente a los productores, emprendedores, comerciantes y empresarios que est\u00e1n obligados a pagar \u201cvacunas\u201d a las organizaciones delictiv@s, la extorci\u00f3n asfixia la econom\u00eda. Por temor a la inseguridad,\u00a0 las personas ya no salen a disfrutar en familia de los espacios p\u00fablicos y privados, provocando la disminuci\u00f3n de la venta de bienes y servicios.<\/p>\n<p>Por lo expuesto, es urgente que los recursos econ\u00f3micos de los 3 puntos del incremento del IVA, la aprobaci\u00f3n de las 9 preguntas del eje de seguridad de la consulta popular y refer\u00e9ndum y la aprobaci\u00f3n de los proyectos de ley\u00a0 por parte de la Asamblea Nacional relacionadas a la lucha contra la inseguridad, sirvan para que junto al liderazgo y pol\u00edticas p\u00fablicas que deben ser aplicadas por los diferentes niveles de gobierno permitan hacer efectivo el compromiso de disminuir los altos indicadores de inseguridad y recuperar el control del pa\u00eds para garantizar la seguridad de los ciudadanos\u00a0 y reactivar la econom\u00eda.<\/p>\n","protected":false},"excerpt":{"rendered":"<p>Por Mario Paz, docente, Mgs. El Presidente Daniel Noboa Az\u00edn en su plan de trabajo del 2023 ofreci\u00f3 disminuir los altos indicadores de inseguridad en el Ecuador, que en los \u00faltimos 6 a\u00f1os ha afectado la econom\u00eda y la tranquilidad de los ecuatorianos. Para que el lector haga su propio an\u00e1lisis, les comparto las tasas de homicidios por cada 100.000 habitantes de los \u00faltimos 25 a\u00f1os en nuestro pa\u00eds (2000 hasta el 2025) El presidente Jamil Mahuad Witt, dej\u00f3 su mandato el 21 de enero\/2001 con una tasa de homicidios de 14,45 por cada 100.000 habitantes. El presidente Gustavo Noboa Bejarano, dej\u00f3 su mandato el 15 de enero\/2003 con una tasa de homicidios de 14,51 por cada 100,000 habitantes. El presidente Lucio Guti\u00e9rrez Borb\u00faa, dej\u00f3 su mandato el 20 de abril\/2005 con una tasa de homicidios de 17,58 por cada 100,000 habitantes. El presidente Alfredo Palacio Gonz\u00e1lez, dej\u00f3 su mandato el 15 de enero\/2007 con una tasa de homicidios de 16,96 por cada 100,000 habitantes. El presidente Rafael Correa Delgado, dej\u00f3 su mandato el 24 de mayo\/2017 con una tasa de homicidios de 5,81 por cada 100,000 habitantes; el Ecuador fue el segundo pa\u00eds m\u00e1s seguro de la regi\u00f3n, s\u00f3lo superado por Chile, la \u00a0disminuci\u00f3n de la tasa de homicidios se debi\u00f3 en gran parte a la implementaci\u00f3n del Plan Nacional de Seguridad Integral. El presidente Lenin Moreno Garc\u00e9s, dej\u00f3 su mandato el 24 de mayo\/2021 con una tasa de homicidios de 14,77 por cada 100,000 habitantes. El presidente Guillermo Lasso Mendoza, dej\u00f3 su mandato el 23 de noviembre\/2023 con una tasa de homicidios de 47,25 por cada 100,000 habitantes. El presidente Daniel Noboa Az\u00edn, culmina su mandato el 24 de mayo\/2025.\u00a0 En enero de 2025 se registraron 781 homicidios, (276) m\u00e1s que los registrados en enero de\u00a0 2024 y en\u00a0 febrero de 2025 se registraron 736 muertes violentas, un 90% m\u00e1s que en febrero de 2024 (387 casos).\u00a0 El primer bimestre de a\u00f1o 2025 es el m\u00e1s violento de la historia de Ecuador. La inseguridad es un fen\u00f3meno multicausal que no se resuelve atacando los efectos, sino las causas, ah\u00ed radica el error de nuestros\u00a0 gobernantes al pensar que la soluci\u00f3n al problema de inseguridad se resuelve con estados de excepci\u00f3n, de hecho los expertos en seguridad explican que no hay ninguna evidencia que la militarizaci\u00f3n de las calles reduzca los niveles de delincuenci@. Es fundamental revisar algunos indicadores sociales, que ha diciembre de 2024, ubica a la pobreza en Ecuador en el 28% (ingresos menores a 91,43 d\u00f3lares al mes) y que representa 5,2 millones de personas y la pobreza extrema del 12,7% (ingresos menores a 51,53 d\u00f3lares al mes) que representa 2,4 millones de personas que viven en esta situaci\u00f3n.\u00a0 En cuanto al empleo, el\u00a0 33,7% de personas tenemos empleo adecuado (3 de cada 10 personas) y la tasa de empleo informal fue de 58%, la m\u00e1s alta de los \u00faltimos 20 a\u00f1os. En 2024.\u00a0 La crisis energ\u00e9tica provoc\u00f3 la p\u00e9rdida de 249.000 empleos, adicionalmente se estima que 72.644 estudiantes han abandonado el sistema educativo. Aqu\u00ed est\u00e1n algunas causas que provocan la inseguridad, que deben ser resueltos con decisi\u00f3n pol\u00edtica de invertir en educaci\u00f3n, salud, programas sociales, generaci\u00f3n de empleo, disminuci\u00f3n de la pobreza y extrema pobreza, porque los sectores marginados por el estado son el caldo de cultivo para el crimen organizado; adem\u00e1s es fundamental controlar el narcotr\u00e1fico, el lavado de activos, equipar con tecnolog\u00eda de punta y capacitar\u00a0 a la Polic\u00eda, Ej\u00e9rcito, Funci\u00f3n Judicial y\u00a0 realizar una depuraci\u00f3n de los funcionarios corruptos de estas instituciones y de los pol\u00edticos corruptos que protegen al crimen organizado. La inseguridad que vivimos ha perjudicado a todos los ciudadanos, pero fundamentalmente a los productores, emprendedores, comerciantes y empresarios que est\u00e1n obligados a pagar \u201cvacunas\u201d a las organizaciones delictiv@s, la extorci\u00f3n asfixia la econom\u00eda. Por temor a la inseguridad,\u00a0 las personas ya no salen a disfrutar en familia de los espacios p\u00fablicos y privados, provocando la disminuci\u00f3n de la venta de bienes y servicios. Por lo expuesto, es urgente que los recursos econ\u00f3micos de los 3 puntos del incremento del IVA, la aprobaci\u00f3n de las 9 preguntas del eje de seguridad de la consulta popular y refer\u00e9ndum y la aprobaci\u00f3n de los proyectos de ley\u00a0 por parte de la Asamblea Nacional relacionadas a la lucha contra la inseguridad, sirvan para que junto al liderazgo y pol\u00edticas p\u00fablicas que deben ser aplicadas por los diferentes niveles de gobierno permitan hacer efectivo el compromiso de disminuir los altos indicadores de inseguridad y recuperar el control del pa\u00eds para garantizar la seguridad de los ciudadanos\u00a0 y reactivar la econom\u00eda.<\/p>\n","protected":false},"author":1,"featured_media":22501,"comment_status":"open","ping_status":"open","sticky":false,"template":"","format":"standard","meta":{"footnotes":""},"categories":[7],"tags":[],"class_list":["post-22500","post","type-post","status-publish","format-standard","has-post-thumbnail","hentry","category-opinion"],"_links":{"self":[{"href":"https:\/\/www.elamazonico.com\/portal\/wp-json\/wp\/v2\/posts\/22500","targetHints":{"allow":["GET"]}}],"collection":[{"href":"https:\/\/www.elamazonico.com\/portal\/wp-json\/wp\/v2\/posts"}],"about":[{"href":"https:\/\/www.elamazonico.com\/portal\/wp-json\/wp\/v2\/types\/post"}],"author":[{"embeddable":true,"href":"https:\/\/www.elamazonico.com\/portal\/wp-json\/wp\/v2\/users\/1"}],"replies":[{"embeddable":true,"href":"https:\/\/www.elamazonico.com\/portal\/wp-json\/wp\/v2\/comments?post=22500"}],"version-history":[{"count":1,"href":"https:\/\/www.elamazonico.com\/portal\/wp-json\/wp\/v2\/posts\/22500\/revisions"}],"predecessor-version":[{"id":22502,"href":"https:\/\/www.elamazonico.com\/portal\/wp-json\/wp\/v2\/posts\/22500\/revisions\/22502"}],"wp:featuredmedia":[{"embeddable":true,"href":"https:\/\/www.elamazonico.com\/portal\/wp-json\/wp\/v2\/media\/22501"}],"wp:attachment":[{"href":"https:\/\/www.elamazonico.com\/portal\/wp-json\/wp\/v2\/media?parent=22500"}],"wp:term":[{"taxonomy":"category","embeddable":true,"href":"https:\/\/www.elamazonico.com\/portal\/wp-json\/wp\/v2\/categories?post=22500"},{"taxonomy":"post_tag","embeddable":true,"href":"https:\/\/www.elamazonico.com\/portal\/wp-json\/wp\/v2\/tags?post=22500"}],"curies":[{"name":"wp","href":"https:\/\/api.w.org\/{rel}","templated":true}]}}