{"id":22489,"date":"2025-04-02T17:20:34","date_gmt":"2025-04-02T22:20:34","guid":{"rendered":"https:\/\/www.elamazonico.com\/portal\/?p=22489"},"modified":"2025-04-02T17:20:34","modified_gmt":"2025-04-02T22:20:34","slug":"alias-fito-podria-enfrentar-cadena-perpetua-tras-acusacion-en-ee-uu-esto-revela-la-investigacion-contra-el-cabecilla","status":"publish","type":"post","link":"https:\/\/www.elamazonico.com\/portal\/alias-fito-podria-enfrentar-cadena-perpetua-tras-acusacion-en-ee-uu-esto-revela-la-investigacion-contra-el-cabecilla\/","title":{"rendered":"Alias Fito podr\u00eda enfrentar cadena perpetua tras acusaci\u00f3n en EE.UU.: esto revela la investigaci\u00f3n contra el cabecilla"},"content":{"rendered":"<div class=\"paragraph texto\">\n<p class=\"p_0\">Desde hoy, el criminal pr\u00f3fugo Jos\u00e9 Adolfo \u201c<b><a href=\"https:\/\/www.vistazo.com\/cronologia\/-\/meta\/alias-fito\" target=\"_blank\" rel=\"noopener noreferrer\">Fito<\/a><\/b>\u201d Mac\u00edas Villamar es requerido por la\u00a0<b>justicia estadounidense<\/b>, seg\u00fan inform\u00f3 la embajada de Estados Unidos. Podr\u00eda enfrentar\u00a0<b>cadena perpetua<\/b>\u00a0por cargos internacionales de drogas narcotr\u00e1fico y tr\u00e1fico de armas<\/p>\n<p class=\"p_1\">Los\u00a0<b>cargos\u00a0<\/b>fueron anunciados la ma\u00f1ana de este mi\u00e9rcoles 2 de abril por el fiscal de los Estados Unidos para el Distrito Este de Nueva York, John Durham; el administrador de la oficina de la DEA, Derek Maltz; y otras autoridades responsables de la pol\u00edtica de\u00a0<b>seguridad\u00a0<\/b>en este pa\u00eds.<\/p>\n<p class=\"p_3\">No obstante, el comunicado aclar\u00f3 que alias Fito \u201c<u>no se encuentra en\u00a0<\/u><u><b>custodia\u00a0<\/b><\/u><u>de los Estados Unidos<\/u>\u201d.<\/p>\n<div class=\"Center2Display\"><strong>Fito podr\u00eda recibir cadena perpetua<\/strong><\/div>\n<\/div>\n<div class=\"paragraph texto\">\n<p class=\"p_4\">\u201cEl acusado fue un despiadado l\u00edder y prol\u00edfico traficante de drogas para una organizaci\u00f3n criminal violenta\u201d, se\u00f1ala el documento oficial que sustenta la acusaci\u00f3n.<\/p>\n<p class=\"p_5\">El informe tambi\u00e9n indica que Mac\u00edas Villamar encabez\u00f3 la red de Los Choneros, responsable de m\u00faltiples cr\u00edmenes, as\u00ed como del tr\u00e1fico de armas y drogas.<\/p>\n<p class=\"p_6\">\u201cCantidades potencialmente\u00a0<b>letales\u00a0<\/b>de\u00a0<b>coca\u00edna\u00a0<\/b>fueron llevadas a los Estados Unidos, que fue el destino principal para la gran mayor\u00eda de los embarques de droga de Los Choneros\u201d, detall\u00f3 el fiscal Durham, quien destac\u00f3 los esfuerzos conjuntos de las agencias de su pa\u00eds en la investigaci\u00f3n.<\/p>\n<p class=\"p_8\">Seg\u00fan la acusaci\u00f3n formal, entre\u00a0<b>2020 y 2025<\/b>, Fito control\u00f3 las\u00a0<b>rutas\u00a0<\/b>de tr\u00e1fico de coca\u00edna desde Sudam\u00e9rica hacia Centro y Norteam\u00e9rica. La actividad ilegal se realiz\u00f3 en asocio con el cartel mexicano de\u00a0<b>Sinaloa<\/b>.<\/p>\n<p class=\"p_9\">\u201cBajo la direcci\u00f3n de Mac\u00edas Villamar, Los Choneros cometieron actos\u00a0<b>violentos\u00a0<\/b>en contra de\u00a0<b>pol\u00edticos\u00a0<\/b>ecuatorianos,\u00a0<b>fiscales<\/b>,\u00a0<b>jueces\u00a0<\/b>y\u00a0<b>civiles<\/b>\u201d.<\/p>\n<p class=\"p_10\">De acuerdo a lo revelado en la investigaci\u00f3n, la organizaci\u00f3n criminal obten\u00eda armamento traficado desde Estados Unidos. Fito habr\u00eda empleado a intermediarios para\u00a0<b>comprar armas,\u00a0<\/b>componentes y municiones en territorio estadounidense, las cuales eran ingresadas a Ecuador en peque\u00f1as cantidades.<\/p>\n<p class=\"p_11\">Los Choneros usaron\u00a0<b>sicarios\u00a0<\/b>para cometer sus cr\u00edmenes. Estos asesinos a sueldo usaron regularmente armas de corte\u00a0<b>militar<\/b>, como rifles de asalto AK 47 y granadas para perpetrar la violencia.<\/p>\n<p class=\"p_12\">De ser hallado culpable, Fito enfrentar\u00eda una pena m\u00ednima de 10 a\u00f1os de prisi\u00f3n, con la posibilidad de\u00a0<b>cadena perpetua\u00a0<\/b>como condena m\u00e1xima.<\/p>\n<p class=\"p_13\">La orden de la justicia estadounidense en contra de Fito establece que se debe asegurar su\u00a0<b>arresto, extradici\u00f3n o expulsi\u00f3n<\/b>.<\/p>\n<p class=\"p_14\">\u201cLa acusaci\u00f3n formal contra Mac\u00edas Villamar marca un\u00a0<u>golpe significativo contra las redes violentas<\/u>\u00a0que inundan nuestras comunidades con cantidades de droga, como coca\u00edna. Es un mensaje claro de que nadie que cometa estos cr\u00edmenes estar\u00e1 fuera del alcance de la justicia. Este caso en particular refleja esfuerzos incansables de la DEA, junto con nuestros socios en Estados Unidos y en Ecuador\u201d, se\u00f1al\u00f3 el administrador de la DEA, Derek Maltz.<\/p>\n<\/div>\n<h2 class=\"h2vistazo\">Recompensa de USD 1 mill\u00f3n por Fito<\/h2>\n<div class=\"paragraph texto\">\n<p class=\"p_15\">Tras la fuga del narcotraficante Jos\u00e9 Adolfo Mac\u00edas Villamar, alias \u2018Fito\u2019, l\u00edder de Los Choneros, en enero de 2024, Ecuador enfrent\u00f3 una ola de atentados que llev\u00f3 al Gobierno de Daniel Noboa a declarar la \u2018guerra\u2019 al crimen organizado y situar al pa\u00eds bajo un estado de \u2018conflicto armado interno\u2019.<\/p>\n<p class=\"p_17\">Mac\u00edas Villamar cumpl\u00eda una condena de 34 a\u00f1os por delincuencia organizada, narcotr\u00e1fico y asesinato cuando escap\u00f3 de la C\u00e1rcel Regional de Guayaquil el 7 de enero de 2024.<\/p>\n<p class=\"p_18\">Desde entonces, las autoridades han intensificado los operativos para dar con su paradero. Una de las \u00faltimas medidas adoptadas fue la oferta de una recompensa de un mill\u00f3n de d\u00f3lares por informaci\u00f3n que facilite su captura.<\/p>\n<p class=\"p_19\">Adem\u00e1s, \u2018Fito\u2019 ha sido incluido en la lista de los m\u00e1s buscados por la Organizaci\u00f3n Internacional de Polic\u00eda Criminal (Interpol), que emiti\u00f3 una alerta roja para su detenci\u00f3n. Esta notificaci\u00f3n ha sido difundida en 194 pa\u00edses con el objetivo de localizarlo y proceder a su arresto. <strong>Fuente: Vistazo<\/strong><\/p>\n<\/div>\n","protected":false},"excerpt":{"rendered":"<p>Desde hoy, el criminal pr\u00f3fugo Jos\u00e9 Adolfo \u201cFito\u201d Mac\u00edas Villamar es requerido por la\u00a0justicia estadounidense, seg\u00fan inform\u00f3 la embajada de Estados Unidos. Podr\u00eda enfrentar\u00a0cadena perpetua\u00a0por cargos internacionales de drogas narcotr\u00e1fico y tr\u00e1fico de armas Los\u00a0cargos\u00a0fueron anunciados la ma\u00f1ana de este mi\u00e9rcoles 2 de abril por el fiscal de los Estados Unidos para el Distrito Este de Nueva York, John Durham; el administrador de la oficina de la DEA, Derek Maltz; y otras autoridades responsables de la pol\u00edtica de\u00a0seguridad\u00a0en este pa\u00eds. No obstante, el comunicado aclar\u00f3 que alias Fito \u201cno se encuentra en\u00a0custodia\u00a0de los Estados Unidos\u201d. Fito podr\u00eda recibir cadena perpetua \u201cEl acusado fue un despiadado l\u00edder y prol\u00edfico traficante de drogas para una organizaci\u00f3n criminal violenta\u201d, se\u00f1ala el documento oficial que sustenta la acusaci\u00f3n. El informe tambi\u00e9n indica que Mac\u00edas Villamar encabez\u00f3 la red de Los Choneros, responsable de m\u00faltiples cr\u00edmenes, as\u00ed como del tr\u00e1fico de armas y drogas. \u201cCantidades potencialmente\u00a0letales\u00a0de\u00a0coca\u00edna\u00a0fueron llevadas a los Estados Unidos, que fue el destino principal para la gran mayor\u00eda de los embarques de droga de Los Choneros\u201d, detall\u00f3 el fiscal Durham, quien destac\u00f3 los esfuerzos conjuntos de las agencias de su pa\u00eds en la investigaci\u00f3n. Seg\u00fan la acusaci\u00f3n formal, entre\u00a02020 y 2025, Fito control\u00f3 las\u00a0rutas\u00a0de tr\u00e1fico de coca\u00edna desde Sudam\u00e9rica hacia Centro y Norteam\u00e9rica. La actividad ilegal se realiz\u00f3 en asocio con el cartel mexicano de\u00a0Sinaloa. \u201cBajo la direcci\u00f3n de Mac\u00edas Villamar, Los Choneros cometieron actos\u00a0violentos\u00a0en contra de\u00a0pol\u00edticos\u00a0ecuatorianos,\u00a0fiscales,\u00a0jueces\u00a0y\u00a0civiles\u201d. De acuerdo a lo revelado en la investigaci\u00f3n, la organizaci\u00f3n criminal obten\u00eda armamento traficado desde Estados Unidos. Fito habr\u00eda empleado a intermediarios para\u00a0comprar armas,\u00a0componentes y municiones en territorio estadounidense, las cuales eran ingresadas a Ecuador en peque\u00f1as cantidades. Los Choneros usaron\u00a0sicarios\u00a0para cometer sus cr\u00edmenes. Estos asesinos a sueldo usaron regularmente armas de corte\u00a0militar, como rifles de asalto AK 47 y granadas para perpetrar la violencia. De ser hallado culpable, Fito enfrentar\u00eda una pena m\u00ednima de 10 a\u00f1os de prisi\u00f3n, con la posibilidad de\u00a0cadena perpetua\u00a0como condena m\u00e1xima. La orden de la justicia estadounidense en contra de Fito establece que se debe asegurar su\u00a0arresto, extradici\u00f3n o expulsi\u00f3n. \u201cLa acusaci\u00f3n formal contra Mac\u00edas Villamar marca un\u00a0golpe significativo contra las redes violentas\u00a0que inundan nuestras comunidades con cantidades de droga, como coca\u00edna. Es un mensaje claro de que nadie que cometa estos cr\u00edmenes estar\u00e1 fuera del alcance de la justicia. Este caso en particular refleja esfuerzos incansables de la DEA, junto con nuestros socios en Estados Unidos y en Ecuador\u201d, se\u00f1al\u00f3 el administrador de la DEA, Derek Maltz. Recompensa de USD 1 mill\u00f3n por Fito Tras la fuga del narcotraficante Jos\u00e9 Adolfo Mac\u00edas Villamar, alias \u2018Fito\u2019, l\u00edder de Los Choneros, en enero de 2024, Ecuador enfrent\u00f3 una ola de atentados que llev\u00f3 al Gobierno de Daniel Noboa a declarar la \u2018guerra\u2019 al crimen organizado y situar al pa\u00eds bajo un estado de \u2018conflicto armado interno\u2019. Mac\u00edas Villamar cumpl\u00eda una condena de 34 a\u00f1os por delincuencia organizada, narcotr\u00e1fico y asesinato cuando escap\u00f3 de la C\u00e1rcel Regional de Guayaquil el 7 de enero de 2024. Desde entonces, las autoridades han intensificado los operativos para dar con su paradero. Una de las \u00faltimas medidas adoptadas fue la oferta de una recompensa de un mill\u00f3n de d\u00f3lares por informaci\u00f3n que facilite su captura. Adem\u00e1s, \u2018Fito\u2019 ha sido incluido en la lista de los m\u00e1s buscados por la Organizaci\u00f3n Internacional de Polic\u00eda Criminal (Interpol), que emiti\u00f3 una alerta roja para su detenci\u00f3n. Esta notificaci\u00f3n ha sido difundida en 194 pa\u00edses con el objetivo de localizarlo y proceder a su arresto. Fuente: Vistazo<\/p>\n","protected":false},"author":1,"featured_media":22490,"comment_status":"open","ping_status":"open","sticky":false,"template":"","format":"standard","meta":{"footnotes":""},"categories":[268],"tags":[],"class_list":["post-22489","post","type-post","status-publish","format-standard","has-post-thumbnail","hentry","category-nacionales"],"_links":{"self":[{"href":"https:\/\/www.elamazonico.com\/portal\/wp-json\/wp\/v2\/posts\/22489","targetHints":{"allow":["GET"]}}],"collection":[{"href":"https:\/\/www.elamazonico.com\/portal\/wp-json\/wp\/v2\/posts"}],"about":[{"href":"https:\/\/www.elamazonico.com\/portal\/wp-json\/wp\/v2\/types\/post"}],"author":[{"embeddable":true,"href":"https:\/\/www.elamazonico.com\/portal\/wp-json\/wp\/v2\/users\/1"}],"replies":[{"embeddable":true,"href":"https:\/\/www.elamazonico.com\/portal\/wp-json\/wp\/v2\/comments?post=22489"}],"version-history":[{"count":1,"href":"https:\/\/www.elamazonico.com\/portal\/wp-json\/wp\/v2\/posts\/22489\/revisions"}],"predecessor-version":[{"id":22491,"href":"https:\/\/www.elamazonico.com\/portal\/wp-json\/wp\/v2\/posts\/22489\/revisions\/22491"}],"wp:featuredmedia":[{"embeddable":true,"href":"https:\/\/www.elamazonico.com\/portal\/wp-json\/wp\/v2\/media\/22490"}],"wp:attachment":[{"href":"https:\/\/www.elamazonico.com\/portal\/wp-json\/wp\/v2\/media?parent=22489"}],"wp:term":[{"taxonomy":"category","embeddable":true,"href":"https:\/\/www.elamazonico.com\/portal\/wp-json\/wp\/v2\/categories?post=22489"},{"taxonomy":"post_tag","embeddable":true,"href":"https:\/\/www.elamazonico.com\/portal\/wp-json\/wp\/v2\/tags?post=22489"}],"curies":[{"name":"wp","href":"https:\/\/api.w.org\/{rel}","templated":true}]}}