{"id":22478,"date":"2025-04-02T10:26:08","date_gmt":"2025-04-02T15:26:08","guid":{"rendered":"https:\/\/www.elamazonico.com\/portal\/?p=22478"},"modified":"2025-04-02T10:26:08","modified_gmt":"2025-04-02T15:26:08","slug":"un-fiscal-de-estados-unidos-acusa-a-alias-fito-de-narcotrafico-y-contrabando-de-armas","status":"publish","type":"post","link":"https:\/\/www.elamazonico.com\/portal\/un-fiscal-de-estados-unidos-acusa-a-alias-fito-de-narcotrafico-y-contrabando-de-armas\/","title":{"rendered":"Un fiscal de Estados Unidos acusa a alias Fito de narcotr\u00e1fico y contrabando de armas"},"content":{"rendered":"<p>La Fiscal\u00eda del Distrito Este de Nueva York comunic\u00f3 que acus\u00f3 a Jos\u00e9 Adolfo Mac\u00edas Villamar,\u00a0<b><a href=\"https:\/\/www.ecuavisa.com\/noticias\/seguridad\/sancion-estados-unidos-a-alias-fito-y-los-choneros-CH6786613\">alias Fito<\/a><\/b>, el cabecilla pr\u00f3fugo de Los Choneros, en una corte de Brooklyn, Estados Unidos, de narcotr\u00e1fico y contrabando de armas.<\/p>\n<p>\u201cLa acusaci\u00f3n formal de Jos\u00e9 Adolfo Mac\u00edas Villamar representa un golpe significativo contra las redes violentas que inundan nuestras comunidades con drogas peligrosas como la coca\u00edna; un mensaje claro de que nadie que impulse este comercio letal est\u00e1 fuera del alcance de la justicia\u00bb, declar\u00f3 un administrador de la DEA.<\/p>\n<p><i>Noticia en desarrollo. <strong>Fuente: Ecuavisa<\/strong><\/i><\/p>\n","protected":false},"excerpt":{"rendered":"<p>La Fiscal\u00eda del Distrito Este de Nueva York comunic\u00f3 que acus\u00f3 a Jos\u00e9 Adolfo Mac\u00edas Villamar,\u00a0alias Fito, el cabecilla pr\u00f3fugo de Los Choneros, en una corte de Brooklyn, Estados Unidos, de narcotr\u00e1fico y contrabando de armas. \u201cLa acusaci\u00f3n formal de Jos\u00e9 Adolfo Mac\u00edas Villamar representa un golpe significativo contra las redes violentas que inundan nuestras comunidades con drogas peligrosas como la coca\u00edna; un mensaje claro de que nadie que impulse este comercio letal est\u00e1 fuera del alcance de la justicia\u00bb, declar\u00f3 un administrador de la DEA. Noticia en desarrollo. Fuente: Ecuavisa<\/p>\n","protected":false},"author":1,"featured_media":22479,"comment_status":"open","ping_status":"open","sticky":false,"template":"","format":"standard","meta":{"footnotes":""},"categories":[268],"tags":[],"class_list":["post-22478","post","type-post","status-publish","format-standard","has-post-thumbnail","hentry","category-nacionales"],"_links":{"self":[{"href":"https:\/\/www.elamazonico.com\/portal\/wp-json\/wp\/v2\/posts\/22478","targetHints":{"allow":["GET"]}}],"collection":[{"href":"https:\/\/www.elamazonico.com\/portal\/wp-json\/wp\/v2\/posts"}],"about":[{"href":"https:\/\/www.elamazonico.com\/portal\/wp-json\/wp\/v2\/types\/post"}],"author":[{"embeddable":true,"href":"https:\/\/www.elamazonico.com\/portal\/wp-json\/wp\/v2\/users\/1"}],"replies":[{"embeddable":true,"href":"https:\/\/www.elamazonico.com\/portal\/wp-json\/wp\/v2\/comments?post=22478"}],"version-history":[{"count":1,"href":"https:\/\/www.elamazonico.com\/portal\/wp-json\/wp\/v2\/posts\/22478\/revisions"}],"predecessor-version":[{"id":22480,"href":"https:\/\/www.elamazonico.com\/portal\/wp-json\/wp\/v2\/posts\/22478\/revisions\/22480"}],"wp:featuredmedia":[{"embeddable":true,"href":"https:\/\/www.elamazonico.com\/portal\/wp-json\/wp\/v2\/media\/22479"}],"wp:attachment":[{"href":"https:\/\/www.elamazonico.com\/portal\/wp-json\/wp\/v2\/media?parent=22478"}],"wp:term":[{"taxonomy":"category","embeddable":true,"href":"https:\/\/www.elamazonico.com\/portal\/wp-json\/wp\/v2\/categories?post=22478"},{"taxonomy":"post_tag","embeddable":true,"href":"https:\/\/www.elamazonico.com\/portal\/wp-json\/wp\/v2\/tags?post=22478"}],"curies":[{"name":"wp","href":"https:\/\/api.w.org\/{rel}","templated":true}]}}