{"id":22475,"date":"2025-04-02T10:05:05","date_gmt":"2025-04-02T15:05:05","guid":{"rendered":"https:\/\/www.elamazonico.com\/portal\/?p=22475"},"modified":"2025-04-02T10:05:05","modified_gmt":"2025-04-02T15:05:05","slug":"ricardo-patino-en-un-dialogo-con-rafael-correa-afirma-que-el-nivel-de-desconfianza-en-el-dolar-es-muy-alto","status":"publish","type":"post","link":"https:\/\/www.elamazonico.com\/portal\/ricardo-patino-en-un-dialogo-con-rafael-correa-afirma-que-el-nivel-de-desconfianza-en-el-dolar-es-muy-alto\/","title":{"rendered":"Ricardo Pati\u00f1o, en un di\u00e1logo con Rafael Correa, afirma que el nivel de desconfianza en el d\u00f3lar es muy alto"},"content":{"rendered":"<div class=\"paragraph\">\n<p>La\u00a0<a href=\"https:\/\/www.ecuavisa.com\/metadatos\/-\/meta\/dolarizacion\" target=\"_blank\" rel=\"noopener noreferrer\">dolarizaci\u00f3n<\/a>\u00a0todav\u00eda tiene mucha tela por cortar desde el corre\u00edsmo. El excanciller y hoy asamble\u00edsta electo de la Revoluci\u00f3n Ciudadana,\u00a0<a href=\"https:\/\/www.ecuavisa.com\/metadatos\/-\/meta\/ricardo-patino\" target=\"_blank\" rel=\"noopener noreferrer\">Ricardo Pati\u00f1o<\/a>, afirm\u00f3 que hay una \u201cdecadencia\u201d de Estados Unidos y que por los \u00ababusos de haberse robado riqueza de otros pa\u00edses, e<b>l nivel de desconfianza del d\u00f3lar\u00a0<\/b>es tan alto que en las pr\u00f3ximas d\u00e9cadas, ellos van a perder mucho eso\u00bb.<\/p>\n<p>Sus expresiones se produjeron durante una entrevista con el expresidente\u00a0<b>Rafael Correa\u00a0<\/b>en el programa &#8216;Conversando con Correa&#8217;, que fue transmitido por el medio ruso RT y publicado el 1 de abril de 2025.<\/p>\n<\/div>\n<div class=\"html __select e_0\"><iframe id=\"vrudo\" class=\"vrudo\" src=\"https:\/\/rudo.video\/vod\/bTZX9C\" width=\"600\" height=\"338\" frameborder=\"0\" scrolling=\"no\" allowfullscreen=\"allowfullscreen\" data-mce-fragment=\"1\"><\/iframe><\/div>\n<div class=\"paragraph\">\n<p>&nbsp;<\/p>\n<p>Pati\u00f1o considera que Estados Unidos y la Uni\u00f3n Europea van \u00aben una decadencia sostenida\u00bb, aunque de forma m\u00e1s lenta en los \u00faltimos a\u00f1os. Relat\u00f3 que\u00a0<b>EE. UU. ha tenido \u00abuna conducta de pirater\u00eda en el sigo XXI:\u00a0<\/b>se le robaron el oro a Venezuela, una refiner\u00eda en EE. UU. (&#8230;)\u00bb.<\/p>\n<p>Con este contexto, y citando al economista estadounidense Jeffrey Sachs, se\u00f1ala que \u00abmucha\u00a0<b>gente va a deshacerse de sus reservas en d\u00f3lares\u00a0<\/b>y la va a poner en una canasta de monedas o en otra moneda que le pueda tener confianza\u00bb.<\/p>\n<p>En este sentido, resalt\u00f3 que es importante el<b>\u00a0surgimiento de los BRICS<\/b>, que son un grupo de pa\u00edses que conforman una asociaci\u00f3n pol\u00edtica y econ\u00f3mica y que proviene de las siglas de Brasil, Rusia, India, China y Sud\u00e1frica, los pa\u00edses fundadores. \u00abSi los BRICS tomaran una iniciativa de di\u00e1logo birregional ser\u00eda muy importante, porque eso podr\u00eda ir configurando un nuevo panorama econ\u00f3mico\u00bb, agreg\u00f3 Pati\u00f1o.<\/p>\n<\/div>\n<h2 class=\"h2-componente\">Dolarizaci\u00f3n genera debate en Ecuador<\/h2>\n<div class=\"paragraph\">\n<p>El\u00a0<b>debate sobre la dolarizaci\u00f3n en Ecuador<\/b>\u00a0cobr\u00f3 fuerza antes del inicio de la campa\u00f1a electoral de la segunda vuelta, en donde Luisa Gonz\u00e1lez (corre\u00edsmo) y Daniel Noboa (ADN) definir\u00e1n al ganador de la Presidencia de la Rep\u00fablica.<\/p>\n<p>Desde la Asamblea, la bancada de la\u00a0<b>Revoluci\u00f3n Ciudadana<\/b>\u00a0desempolv\u00f3 una enmienda que busca ubicar al d\u00f3lar como la moneda oficial en la Constituci\u00f3n. Pero el oficialismo le record\u00f3 que antes de esta iniciativa los m\u00e1ximos l\u00edderes del\u00a0<b>corre\u00edsmo\u00a0<\/b>hablaban de c\u00f3mo salir de la<b>\u00a0dolarizaci\u00f3n\u00a0<\/b>e incluso de crear una moneda paralela como los ecuad\u00f3lares, una especia de moneda virtual. <strong>Fuente: Ecuavisa<\/strong><\/p>\n<\/div>\n","protected":false},"excerpt":{"rendered":"<p>La\u00a0dolarizaci\u00f3n\u00a0todav\u00eda tiene mucha tela por cortar desde el corre\u00edsmo. El excanciller y hoy asamble\u00edsta electo de la Revoluci\u00f3n Ciudadana,\u00a0Ricardo Pati\u00f1o, afirm\u00f3 que hay una \u201cdecadencia\u201d de Estados Unidos y que por los \u00ababusos de haberse robado riqueza de otros pa\u00edses, el nivel de desconfianza del d\u00f3lar\u00a0es tan alto que en las pr\u00f3ximas d\u00e9cadas, ellos van a perder mucho eso\u00bb. Sus expresiones se produjeron durante una entrevista con el expresidente\u00a0Rafael Correa\u00a0en el programa &#8216;Conversando con Correa&#8217;, que fue transmitido por el medio ruso RT y publicado el 1 de abril de 2025. &nbsp; Pati\u00f1o considera que Estados Unidos y la Uni\u00f3n Europea van \u00aben una decadencia sostenida\u00bb, aunque de forma m\u00e1s lenta en los \u00faltimos a\u00f1os. Relat\u00f3 que\u00a0EE. UU. ha tenido \u00abuna conducta de pirater\u00eda en el sigo XXI:\u00a0se le robaron el oro a Venezuela, una refiner\u00eda en EE. UU. (&#8230;)\u00bb. Con este contexto, y citando al economista estadounidense Jeffrey Sachs, se\u00f1ala que \u00abmucha\u00a0gente va a deshacerse de sus reservas en d\u00f3lares\u00a0y la va a poner en una canasta de monedas o en otra moneda que le pueda tener confianza\u00bb. En este sentido, resalt\u00f3 que es importante el\u00a0surgimiento de los BRICS, que son un grupo de pa\u00edses que conforman una asociaci\u00f3n pol\u00edtica y econ\u00f3mica y que proviene de las siglas de Brasil, Rusia, India, China y Sud\u00e1frica, los pa\u00edses fundadores. \u00abSi los BRICS tomaran una iniciativa de di\u00e1logo birregional ser\u00eda muy importante, porque eso podr\u00eda ir configurando un nuevo panorama econ\u00f3mico\u00bb, agreg\u00f3 Pati\u00f1o. Dolarizaci\u00f3n genera debate en Ecuador El\u00a0debate sobre la dolarizaci\u00f3n en Ecuador\u00a0cobr\u00f3 fuerza antes del inicio de la campa\u00f1a electoral de la segunda vuelta, en donde Luisa Gonz\u00e1lez (corre\u00edsmo) y Daniel Noboa (ADN) definir\u00e1n al ganador de la Presidencia de la Rep\u00fablica. Desde la Asamblea, la bancada de la\u00a0Revoluci\u00f3n Ciudadana\u00a0desempolv\u00f3 una enmienda que busca ubicar al d\u00f3lar como la moneda oficial en la Constituci\u00f3n. Pero el oficialismo le record\u00f3 que antes de esta iniciativa los m\u00e1ximos l\u00edderes del\u00a0corre\u00edsmo\u00a0hablaban de c\u00f3mo salir de la\u00a0dolarizaci\u00f3n\u00a0e incluso de crear una moneda paralela como los ecuad\u00f3lares, una especia de moneda virtual. Fuente: Ecuavisa<\/p>\n","protected":false},"author":1,"featured_media":22476,"comment_status":"open","ping_status":"open","sticky":false,"template":"","format":"standard","meta":{"footnotes":""},"categories":[268],"tags":[],"class_list":["post-22475","post","type-post","status-publish","format-standard","has-post-thumbnail","hentry","category-nacionales"],"_links":{"self":[{"href":"https:\/\/www.elamazonico.com\/portal\/wp-json\/wp\/v2\/posts\/22475","targetHints":{"allow":["GET"]}}],"collection":[{"href":"https:\/\/www.elamazonico.com\/portal\/wp-json\/wp\/v2\/posts"}],"about":[{"href":"https:\/\/www.elamazonico.com\/portal\/wp-json\/wp\/v2\/types\/post"}],"author":[{"embeddable":true,"href":"https:\/\/www.elamazonico.com\/portal\/wp-json\/wp\/v2\/users\/1"}],"replies":[{"embeddable":true,"href":"https:\/\/www.elamazonico.com\/portal\/wp-json\/wp\/v2\/comments?post=22475"}],"version-history":[{"count":1,"href":"https:\/\/www.elamazonico.com\/portal\/wp-json\/wp\/v2\/posts\/22475\/revisions"}],"predecessor-version":[{"id":22477,"href":"https:\/\/www.elamazonico.com\/portal\/wp-json\/wp\/v2\/posts\/22475\/revisions\/22477"}],"wp:featuredmedia":[{"embeddable":true,"href":"https:\/\/www.elamazonico.com\/portal\/wp-json\/wp\/v2\/media\/22476"}],"wp:attachment":[{"href":"https:\/\/www.elamazonico.com\/portal\/wp-json\/wp\/v2\/media?parent=22475"}],"wp:term":[{"taxonomy":"category","embeddable":true,"href":"https:\/\/www.elamazonico.com\/portal\/wp-json\/wp\/v2\/categories?post=22475"},{"taxonomy":"post_tag","embeddable":true,"href":"https:\/\/www.elamazonico.com\/portal\/wp-json\/wp\/v2\/tags?post=22475"}],"curies":[{"name":"wp","href":"https:\/\/api.w.org\/{rel}","templated":true}]}}