{"id":22461,"date":"2025-04-01T17:00:30","date_gmt":"2025-04-01T22:00:30","guid":{"rendered":"https:\/\/www.elamazonico.com\/portal\/?p=22461"},"modified":"2025-04-01T17:00:30","modified_gmt":"2025-04-01T22:00:30","slug":"ecuador-registra-mas-de-2-000-deportados-de-ee-uu-en-2025-cancilleria-aclara-que-no-se-trata-de-redadas","status":"publish","type":"post","link":"https:\/\/www.elamazonico.com\/portal\/ecuador-registra-mas-de-2-000-deportados-de-ee-uu-en-2025-cancilleria-aclara-que-no-se-trata-de-redadas\/","title":{"rendered":"Ecuador registra m\u00e1s de 2.000 deportados de EE.UU. en 2025; Canciller\u00eda aclara que no se trata de &#8216;redadas&#8217;"},"content":{"rendered":"<div class=\"paragraph texto\">\n<p class=\"p_0\">M\u00e1s de 2.000 ecuatorianos fueron\u00a0<b><a href=\"https:\/\/www.vistazo.com\/politica\/nacional\/2025-03-29-daniel-noboa-asegura-logrado-sacar-ecuador-lista-prioridad-deportacion-estados-unidos-MD9041178\" target=\"_blank\" rel=\"noopener noreferrer\">deportados\u00a0<\/a><\/b>desde Estados Unidos en vuelos aterrizados en\u00a0<b>Guayaquil\u00a0<\/b>durante el primer trimestre de 2025, seg\u00fan los registros difundidos este martes por el Ministerio de Relaciones Exteriores de Ecuador sobre\u00a0<b>migrantes\u00a0<\/b>irregulares retornados de manera forzosa.<\/p>\n<p class=\"p_1\">La Canciller\u00eda record\u00f3 que Ecuador ha recibido\u00a0<u>vuelos de deportaci\u00f3n de Estados Unidos<\/u> de manera regular desde 2005, con mayor frecuencia en los \u00faltimos a\u00f1os al registrar entre dos y tres vuelos por semana.<\/p>\n<p class=\"p_3\">Este mismo martes est\u00e1 previsto que aterrice en Ecuador un nuevo vuelo de deportaci\u00f3n con 64 migrantes irregulares que se encontraban en territorio estadounidense, seg\u00fan anticip\u00f3 el Ministerio de Exteriores.<\/p>\n<div>\n<div>\n<div class=\"trv-player-container\">\n<div class=\"trv-wrapper\">\n<div id=\"br_video_player_08c1280ca8523f6f9a8cf8f821d3965a7a4d6079\" class=\"trvd_video_player trvdfloater trv-right\">\n<div class=\"media-player\">\n<div class=\"trv-video\">\n<div id=\"truvid_ima_container27387\" class=\"truvid_ima_container\">\n<div><\/div>\n<\/div>\n<\/div>\n<\/div>\n<\/div>\n<\/div>\n<\/div>\n<\/div>\n<\/div>\n<div class=\"powered-main\">\n<div class=\"powered-by\">\u00abEs importante recalcar que los vuelos de deportaci\u00f3n de ecuatorianos, traen personas que han sido interceptadas <b>ingresando irregularmente\u00a0<\/b>a los Estados Unidos y han sido deportadas por ese motivo. No se trata de residentes regulares, con papeles en regla, ni se est\u00e1n haciendo &#8216;<b>redadas<\/b>&#8216; al azar para deportar gente\u00bb, aclar\u00f3 la Canciller\u00eda.<\/div>\n<\/div>\n<p class=\"p_5\">De acuerdo a esos mismos registros, m\u00e1s de 32.000 ecuatorianos llegaron deportados en vuelos de Estados Unidos en los dos \u00faltimos a\u00f1os, de ellos unos 18.400 en 2023 y unos 13.600 en 2024.<\/p>\n<p class=\"p_6\">Esas cifras son notoriamente superiores a las de a\u00f1os anteriores, cuando el n\u00famero de ecuatorianos deportados en vuelos desde Estados Unidos fue de 1.490 en 2019, de 3.357 en 2020, y de 6.383 en 2021.<\/p>\n<\/div>\n<h2 class=\"h2vistazo\">Situaci\u00f3n de migrantes ecuatorianos<\/h2>\n<div class=\"paragraph texto\">\n<p class=\"p_7\">El presidente\u00a0<b>Daniel Noboa<\/b>\u00a0reiter\u00f3 este martes que los ecuatorianos\u00a0<u>no est\u00e1n en la lista de prioridad de la pol\u00edtica de deportaciones<\/u>\u00a0emprendida por la administraci\u00f3n del presidente de Estados Unidos,\u00a0<b>Donald Trump<\/b>, con quien tuvo un encuentro privado en la noche del s\u00e1bado en Mar-a-Lago (Florida).<\/p>\n<p class=\"p_8\">\u00abEcuador no est\u00e1 en este momento en la lista de prioridad. Al principio no hab\u00eda lista, y despu\u00e9s se hizo una lista, y hubo un trabajo bueno de Canciller\u00eda y Presidencia para no estar en esa lista\u00bb, explic\u00f3 Noboa durante una entrevista con Radio Sucesos.<\/p>\n<p class=\"p_9\">Noboa, que est\u00e1 en plena campa\u00f1a electoral para buscar su reelecci\u00f3n en la segunda vuelta de las elecciones presidenciales de Ecuador, donde se enfrenta a la candidata corre\u00edsta\u00a0<b>Luisa Gonz\u00e1lez<\/b>, se\u00f1al\u00f3 que han pedido a Estados Unidos que las expulsiones de migrantes ecuatorianos se hagan \u00abcon\u00a0<b>dignidad\u00a0<\/b>y con\u00a0<b>humanidad<\/b>\u00ab.<\/p>\n<p class=\"p_10\">Asimismo, el Gobierno de Ecuador contempla varias acciones dentro del Plan Integral \u201c<b>Ecuador est\u00e1 contigo<\/b>\u201d, para acompa\u00f1ar a los compatriotas. Incluye capacitaciones, bonos, certificados de competencias laborales, pensi\u00f3n jubilar y acceso al sistema de seguridad social, as\u00ed como la exoneraci\u00f3n de impuestos para la importaci\u00f3n de menajes de casa, equipo de trabajo y veh\u00edculos.<\/p>\n<\/div>\n<div class=\"html_text\">\n<div class=\"twitter-tweet twitter-tweet-rendered\"><iframe id=\"twitter-widget-0\" class=\"\" title=\"X Post\" src=\"https:\/\/platform.twitter.com\/embed\/Tweet.html?dnt=false&amp;embedId=twitter-widget-0&amp;features=eyJ0ZndfdGltZWxpbmVfbGlzdCI6eyJidWNrZXQiOltdLCJ2ZXJzaW9uIjpudWxsfSwidGZ3X2ZvbGxvd2VyX2NvdW50X3N1bnNldCI6eyJidWNrZXQiOnRydWUsInZlcnNpb24iOm51bGx9LCJ0ZndfdHdlZXRfZWRpdF9iYWNrZW5kIjp7ImJ1Y2tldCI6Im9uIiwidmVyc2lvbiI6bnVsbH0sInRmd19yZWZzcmNfc2Vzc2lvbiI6eyJidWNrZXQiOiJvbiIsInZlcnNpb24iOm51bGx9LCJ0ZndfZm9zbnJfc29mdF9pbnRlcnZlbnRpb25zX2VuYWJsZWQiOnsiYnVja2V0Ijoib24iLCJ2ZXJzaW9uIjpudWxsfSwidGZ3X21peGVkX21lZGlhXzE1ODk3Ijp7ImJ1Y2tldCI6InRyZWF0bWVudCIsInZlcnNpb24iOm51bGx9LCJ0ZndfZXhwZXJpbWVudHNfY29va2llX2V4cGlyYXRpb24iOnsiYnVja2V0IjoxMjA5NjAwLCJ2ZXJzaW9uIjpudWxsfSwidGZ3X3Nob3dfYmlyZHdhdGNoX3Bpdm90c19lbmFibGVkIjp7ImJ1Y2tldCI6Im9uIiwidmVyc2lvbiI6bnVsbH0sInRmd19kdXBsaWNhdGVfc2NyaWJlc190b19zZXR0aW5ncyI6eyJidWNrZXQiOiJvbiIsInZlcnNpb24iOm51bGx9LCJ0ZndfdXNlX3Byb2ZpbGVfaW1hZ2Vfc2hhcGVfZW5hYmxlZCI6eyJidWNrZXQiOiJvbiIsInZlcnNpb24iOm51bGx9LCJ0ZndfdmlkZW9faGxzX2R5bmFtaWNfbWFuaWZlc3RzXzE1MDgyIjp7ImJ1Y2tldCI6InRydWVfYml0cmF0ZSIsInZlcnNpb24iOm51bGx9LCJ0ZndfbGVnYWN5X3RpbWVsaW5lX3N1bnNldCI6eyJidWNrZXQiOnRydWUsInZlcnNpb24iOm51bGx9LCJ0ZndfdHdlZXRfZWRpdF9mcm9udGVuZCI6eyJidWNrZXQiOiJvbiIsInZlcnNpb24iOm51bGx9fQ%3D%3D&amp;frame=false&amp;hideCard=false&amp;hideThread=false&amp;id=1890414877870608402&amp;lang=es&amp;origin=https%3A%2F%2Fwww.vistazo.com%2Factualidad%2Fnacional%2F2025-04-01-ecuatorianos-deportados-vuelos-estados-unidos-2025-HE9053687&amp;sessionId=4cb3a3e8ca6b40103bd249a416aef0492e03682a&amp;theme=light&amp;widgetsVersion=2615f7e52b7e0%3A1702314776716&amp;width=550px\" frameborder=\"0\" scrolling=\"no\" allowfullscreen=\"allowfullscreen\" data-tweet-id=\"1890414877870608402\" data-mce-fragment=\"1\"><\/iframe><\/div>\n<\/div>\n<div class=\"paragraph texto\">\n<p class=\"p_11\">Estados Unidos es el principal destino de los migrantes ecuatorianos que buscan salir del pa\u00eds de manera irregular en busca de oportunidades, un flujo que en a\u00f1os anteriores ha llegado a ser de al menos 100.000 personas a a\u00f1o en 2023 y 2024, de acuerdo a los registros de la Oficina de Aduanas y Protecci\u00f3n Fronteriza de Estados Unidos.<\/p>\n<p class=\"p_12\">Actualmente se estima que en Estados Unidos residen alrededor de 600.000 ecuatorianos entre migrantes y los descendientes de estos. <strong>Fuente: Vistazo<\/strong><\/p>\n<\/div>\n","protected":false},"excerpt":{"rendered":"<p>M\u00e1s de 2.000 ecuatorianos fueron\u00a0deportados\u00a0desde Estados Unidos en vuelos aterrizados en\u00a0Guayaquil\u00a0durante el primer trimestre de 2025, seg\u00fan los registros difundidos este martes por el Ministerio de Relaciones Exteriores de Ecuador sobre\u00a0migrantes\u00a0irregulares retornados de manera forzosa. La Canciller\u00eda record\u00f3 que Ecuador ha recibido\u00a0vuelos de deportaci\u00f3n de Estados Unidos de manera regular desde 2005, con mayor frecuencia en los \u00faltimos a\u00f1os al registrar entre dos y tres vuelos por semana. Este mismo martes est\u00e1 previsto que aterrice en Ecuador un nuevo vuelo de deportaci\u00f3n con 64 migrantes irregulares que se encontraban en territorio estadounidense, seg\u00fan anticip\u00f3 el Ministerio de Exteriores. \u00abEs importante recalcar que los vuelos de deportaci\u00f3n de ecuatorianos, traen personas que han sido interceptadas ingresando irregularmente\u00a0a los Estados Unidos y han sido deportadas por ese motivo. No se trata de residentes regulares, con papeles en regla, ni se est\u00e1n haciendo &#8216;redadas&#8216; al azar para deportar gente\u00bb, aclar\u00f3 la Canciller\u00eda. De acuerdo a esos mismos registros, m\u00e1s de 32.000 ecuatorianos llegaron deportados en vuelos de Estados Unidos en los dos \u00faltimos a\u00f1os, de ellos unos 18.400 en 2023 y unos 13.600 en 2024. Esas cifras son notoriamente superiores a las de a\u00f1os anteriores, cuando el n\u00famero de ecuatorianos deportados en vuelos desde Estados Unidos fue de 1.490 en 2019, de 3.357 en 2020, y de 6.383 en 2021. Situaci\u00f3n de migrantes ecuatorianos El presidente\u00a0Daniel Noboa\u00a0reiter\u00f3 este martes que los ecuatorianos\u00a0no est\u00e1n en la lista de prioridad de la pol\u00edtica de deportaciones\u00a0emprendida por la administraci\u00f3n del presidente de Estados Unidos,\u00a0Donald Trump, con quien tuvo un encuentro privado en la noche del s\u00e1bado en Mar-a-Lago (Florida). \u00abEcuador no est\u00e1 en este momento en la lista de prioridad. Al principio no hab\u00eda lista, y despu\u00e9s se hizo una lista, y hubo un trabajo bueno de Canciller\u00eda y Presidencia para no estar en esa lista\u00bb, explic\u00f3 Noboa durante una entrevista con Radio Sucesos. Noboa, que est\u00e1 en plena campa\u00f1a electoral para buscar su reelecci\u00f3n en la segunda vuelta de las elecciones presidenciales de Ecuador, donde se enfrenta a la candidata corre\u00edsta\u00a0Luisa Gonz\u00e1lez, se\u00f1al\u00f3 que han pedido a Estados Unidos que las expulsiones de migrantes ecuatorianos se hagan \u00abcon\u00a0dignidad\u00a0y con\u00a0humanidad\u00ab. Asimismo, el Gobierno de Ecuador contempla varias acciones dentro del Plan Integral \u201cEcuador est\u00e1 contigo\u201d, para acompa\u00f1ar a los compatriotas. Incluye capacitaciones, bonos, certificados de competencias laborales, pensi\u00f3n jubilar y acceso al sistema de seguridad social, as\u00ed como la exoneraci\u00f3n de impuestos para la importaci\u00f3n de menajes de casa, equipo de trabajo y veh\u00edculos. Estados Unidos es el principal destino de los migrantes ecuatorianos que buscan salir del pa\u00eds de manera irregular en busca de oportunidades, un flujo que en a\u00f1os anteriores ha llegado a ser de al menos 100.000 personas a a\u00f1o en 2023 y 2024, de acuerdo a los registros de la Oficina de Aduanas y Protecci\u00f3n Fronteriza de Estados Unidos. Actualmente se estima que en Estados Unidos residen alrededor de 600.000 ecuatorianos entre migrantes y los descendientes de estos. Fuente: Vistazo<\/p>\n","protected":false},"author":1,"featured_media":22462,"comment_status":"open","ping_status":"open","sticky":false,"template":"","format":"standard","meta":{"footnotes":""},"categories":[268],"tags":[],"class_list":["post-22461","post","type-post","status-publish","format-standard","has-post-thumbnail","hentry","category-nacionales"],"_links":{"self":[{"href":"https:\/\/www.elamazonico.com\/portal\/wp-json\/wp\/v2\/posts\/22461","targetHints":{"allow":["GET"]}}],"collection":[{"href":"https:\/\/www.elamazonico.com\/portal\/wp-json\/wp\/v2\/posts"}],"about":[{"href":"https:\/\/www.elamazonico.com\/portal\/wp-json\/wp\/v2\/types\/post"}],"author":[{"embeddable":true,"href":"https:\/\/www.elamazonico.com\/portal\/wp-json\/wp\/v2\/users\/1"}],"replies":[{"embeddable":true,"href":"https:\/\/www.elamazonico.com\/portal\/wp-json\/wp\/v2\/comments?post=22461"}],"version-history":[{"count":1,"href":"https:\/\/www.elamazonico.com\/portal\/wp-json\/wp\/v2\/posts\/22461\/revisions"}],"predecessor-version":[{"id":22463,"href":"https:\/\/www.elamazonico.com\/portal\/wp-json\/wp\/v2\/posts\/22461\/revisions\/22463"}],"wp:featuredmedia":[{"embeddable":true,"href":"https:\/\/www.elamazonico.com\/portal\/wp-json\/wp\/v2\/media\/22462"}],"wp:attachment":[{"href":"https:\/\/www.elamazonico.com\/portal\/wp-json\/wp\/v2\/media?parent=22461"}],"wp:term":[{"taxonomy":"category","embeddable":true,"href":"https:\/\/www.elamazonico.com\/portal\/wp-json\/wp\/v2\/categories?post=22461"},{"taxonomy":"post_tag","embeddable":true,"href":"https:\/\/www.elamazonico.com\/portal\/wp-json\/wp\/v2\/tags?post=22461"}],"curies":[{"name":"wp","href":"https:\/\/api.w.org\/{rel}","templated":true}]}}