{"id":22455,"date":"2025-04-01T16:26:21","date_gmt":"2025-04-01T21:26:21","guid":{"rendered":"https:\/\/www.elamazonico.com\/portal\/?p=22455"},"modified":"2025-04-01T16:26:21","modified_gmt":"2025-04-01T21:26:21","slug":"daniel-noboa-se-burla-de-rafael-correa-y-critica-error-de-luisa-gonzalez-por-frase-hasta-la-victoria-siempre","status":"publish","type":"post","link":"https:\/\/www.elamazonico.com\/portal\/daniel-noboa-se-burla-de-rafael-correa-y-critica-error-de-luisa-gonzalez-por-frase-hasta-la-victoria-siempre\/","title":{"rendered":"Daniel Noboa se burla de Rafael Correa y critica error de Luisa Gonz\u00e1lez por frase &#8216;\u00a1hasta la victoria siempre!&#8217;"},"content":{"rendered":"<div class=\"paragraph texto\">\n<p class=\"p_0\">El presidente y candidato\u00a0<b><a href=\"https:\/\/www.vistazo.com\/politica\/nacional\/2023-03-28-daniel-noboa-bonos-ayudas-sociales-impacto-proyectos-economia-ciudadana-NX9033825\" target=\"_blank\" rel=\"noopener noreferrer\">Daniel Noboa<\/a><\/b>\u00a0afirm\u00f3 que, m\u00e1s all\u00e1 de las encuestas sobre qui\u00e9n lidera la carrera hacia la segunda vuelta de las Elecciones Generales 2025, en la que compite con la corre\u00edsta\u00a0<b>Luisa Gonz\u00e1lez<\/b>, el mejor \u00ab<b>term\u00f3metro<\/b>\u00bb para medir su ventaja es el comportamiento del expresidente\u00a0<b>Rafael Correa<\/b>, l\u00edder de la Revoluci\u00f3n Ciudadana.<\/p>\n<p class=\"p_2\">Este martes 1 de abril, Noboa ironiz\u00f3 sobre la\u00a0<u>actitud del opositor<\/u>\u00a0de cara al balotaje. \u2018<u>Cuando vemos a\u00a0<\/u><u><b>Rafael Correa<\/b><\/u><u>\u00a0enloquecerse y a tuitear como loco en mi contra es un buen indicador<\/u>\u201d, indic\u00f3 en entrevista a Radio Sucesos.<\/p>\n<p class=\"p_3\">Adem\u00e1s, cuestion\u00f3 los errores de su rival en la contienda electoral. \u00abCuando vemos a\u00a0<u>Luisa cometer errores<\/u>\u00a0por falta de conocimiento de historia latinoamericana y decir que &#8216;\u00a1<b>Hasta la victoria siempre<\/b>!&#8217; lo dijo Eloy Alfaro en vez de el\u00a0<b>Che Guevara<\/b>, en una carta a Fidel Castro\u00bb.<\/p>\n<div>\n<div>\n<div class=\"trv-player-container\">\n<div class=\"trv-wrapper\">\n<div id=\"br_video_player_586e227c3ffe55333442f8f821d3965a7a4d6079\" class=\"trvd_video_player\">\n<div class=\"media-player\">\n<div class=\"trv-video\">\n<div id=\"truvid_ima_container1418\" class=\"truvid_ima_container trv-ima-container-hidden\">\n<div>La frase \u2018\u00a1<b>Hasta la victoria, siempre<\/b>!\u2019 es un lema de los movimientos revolucionarios de izquierda y se atribuye a Ernesto \u2018Che\u2019 Guevara. Sin embargo, en Ecuador el tema se volvi\u00f3 tendencia luego de que Luisa Gonz\u00e1lez, en una entrevista, asegurara que la expresi\u00f3n pertenec\u00eda a\u00a0<b>Eloy Alfaro<\/b>. \u00ab<u>Es una frase del mejor ecuatoriano de todos los tiempos, que se llama Eloy Alfaro, manabita<\/u>\u00bb enfatiz\u00f3.<\/div>\n<\/div>\n<\/div>\n<\/div>\n<\/div>\n<\/div>\n<\/div>\n<\/div>\n<\/div>\n<p class=\"p_6\">Noboa tambi\u00e9n critic\u00f3 el acuerdo firmado entre Gonz\u00e1lez y el movimiento ind\u00edgena\u00a0<b>Pachakutik<\/b>, se\u00f1alando que contradice su propio plan de gobierno.<\/p>\n<p class=\"p_7\">\u00abCuando, en su desesperaci\u00f3n, firma un acuerdo con Pachakutik y\u00e9ndose en contra de su propio plan de gobierno, ah\u00ed vemos tambi\u00e9n que estamos bien en las encuestas\u00bb, destac\u00f3 el presidente candidato.<\/p>\n<\/div>\n<h2 class=\"h2vistazo\">Rafael Correa arremete contra Noboa<\/h2>\n<div class=\"paragraph texto\">\n<p class=\"p_8\">El expresidente\u00a0<b>Rafael Correa<\/b>\u00a0reaccion\u00f3 de inmediato a las declaraciones de Daniel Noboa, lanzando cr\u00edticas por su viaje a Estados Unidos para reunirse con\u00a0<b>Donald Trump<\/b>\u00a0y por no solicitar\u00a0<b>licencia\u00a0<\/b>a la Asamblea Nacional durante la campa\u00f1a electoral.<\/p>\n<p class=\"p_9\">Este martes, Noboa afirm\u00f3 que, aunque no pidi\u00f3 licencia, cuenta con\u00a0<b>un permiso<\/b>\u00a0y que\u00a0<b>Cynthia Gellibert<\/b>\u00a0es la vicepresidenta encargada tras la suspensi\u00f3n de\u00a0<b>Ver\u00f3nica Abad<\/b>.<\/p>\n<p class=\"p_10\">Tambi\u00e9n desestim\u00f3 la advertencia del Legislativo sobre una posible\u00a0<b>infracci\u00f3n electora<\/b>l, se\u00f1alando que esa no es competencia de la Asamblea Nacional.<\/p>\n<p class=\"p_11\">\u2018Vomitivo. El cinismo en su m\u00e1xima expresi\u00f3n: que cite el art\u00edculo constitucional que establece \u00ab<b>permiso<\/b>\u00bb para el presidente. NO EXISTE\u2019, escribi\u00f3 Correa, acusando a Noboa de actuar con \u00abtrampa, corrupci\u00f3n e ineficiencia\u00bb.<\/p>\n<p class=\"p_12\">Sobre su viaje a EE.UU., Correa cuestion\u00f3 que Noboa emitiera un decreto para establecer una comitiva presidencial con comisi\u00f3n de servicios para una\u00a0<b>visita oficial<\/b>, luego de conocerse que se trat\u00f3 de una reuni\u00f3n privaday, seg\u00fan Noboa, \u00abuna conversaci\u00f3n informal\u00bb con Trump.<\/p>\n<p class=\"p_13\">\u00ab<u>Noboa, nuevamente, minti\u00f3 e incurre en varios delitos<\/u>\u00ab, enfatiz\u00f3 el expresidente Correa. <strong>Fuente: Vistazo<\/strong><\/p>\n<\/div>\n","protected":false},"excerpt":{"rendered":"<p>El presidente y candidato\u00a0Daniel Noboa\u00a0afirm\u00f3 que, m\u00e1s all\u00e1 de las encuestas sobre qui\u00e9n lidera la carrera hacia la segunda vuelta de las Elecciones Generales 2025, en la que compite con la corre\u00edsta\u00a0Luisa Gonz\u00e1lez, el mejor \u00abterm\u00f3metro\u00bb para medir su ventaja es el comportamiento del expresidente\u00a0Rafael Correa, l\u00edder de la Revoluci\u00f3n Ciudadana. Este martes 1 de abril, Noboa ironiz\u00f3 sobre la\u00a0actitud del opositor\u00a0de cara al balotaje. \u2018Cuando vemos a\u00a0Rafael Correa\u00a0enloquecerse y a tuitear como loco en mi contra es un buen indicador\u201d, indic\u00f3 en entrevista a Radio Sucesos. Adem\u00e1s, cuestion\u00f3 los errores de su rival en la contienda electoral. \u00abCuando vemos a\u00a0Luisa cometer errores\u00a0por falta de conocimiento de historia latinoamericana y decir que &#8216;\u00a1Hasta la victoria siempre!&#8217; lo dijo Eloy Alfaro en vez de el\u00a0Che Guevara, en una carta a Fidel Castro\u00bb. La frase \u2018\u00a1Hasta la victoria, siempre!\u2019 es un lema de los movimientos revolucionarios de izquierda y se atribuye a Ernesto \u2018Che\u2019 Guevara. Sin embargo, en Ecuador el tema se volvi\u00f3 tendencia luego de que Luisa Gonz\u00e1lez, en una entrevista, asegurara que la expresi\u00f3n pertenec\u00eda a\u00a0Eloy Alfaro. \u00abEs una frase del mejor ecuatoriano de todos los tiempos, que se llama Eloy Alfaro, manabita\u00bb enfatiz\u00f3. Noboa tambi\u00e9n critic\u00f3 el acuerdo firmado entre Gonz\u00e1lez y el movimiento ind\u00edgena\u00a0Pachakutik, se\u00f1alando que contradice su propio plan de gobierno. \u00abCuando, en su desesperaci\u00f3n, firma un acuerdo con Pachakutik y\u00e9ndose en contra de su propio plan de gobierno, ah\u00ed vemos tambi\u00e9n que estamos bien en las encuestas\u00bb, destac\u00f3 el presidente candidato. Rafael Correa arremete contra Noboa El expresidente\u00a0Rafael Correa\u00a0reaccion\u00f3 de inmediato a las declaraciones de Daniel Noboa, lanzando cr\u00edticas por su viaje a Estados Unidos para reunirse con\u00a0Donald Trump\u00a0y por no solicitar\u00a0licencia\u00a0a la Asamblea Nacional durante la campa\u00f1a electoral. Este martes, Noboa afirm\u00f3 que, aunque no pidi\u00f3 licencia, cuenta con\u00a0un permiso\u00a0y que\u00a0Cynthia Gellibert\u00a0es la vicepresidenta encargada tras la suspensi\u00f3n de\u00a0Ver\u00f3nica Abad. Tambi\u00e9n desestim\u00f3 la advertencia del Legislativo sobre una posible\u00a0infracci\u00f3n electoral, se\u00f1alando que esa no es competencia de la Asamblea Nacional. \u2018Vomitivo. El cinismo en su m\u00e1xima expresi\u00f3n: que cite el art\u00edculo constitucional que establece \u00abpermiso\u00bb para el presidente. NO EXISTE\u2019, escribi\u00f3 Correa, acusando a Noboa de actuar con \u00abtrampa, corrupci\u00f3n e ineficiencia\u00bb. Sobre su viaje a EE.UU., Correa cuestion\u00f3 que Noboa emitiera un decreto para establecer una comitiva presidencial con comisi\u00f3n de servicios para una\u00a0visita oficial, luego de conocerse que se trat\u00f3 de una reuni\u00f3n privaday, seg\u00fan Noboa, \u00abuna conversaci\u00f3n informal\u00bb con Trump. \u00abNoboa, nuevamente, minti\u00f3 e incurre en varios delitos\u00ab, enfatiz\u00f3 el expresidente Correa. Fuente: Vistazo<\/p>\n","protected":false},"author":1,"featured_media":22456,"comment_status":"open","ping_status":"open","sticky":false,"template":"","format":"standard","meta":{"footnotes":""},"categories":[268],"tags":[],"class_list":["post-22455","post","type-post","status-publish","format-standard","has-post-thumbnail","hentry","category-nacionales"],"_links":{"self":[{"href":"https:\/\/www.elamazonico.com\/portal\/wp-json\/wp\/v2\/posts\/22455","targetHints":{"allow":["GET"]}}],"collection":[{"href":"https:\/\/www.elamazonico.com\/portal\/wp-json\/wp\/v2\/posts"}],"about":[{"href":"https:\/\/www.elamazonico.com\/portal\/wp-json\/wp\/v2\/types\/post"}],"author":[{"embeddable":true,"href":"https:\/\/www.elamazonico.com\/portal\/wp-json\/wp\/v2\/users\/1"}],"replies":[{"embeddable":true,"href":"https:\/\/www.elamazonico.com\/portal\/wp-json\/wp\/v2\/comments?post=22455"}],"version-history":[{"count":1,"href":"https:\/\/www.elamazonico.com\/portal\/wp-json\/wp\/v2\/posts\/22455\/revisions"}],"predecessor-version":[{"id":22457,"href":"https:\/\/www.elamazonico.com\/portal\/wp-json\/wp\/v2\/posts\/22455\/revisions\/22457"}],"wp:featuredmedia":[{"embeddable":true,"href":"https:\/\/www.elamazonico.com\/portal\/wp-json\/wp\/v2\/media\/22456"}],"wp:attachment":[{"href":"https:\/\/www.elamazonico.com\/portal\/wp-json\/wp\/v2\/media?parent=22455"}],"wp:term":[{"taxonomy":"category","embeddable":true,"href":"https:\/\/www.elamazonico.com\/portal\/wp-json\/wp\/v2\/categories?post=22455"},{"taxonomy":"post_tag","embeddable":true,"href":"https:\/\/www.elamazonico.com\/portal\/wp-json\/wp\/v2\/tags?post=22455"}],"curies":[{"name":"wp","href":"https:\/\/api.w.org\/{rel}","templated":true}]}}