{"id":22426,"date":"2025-04-01T04:00:45","date_gmt":"2025-04-01T09:00:45","guid":{"rendered":"https:\/\/www.elamazonico.com\/portal\/?p=22426"},"modified":"2025-03-31T19:16:17","modified_gmt":"2025-04-01T00:16:17","slug":"el-ministerio-de-transporte-y-obras-publicas-anuncia-financiamiento-para-la-ejecucion-del-iv-eje-vial","status":"publish","type":"post","link":"https:\/\/www.elamazonico.com\/portal\/el-ministerio-de-transporte-y-obras-publicas-anuncia-financiamiento-para-la-ejecucion-del-iv-eje-vial\/","title":{"rendered":"El Ministerio de Transporte y Obras P\u00fablicas anuncia financiamiento para la ejecuci\u00f3n del IV Eje Vial"},"content":{"rendered":"<p>El director provincial del Ministerio de Transporte y Obras P\u00fablicas (MTOP), ingeniero Gustavo G\u00e1lvez, anunci\u00f3 en rueda de prensa que ya se cuenta con un financiamiento de 150 millones de d\u00f3lares para la ejecuci\u00f3n del IV Eje Vial. Durante su intervenci\u00f3n, detall\u00f3 los trabajos previos realizados para la aprobaci\u00f3n del cr\u00e9dito y explic\u00f3 los procesos a seguir para la adjudicaci\u00f3n del contrato y el inicio de las obras.<\/p>\n<p>Este financiamiento, suscrito entre el Ministerio de Econom\u00eda y Finanzas y el Banco Interamericano de Desarrollo (BID), permitir\u00e1 la intervenci\u00f3n del segundo tramo de la v\u00eda Bellavista-Zumba-La Balsa, de 53 kil\u00f3metros de longitud, un anhelo de los habitantes de Zamora Chinchipe y Loja que ha esperado cerca de 27 a\u00f1os para su concreci\u00f3n.<\/p>\n<p>El tramo a ser ejecutado forma parte del IV Eje Vial, un corredor estrat\u00e9gico que comunica a las provincias de Loja y Zamora Chinchipe con la zona norte del Per\u00fa, fortaleciendo la integraci\u00f3n binacional y el desarrollo econ\u00f3mico de la regi\u00f3n. Cabe recordar que el primer tramo de esta infraestructura vial, correspondiente a la v\u00eda Vilcabamba-Bellavista de 101 kil\u00f3metros, fue intervenido parcialmente en a\u00f1os anteriores, mientras que el segundo tramo no hab\u00eda sido ejecutado a pesar de los compromisos asumidos por administraciones anteriores.<\/p>\n<p>El IV Eje Vial es el resultado del Acuerdo de Paz suscrito entre Ecuador y Per\u00fa en Brasilia el 26 de octubre de 1998. Sin embargo, a pesar del tiempo transcurrido desde la firma del tratado, la ejecuci\u00f3n de esta obra ha enfrentado numerosos retrasos. Ahora, en las postrimer\u00edas del actual gobierno del presidente Daniel Noboa Azin, y en el contexto de un proceso electoral, se concreta la firma del contrato de financiamiento, lo que abre la posibilidad de que la obra finalmente se haga realidad.<\/p>\n<p>El Ministerio de Transporte y Obras P\u00fablicas reafirma su compromiso con el desarrollo vial del pa\u00eds y garantizar\u00e1 que los procesos administrativos y t\u00e9cnicos se cumplan de manera rigurosa para la pronta ejecuci\u00f3n del proyecto, asegurando as\u00ed el fortalecimiento de la conectividad y el bienestar de los ciudadanos de Loja y Zamora Chinchipe.<\/p>\n","protected":false},"excerpt":{"rendered":"<p>El director provincial del Ministerio de Transporte y Obras P\u00fablicas (MTOP), ingeniero Gustavo G\u00e1lvez, anunci\u00f3 en rueda de prensa que ya se cuenta con un financiamiento de 150 millones de d\u00f3lares para la ejecuci\u00f3n del IV Eje Vial. Durante su intervenci\u00f3n, detall\u00f3 los trabajos previos realizados para la aprobaci\u00f3n del cr\u00e9dito y explic\u00f3 los procesos a seguir para la adjudicaci\u00f3n del contrato y el inicio de las obras. Este financiamiento, suscrito entre el Ministerio de Econom\u00eda y Finanzas y el Banco Interamericano de Desarrollo (BID), permitir\u00e1 la intervenci\u00f3n del segundo tramo de la v\u00eda Bellavista-Zumba-La Balsa, de 53 kil\u00f3metros de longitud, un anhelo de los habitantes de Zamora Chinchipe y Loja que ha esperado cerca de 27 a\u00f1os para su concreci\u00f3n. El tramo a ser ejecutado forma parte del IV Eje Vial, un corredor estrat\u00e9gico que comunica a las provincias de Loja y Zamora Chinchipe con la zona norte del Per\u00fa, fortaleciendo la integraci\u00f3n binacional y el desarrollo econ\u00f3mico de la regi\u00f3n. Cabe recordar que el primer tramo de esta infraestructura vial, correspondiente a la v\u00eda Vilcabamba-Bellavista de 101 kil\u00f3metros, fue intervenido parcialmente en a\u00f1os anteriores, mientras que el segundo tramo no hab\u00eda sido ejecutado a pesar de los compromisos asumidos por administraciones anteriores. El IV Eje Vial es el resultado del Acuerdo de Paz suscrito entre Ecuador y Per\u00fa en Brasilia el 26 de octubre de 1998. Sin embargo, a pesar del tiempo transcurrido desde la firma del tratado, la ejecuci\u00f3n de esta obra ha enfrentado numerosos retrasos. Ahora, en las postrimer\u00edas del actual gobierno del presidente Daniel Noboa Azin, y en el contexto de un proceso electoral, se concreta la firma del contrato de financiamiento, lo que abre la posibilidad de que la obra finalmente se haga realidad. El Ministerio de Transporte y Obras P\u00fablicas reafirma su compromiso con el desarrollo vial del pa\u00eds y garantizar\u00e1 que los procesos administrativos y t\u00e9cnicos se cumplan de manera rigurosa para la pronta ejecuci\u00f3n del proyecto, asegurando as\u00ed el fortalecimiento de la conectividad y el bienestar de los ciudadanos de Loja y Zamora Chinchipe.<\/p>\n","protected":false},"author":1,"featured_media":22427,"comment_status":"open","ping_status":"open","sticky":false,"template":"","format":"standard","meta":{"footnotes":""},"categories":[243],"tags":[],"class_list":["post-22426","post","type-post","status-publish","format-standard","has-post-thumbnail","hentry","category-noticias-zamora"],"_links":{"self":[{"href":"https:\/\/www.elamazonico.com\/portal\/wp-json\/wp\/v2\/posts\/22426","targetHints":{"allow":["GET"]}}],"collection":[{"href":"https:\/\/www.elamazonico.com\/portal\/wp-json\/wp\/v2\/posts"}],"about":[{"href":"https:\/\/www.elamazonico.com\/portal\/wp-json\/wp\/v2\/types\/post"}],"author":[{"embeddable":true,"href":"https:\/\/www.elamazonico.com\/portal\/wp-json\/wp\/v2\/users\/1"}],"replies":[{"embeddable":true,"href":"https:\/\/www.elamazonico.com\/portal\/wp-json\/wp\/v2\/comments?post=22426"}],"version-history":[{"count":1,"href":"https:\/\/www.elamazonico.com\/portal\/wp-json\/wp\/v2\/posts\/22426\/revisions"}],"predecessor-version":[{"id":22428,"href":"https:\/\/www.elamazonico.com\/portal\/wp-json\/wp\/v2\/posts\/22426\/revisions\/22428"}],"wp:featuredmedia":[{"embeddable":true,"href":"https:\/\/www.elamazonico.com\/portal\/wp-json\/wp\/v2\/media\/22427"}],"wp:attachment":[{"href":"https:\/\/www.elamazonico.com\/portal\/wp-json\/wp\/v2\/media?parent=22426"}],"wp:term":[{"taxonomy":"category","embeddable":true,"href":"https:\/\/www.elamazonico.com\/portal\/wp-json\/wp\/v2\/categories?post=22426"},{"taxonomy":"post_tag","embeddable":true,"href":"https:\/\/www.elamazonico.com\/portal\/wp-json\/wp\/v2\/tags?post=22426"}],"curies":[{"name":"wp","href":"https:\/\/api.w.org\/{rel}","templated":true}]}}