{"id":22410,"date":"2025-03-31T15:57:32","date_gmt":"2025-03-31T20:57:32","guid":{"rendered":"https:\/\/www.elamazonico.com\/portal\/?p=22410"},"modified":"2025-03-31T15:57:32","modified_gmt":"2025-03-31T20:57:32","slug":"annabella-azin-sobre-encuentro-de-daniel-noboa-con-donald-trump-no-fue-una-visita-oficial","status":"publish","type":"post","link":"https:\/\/www.elamazonico.com\/portal\/annabella-azin-sobre-encuentro-de-daniel-noboa-con-donald-trump-no-fue-una-visita-oficial\/","title":{"rendered":"Annabella Az\u00edn sobre encuentro de Daniel Noboa con Donald Trump: &#8216;No fue una visita oficial&#8217;"},"content":{"rendered":"<div class=\"paragraph texto\">\n<p class=\"p_0\"><b><a href=\"https:\/\/www.vistazo.com\/politica\/elecciones-ecuador-2025\/quien-es-anabella-azin-mama-presidente-daniel-noboa-presidira-primera-sesion-nueva-asamblea-nacional-2025-YG8787551\">Annabella Az\u00edn<\/a><\/b>, asamble\u00edsta electa y madre del presidente-candidato\u00a0<b><a href=\"https:\/\/www.vistazo.com\/politica\/internacional\/2025-03-29-daniel-noboa-se-reunio-donald-trump-de-forma-reservada-LD9041728\">Daniel Noboa<\/a><\/b>, dio detalles sobre la visita del mandatario ecuatoriano a su hom\u00f3logo\u00a0<b><a href=\"https:\/\/www.vistazo.com\/politica\/internacional\/2025-03-28-casa-blanca-confirma-reunion-trump-presidente-daniel-noboa-HE9035548\">Donald Trump<\/a><\/b>\u00a0en Miami, Florida.<\/p>\n<p class=\"p_1\">La pol\u00edtica resalt\u00f3 que los Estados Unidos son los principales socios comerciales del Ecuador, ya que se exportan muchos productos, por lo cual calific\u00f3 la reuni\u00f3n de Noboa con Trump como una\u00a0<u><b>\u201cgran oportunidad\u201d<\/b><\/u>.<\/p>\n<\/div>\n<div class=\"Citavistazo\">\u201cAunque no fue una visita oficial, pero no importa que no haya sido una visita oficial, fue una visita para decirle lo que necesitamos, que estamos aqu\u00ed y tenemos esta problem\u00e1tica de seguridad tan grande, que necesitamos apoyo porque es una problem\u00e1tica transnacional\u201d, asegur\u00f3 Annabella Az\u00edn la ma\u00f1ana de este lunes en W Radio.<\/div>\n<div class=\"paragraph texto\">\n<p class=\"p_3\">Agreg\u00f3 que \u201cDaniel fue a pedirle ayuda al presidente Trump y a conversar sobe el tema de nuestros\u00a0<u><b>migrantes<\/b><\/u>, que\u00a0<u>han tenido un trato distinto versus los migrantes de otros pa\u00edses que los han repatriado<\/u>\u201d.<\/p>\n<p class=\"p_4\">\n<\/div>\n<div class=\"multimediaMacroWrapper img lateral\">\n<figure class=\"contentMedia art-img\">\n<div><img fetchpriority=\"high\" decoding=\"async\" class=\" lazyloaded\" title=\"Daniel Noboa y Lavinia Valbonesi junto a Donald Trump.\" src=\"https:\/\/www.vistazo.com\/placeholder\/svg\/viewbox\/768x432\" sizes=\"100vw\" srcset=\"\/\/www.vistazo.com\/binrepository\/768x432\/0c0\/0d0\/none\/12727\/YCGN\/gnp-68mxqaaakj6-2104501-2025032920165_2106423_20250331122221.jpg 768w,\/\/www.vistazo.com\/binrepository\/640x360\/0c0\/0d0\/none\/12727\/YCGG\/gnp-68mxqaaakj6-2104501-2025032920165_2106423_20250331122221.jpg 640w,\/\/www.vistazo.com\/binrepository\/512x288\/0c0\/0d0\/none\/12727\/YCGF\/gnp-68mxqaaakj6-2104501-2025032920165_2106423_20250331122221.jpg 512w,\/\/www.vistazo.com\/binrepository\/384x216\/0c0\/0d0\/none\/12727\/YCGL\/gnp-68mxqaaakj6-2104501-2025032920165_2106423_20250331122221.jpg 384w,\/\/www.vistazo.com\/binrepository\/300x169\/0c0\/0d0\/none\/12727\/YCGM\/gnp-68mxqaaakj6-2104501-2025032920165_2106423_20250331122221.jpg 300w\" alt=\"$!Daniel Noboa y Lavinia Valbonesi junto a Donald Trump.\" width=\"768\" height=\"432\" data-srcset=\"\/\/www.vistazo.com\/binrepository\/768x432\/0c0\/0d0\/none\/12727\/YCGN\/gnp-68mxqaaakj6-2104501-2025032920165_2106423_20250331122221.jpg 768w,\/\/www.vistazo.com\/binrepository\/640x360\/0c0\/0d0\/none\/12727\/YCGG\/gnp-68mxqaaakj6-2104501-2025032920165_2106423_20250331122221.jpg 640w,\/\/www.vistazo.com\/binrepository\/512x288\/0c0\/0d0\/none\/12727\/YCGF\/gnp-68mxqaaakj6-2104501-2025032920165_2106423_20250331122221.jpg 512w,\/\/www.vistazo.com\/binrepository\/384x216\/0c0\/0d0\/none\/12727\/YCGL\/gnp-68mxqaaakj6-2104501-2025032920165_2106423_20250331122221.jpg 384w,\/\/www.vistazo.com\/binrepository\/300x169\/0c0\/0d0\/none\/12727\/YCGM\/gnp-68mxqaaakj6-2104501-2025032920165_2106423_20250331122221.jpg 300w\" \/><\/div>\n<div class=\"cutline-byline\"><span class=\"cutline-text\">Daniel Noboa y Lavinia Valbonesi junto a Donald Trump.\u00a0<\/span><span class=\"byline-image\">(Foto: redes sociales )<\/span><\/div>\n<\/figure>\n<\/div>\n<h2 class=\"h2vistazo\">\u00bfQU\u00c9 SE CONOCE SOBRE LA REUNI\u00d3N?<\/h2>\n<div class=\"paragraph texto\">\n<p class=\"p_5\">El presidente-candidato visit\u00f3 a\u00a0<b>Donald Trump<\/b>\u00a0el pasado s\u00e1bado 29 de marzo del 2025 en la mansi\u00f3n del mandatario estadounidense\u00a0<u><b>Mar-a-Lago<\/b><\/u>, ubicada en Miami.<\/p>\n<p class=\"p_6\">Noboa public\u00f3 una fotograf\u00eda en la cual se observa al presidente de Estados Unidos en medio del jefe de Estado ecuatoriano y su esposa\u00a0<b>Lavinia Valbonesi<\/b>.<\/p>\n<p class=\"p_7\">Sobre los resultados de la reuni\u00f3n se conocen pocos detalles. Sin embargo, Noboa hab\u00eda avanzado que iban a discutir sobre cooperaci\u00f3n en\u00a0<u><b>seguridad, migraci\u00f3n y comercio<\/b><\/u>.<\/p>\n<p class=\"p_8\">La idea tambi\u00e9n era finiquitar varios acuerdos en el marco de la lucha contra los carteles y gestionar la posibilidad de recibir<u><b>\u00a0fuerzas especiales militares estadounidenses<\/b><\/u>.<\/p>\n<p class=\"p_9\">De hecho, la cadena CNN revel\u00f3 los planos de lo que ser\u00eda una<b><a href=\"https:\/\/www.vistazo.com\/actualidad\/nacional\/2023-03-29-ecuador-alista-llegadan-tropas-estadounidenses-revelan-planos-base-manta-EC9040745\">\u00a0nueva base militar en Manta<\/a><\/b>. Un funcionario ecuatoriano coment\u00f3 que la estructura contar\u00e1 con viviendas y oficinas administrativas de estilo cuartel dise\u00f1adas para apoyar operaciones sostenidas.<\/p>\n<p class=\"p_10\">Adem\u00e1s, Noboa quer\u00eda que Trump declare como terroristas a los grupos de delincuencia organizada (GDO) de Ecuador. Sin embargo, se desconoce si estas ideas lograron concretarse tras la visita.<strong> Fuente: Vistazo<\/strong><\/p>\n<\/div>\n","protected":false},"excerpt":{"rendered":"<p>Annabella Az\u00edn, asamble\u00edsta electa y madre del presidente-candidato\u00a0Daniel Noboa, dio detalles sobre la visita del mandatario ecuatoriano a su hom\u00f3logo\u00a0Donald Trump\u00a0en Miami, Florida. La pol\u00edtica resalt\u00f3 que los Estados Unidos son los principales socios comerciales del Ecuador, ya que se exportan muchos productos, por lo cual calific\u00f3 la reuni\u00f3n de Noboa con Trump como una\u00a0\u201cgran oportunidad\u201d. \u201cAunque no fue una visita oficial, pero no importa que no haya sido una visita oficial, fue una visita para decirle lo que necesitamos, que estamos aqu\u00ed y tenemos esta problem\u00e1tica de seguridad tan grande, que necesitamos apoyo porque es una problem\u00e1tica transnacional\u201d, asegur\u00f3 Annabella Az\u00edn la ma\u00f1ana de este lunes en W Radio. Agreg\u00f3 que \u201cDaniel fue a pedirle ayuda al presidente Trump y a conversar sobe el tema de nuestros\u00a0migrantes, que\u00a0han tenido un trato distinto versus los migrantes de otros pa\u00edses que los han repatriado\u201d. Daniel Noboa y Lavinia Valbonesi junto a Donald Trump.\u00a0(Foto: redes sociales ) \u00bfQU\u00c9 SE CONOCE SOBRE LA REUNI\u00d3N? El presidente-candidato visit\u00f3 a\u00a0Donald Trump\u00a0el pasado s\u00e1bado 29 de marzo del 2025 en la mansi\u00f3n del mandatario estadounidense\u00a0Mar-a-Lago, ubicada en Miami. Noboa public\u00f3 una fotograf\u00eda en la cual se observa al presidente de Estados Unidos en medio del jefe de Estado ecuatoriano y su esposa\u00a0Lavinia Valbonesi. Sobre los resultados de la reuni\u00f3n se conocen pocos detalles. Sin embargo, Noboa hab\u00eda avanzado que iban a discutir sobre cooperaci\u00f3n en\u00a0seguridad, migraci\u00f3n y comercio. La idea tambi\u00e9n era finiquitar varios acuerdos en el marco de la lucha contra los carteles y gestionar la posibilidad de recibir\u00a0fuerzas especiales militares estadounidenses. De hecho, la cadena CNN revel\u00f3 los planos de lo que ser\u00eda una\u00a0nueva base militar en Manta. Un funcionario ecuatoriano coment\u00f3 que la estructura contar\u00e1 con viviendas y oficinas administrativas de estilo cuartel dise\u00f1adas para apoyar operaciones sostenidas. Adem\u00e1s, Noboa quer\u00eda que Trump declare como terroristas a los grupos de delincuencia organizada (GDO) de Ecuador. Sin embargo, se desconoce si estas ideas lograron concretarse tras la visita. Fuente: Vistazo<\/p>\n","protected":false},"author":1,"featured_media":22411,"comment_status":"open","ping_status":"open","sticky":false,"template":"","format":"standard","meta":{"footnotes":""},"categories":[268],"tags":[],"class_list":["post-22410","post","type-post","status-publish","format-standard","has-post-thumbnail","hentry","category-nacionales"],"_links":{"self":[{"href":"https:\/\/www.elamazonico.com\/portal\/wp-json\/wp\/v2\/posts\/22410","targetHints":{"allow":["GET"]}}],"collection":[{"href":"https:\/\/www.elamazonico.com\/portal\/wp-json\/wp\/v2\/posts"}],"about":[{"href":"https:\/\/www.elamazonico.com\/portal\/wp-json\/wp\/v2\/types\/post"}],"author":[{"embeddable":true,"href":"https:\/\/www.elamazonico.com\/portal\/wp-json\/wp\/v2\/users\/1"}],"replies":[{"embeddable":true,"href":"https:\/\/www.elamazonico.com\/portal\/wp-json\/wp\/v2\/comments?post=22410"}],"version-history":[{"count":1,"href":"https:\/\/www.elamazonico.com\/portal\/wp-json\/wp\/v2\/posts\/22410\/revisions"}],"predecessor-version":[{"id":22412,"href":"https:\/\/www.elamazonico.com\/portal\/wp-json\/wp\/v2\/posts\/22410\/revisions\/22412"}],"wp:featuredmedia":[{"embeddable":true,"href":"https:\/\/www.elamazonico.com\/portal\/wp-json\/wp\/v2\/media\/22411"}],"wp:attachment":[{"href":"https:\/\/www.elamazonico.com\/portal\/wp-json\/wp\/v2\/media?parent=22410"}],"wp:term":[{"taxonomy":"category","embeddable":true,"href":"https:\/\/www.elamazonico.com\/portal\/wp-json\/wp\/v2\/categories?post=22410"},{"taxonomy":"post_tag","embeddable":true,"href":"https:\/\/www.elamazonico.com\/portal\/wp-json\/wp\/v2\/tags?post=22410"}],"curies":[{"name":"wp","href":"https:\/\/api.w.org\/{rel}","templated":true}]}}