{"id":22403,"date":"2025-03-31T11:45:29","date_gmt":"2025-03-31T16:45:29","guid":{"rendered":"https:\/\/www.elamazonico.com\/portal\/?p=22403"},"modified":"2025-03-31T11:45:48","modified_gmt":"2025-03-31T16:45:48","slug":"quien-es-alias-momo-considerado-por-el-gobierno-como-autor-intelectual-del-asesinato-de-los-cuatro-menores-de-las-malvinas","status":"publish","type":"post","link":"https:\/\/www.elamazonico.com\/portal\/quien-es-alias-momo-considerado-por-el-gobierno-como-autor-intelectual-del-asesinato-de-los-cuatro-menores-de-las-malvinas\/","title":{"rendered":"\u00bfQui\u00e9n es alias &#8216;Momo&#8217;? Considerado por el Gobierno como autor intelectual del asesinato de los cuatro menores de Las Malvinas"},"content":{"rendered":"<div class=\"paragraph texto\">\n<p class=\"p_0\"><b><a href=\"https:\/\/www.vistazo.com\/actualidad\/nacional\/2025-03-31-caso-malvinas-capturan-alias-momo-asesinato-incineracion-cuatro-menores-EX9044446\">Bryan Vicente A. A<\/a>.<\/b>, conocido como alias \u2018Momo\u2019,<b>\u00a0fue capturado este lunes 31 de marzo del 2025\u00a0<\/b>en la parroquia\u00a0<a href=\"https:\/\/www.vistazo.com\/actualidad\/nacional\/2024-12-27-ninos-desaparecidos-guayaquil-como-es-taura-parroquia-vistos-ultima-vez-YA8534212\">Taura<\/a>\u00a0del cant\u00f3n Naranjal, provincia del Guayas. El sujeto es se\u00f1alo como la persona que habr\u00eda ordenado el asesinado de los cuatro menores de\u00a0<b><a href=\"https:\/\/www.vistazo.com\/actualidad\/nacional\/2025-03-28-caso-malvinas-autopsia-revela-craneos-victimas-tenian-disparos-cabeza-FC9037362\">Las Malvinas<\/a><\/b>. Detr\u00e1s de este hombre hay un\u00a0<u><b>turbulento pasado y una irregular salida de la c\u00e1rcel<\/b><\/u>\u00a0bajo un indulto.<\/p>\n<p class=\"p_1\">Por el momento, se conoce que este individuo fue capturado en un operativo policial por\u00a0<u><b>tenencia ilegal de armas<\/b><\/u>, un delito por el cual ya hab\u00eda sido detenido en el 2023.<\/p>\n<p class=\"p_2\">El\u00a0<b>Ministerio de Defensa<\/b>\u00a0confirm\u00f3 la noticia y lo catalog\u00f3 como\u00a0<u><b>actor<\/b><\/u>\u00a0intelectual del asesinato de los tres adolescentes y el ni\u00f1o de Las Malvinas.<\/p>\n<p class=\"p_3\">Su nombre surgi\u00f3 tras la\u00a0<u><b>versi\u00f3n del segundo testigo clave<\/b><\/u>\u00a0del caso Malvinas, Luigi V., quien coment\u00f3 que una banda criminal se llev\u00f3 a los cuatro menores y se\u00f1al\u00f3 los alias de los presuntos responsables. Sobre \u2018Momo\u2019 indic\u00f3 que<u><b>\u00a0habr\u00eda dado la orden para que los cuerpos sean quemados<\/b><\/u>.<\/p>\n<\/div>\n<div class=\"multimediaMacroWrapper img lateral\">\n<figure class=\"contentMedia art-img\">\n<div><img fetchpriority=\"high\" decoding=\"async\" class=\" lazyloaded\" title=\"Lugar donde fueron encontrados los cuatro cuerpos.\" src=\"https:\/\/www.vistazo.com\/placeholder\/svg\/viewbox\/768x768\" sizes=\"100vw\" srcset=\"\/\/www.vistazo.com\/binrepository\/768x768\/0c0\/0d0\/none\/12727\/XHKB\/heriberto-2-1945507-20250108091535-19_2105948_20250331101905.jpg 768w,\/\/www.vistazo.com\/binrepository\/640x640\/0c0\/0d0\/none\/12727\/XHKB\/heriberto-2-1945507-20250108091535-19_2105948_20250331101905.jpg 640w,\/\/www.vistazo.com\/binrepository\/512x512\/0c0\/0d0\/none\/12727\/XHKB\/heriberto-2-1945507-20250108091535-19_2105948_20250331101905.jpg 512w,\/\/www.vistazo.com\/binrepository\/384x384\/0c0\/0d0\/none\/12727\/XHKB\/heriberto-2-1945507-20250108091535-19_2105948_20250331101905.jpg 384w,\/\/www.vistazo.com\/binrepository\/300x300\/0c0\/0d0\/none\/12727\/XHKB\/heriberto-2-1945507-20250108091535-19_2105948_20250331101905.jpg 300w\" alt=\"$!Lugar donde fueron encontrados los cuatro cuerpos.\" width=\"768\" height=\"768\" data-srcset=\"\/\/www.vistazo.com\/binrepository\/768x768\/0c0\/0d0\/none\/12727\/XHKB\/heriberto-2-1945507-20250108091535-19_2105948_20250331101905.jpg 768w,\/\/www.vistazo.com\/binrepository\/640x640\/0c0\/0d0\/none\/12727\/XHKB\/heriberto-2-1945507-20250108091535-19_2105948_20250331101905.jpg 640w,\/\/www.vistazo.com\/binrepository\/512x512\/0c0\/0d0\/none\/12727\/XHKB\/heriberto-2-1945507-20250108091535-19_2105948_20250331101905.jpg 512w,\/\/www.vistazo.com\/binrepository\/384x384\/0c0\/0d0\/none\/12727\/XHKB\/heriberto-2-1945507-20250108091535-19_2105948_20250331101905.jpg 384w,\/\/www.vistazo.com\/binrepository\/300x300\/0c0\/0d0\/none\/12727\/XHKB\/heriberto-2-1945507-20250108091535-19_2105948_20250331101905.jpg 300w\" \/><\/div>\n<div class=\"cutline-byline\"><span class=\"cutline-text\">Lugar donde fueron encontrados los cuatro cuerpos.<\/span>\u00a0<span class=\"byline-image\">(Foto: captura)<\/span><\/div>\n<\/figure>\n<\/div>\n<h2 class=\"h2vistazo\">ANTECEDENTES<\/h2>\n<div class=\"paragraph texto\">\n<p class=\"p_5\">En el sistema judicial \u2018Momo\u2019 registra\u00a0<u><b>cuatro antecedentes\u00a0<\/b><\/u>por asociaci\u00f3n il\u00edcita, receptaci\u00f3n, tenencia y porte de armas y delincuencia organizada.<\/p>\n<p class=\"p_6\">El proceso de\u00a0<u><b>asociaci\u00f3n il\u00edcita\u00a0<\/b><\/u>fue registrado en febrero del 2020, cuando \u2018Momo\u2019 ten\u00eda 21 a\u00f1os. En ese expediente judicial se menciona que el estado civil era soltero, su residencia era la parroquia Taura y se dedicaba a la\u00a0<u><b>recolecci\u00f3n de cangrejos<\/b><\/u>.<\/p>\n<p class=\"p_7\">El caso ten\u00eda que ver con la venta irregular de un veh\u00edculo y un secuestro express. Sin embargo, \u00e9l y sus amigos\u00a0<u>fueron declarados inocentes<\/u>, porque las pruebas de la Fiscal\u00eda fueron insuficientes.<\/p>\n<p class=\"p_8\">En febrero del 2021, en cambio, \u2018Momo\u2019 fue procesado por\u00a0<u><b>receptaci\u00f3n<\/b><\/u>. \u00c9l y otros sujetos hab\u00edan estado custodiando unos\u00a0<u>200 sacos de balanceado para camarones<\/u>, los cuales estaban escondidos a orillas del r\u00edo Taura. El grupo de hombres pose\u00eda armas de fuego y\u00a0<b>no pudieron justificar la procedencia del material<\/b>. La Polic\u00eda sospechaba que el balanceado era\u00a0<u><b>robado<\/b><\/u>. Pero en el camino el Ministerio P\u00fablico se abstuvo de la acusaci\u00f3n y los implicados fueron declarados inocentes.<\/p>\n<p class=\"p_10\">A\u00f1os despu\u00e9s, en marzo del 2023, \u2018Momo\u2019 recibi\u00f3 una nueva acusaci\u00f3n por\u00a0<u><b>tenencia y porte de armas<\/b><\/u>. Por aquellos d\u00edas se dio un enfrentamiento armado entre la banda\u00a0<b><a href=\"https:\/\/www.vistazo.com\/actualidad\/nacional\/camilo-ponce-enriquez-territorio-oro-sangre-disputan-los-lobos-GI7857954\">\u2018Los Lobos\u2019\u00a0<\/a><\/b>y miembros de la seguridad de\u00a0<b><a href=\"https:\/\/www.vistazo.com\/actualidad\/nacional\/2025-01-16-capturan-medellin-expareja-alias-junior-buscada-alerta-roja-interpol-FY8634887\">alias \u2018JR\u2019<\/a>,<\/b>\u00a0l\u00edder criminal de la banda terrorista \u2018Las \u00c1guilas\u2019, que fue asesinado en Colombia.<\/p>\n<p class=\"p_11\">Como resultado, \u2018JR\u2019 qued\u00f3 herido y lo trasladaron desde El Triunfo (Guayas) hasta una cl\u00ednica de la\u00a0<u><b>parroquia Virgen de F\u00e1tima<\/b><\/u>. Ah\u00ed se dio otro combate con agentes policiales y result\u00f3 detenido alias \u2018Momo\u2019.<\/p>\n<p class=\"p_12\">Este sujeto qued\u00f3 en prisi\u00f3n preventiva, pero despu\u00e9s recibi\u00f3 una medida cautelar de presentaci\u00f3n peri\u00f3dica. En junio del 2024, la Fiscal\u00eda se abstuvo de la acusaci\u00f3n porque no se pudo demostrar que las personas sindicadas hab\u00edan portado armas de fuego y la jueza dict\u00f3 sobreseimiento.<\/p>\n<p class=\"p_13\">Finalmente, en octubre del 2023, \u2018Momo\u2019 volvi\u00f3 a reincidir y sum\u00f3 una nueva acusaci\u00f3n por\u00a0<u><b>delincuencia organizada<\/b><\/u>. Seg\u00fan el expediente judicial, formaba parte de una organizaci\u00f3n dedicada al\u00a0<u><b>robo de camiones y tr\u00e1ilers de carga pesada<\/b><\/u>, en los cantones de Dur\u00e1n, Yaguachi, El Triunfo y Naranjal. Por este tema, lo condenaron a cinco a\u00f1os de c\u00e1rcel.<\/p>\n<p class=\"p_14\">Sobre la banda a la que pertenece este sujeto todav\u00eda no hay informaci\u00f3n concreta. Aparentemente, ser\u00eda cabecilla de \u2018<b>Las \u00c1guilas\u2019<\/b>, brazo armado de Los Choneros.<\/p>\n<\/div>\n<div class=\"multimediaMacroWrapper img lateral\">\n<figure class=\"contentMedia art-img\">\n<div><img decoding=\"async\" class=\" lazyloaded\" title=\"Identificaci\u00f3n de alias 'Momo'.\" src=\"https:\/\/www.vistazo.com\/placeholder\/svg\/viewbox\/767x348\" sizes=\"100vw\" srcset=\"\/\/www.vistazo.com\/binrepository\/767x348\/0c0\/0d0\/none\/12727\/SGNI\/captura-de-pantalla-2025-03-31-a-la-s_2105951_20250331102017.png 767w,\/\/www.vistazo.com\/binrepository\/639x290\/0c0\/0d0\/none\/12727\/SGNG\/captura-de-pantalla-2025-03-31-a-la-s_2105951_20250331102017.png 639w,\/\/www.vistazo.com\/binrepository\/511x232\/0c0\/0d0\/none\/12727\/SGNH\/captura-de-pantalla-2025-03-31-a-la-s_2105951_20250331102017.png 511w,\/\/www.vistazo.com\/binrepository\/384x174\/0c0\/0d0\/none\/12727\/SGNM\/captura-de-pantalla-2025-03-31-a-la-s_2105951_20250331102017.png 384w,\/\/www.vistazo.com\/binrepository\/300x136\/0c0\/0d0\/none\/12727\/SGNG\/captura-de-pantalla-2025-03-31-a-la-s_2105951_20250331102017.png 300w\" alt=\"$!Identificaci\u00f3n de alias 'Momo'.\" width=\"767\" height=\"348\" data-srcset=\"\/\/www.vistazo.com\/binrepository\/767x348\/0c0\/0d0\/none\/12727\/SGNI\/captura-de-pantalla-2025-03-31-a-la-s_2105951_20250331102017.png 767w,\/\/www.vistazo.com\/binrepository\/639x290\/0c0\/0d0\/none\/12727\/SGNG\/captura-de-pantalla-2025-03-31-a-la-s_2105951_20250331102017.png 639w,\/\/www.vistazo.com\/binrepository\/511x232\/0c0\/0d0\/none\/12727\/SGNH\/captura-de-pantalla-2025-03-31-a-la-s_2105951_20250331102017.png 511w,\/\/www.vistazo.com\/binrepository\/384x174\/0c0\/0d0\/none\/12727\/SGNM\/captura-de-pantalla-2025-03-31-a-la-s_2105951_20250331102017.png 384w,\/\/www.vistazo.com\/binrepository\/300x136\/0c0\/0d0\/none\/12727\/SGNG\/captura-de-pantalla-2025-03-31-a-la-s_2105951_20250331102017.png 300w\" \/><\/div>\n<div class=\"cutline-byline\"><span class=\"cutline-text\">Identificaci\u00f3n de alias &#8216;Momo&#8217;.<\/span>\u00a0<span class=\"byline-image\">(Foto: redes sociales )<\/span><\/div>\n<\/figure>\n<\/div>\n<h2 class=\"h2vistazo\">\u00bfC\u00d3MO SALI\u00d3 DE LA C\u00c1RCEL?<\/h2>\n<div class=\"paragraph texto\">\n<p class=\"p_16\">Un indulto fue la estrategia que utiliz\u00f3 Bryan Vicente A. A.,\u00a0<b><a href=\"https:\/\/www.vistazo.com\/actualidad\/nacional\/2025-01-16-caso-malvinas-pasado-alias-momo-quien-habria-ordenado-quema-cuatro-ninos-KA8637084\">alias \u2018Momo\u2019<\/a><\/b>, para salir de la c\u00e1rcel, pese a que ten\u00eda una sentencia por delincuencia organizada y otros antecedentes penales.<\/p>\n<p class=\"p_17\">El 27 de diciembre del 2024, el privado de la libertad fue acreedor de un indulto concedido por el\u00a0<b>juez Jorge Enrique A<\/b>., de la Unidad Judicial Especializada de Garant\u00edas Penitenciarias con sede en el cant\u00f3n Guayaquil.<\/p>\n<p class=\"p_18\">El reo se aprovech\u00f3 del\u00a0<b>Decreto No. 265<\/b>, que hab\u00eda emitido el expresidente\u00a0<a href=\"https:\/\/www.vistazo.com\/politica\/nacional\/2025-01-22-daniel-noboa-hace-ajustes-indultos-presidenciales-XE8666819\"><b>Guillermo Lasso<\/b>,<\/a>\u00a0en el cual perdonaba totalmente la pena de aquellos privados de la libertad con enfermedades catastr\u00f3ficas. El objetivo de la medida era reducir el hacinamiento en las c\u00e1rceles.<\/p>\n<p class=\"p_19\">Para ello, se deb\u00eda cumplir con estos requisitos: tener sentencia condenatoria ejecutoriada, no poseer procesos penales pendientes y no estar condenada por uno de los delito imprescriptibles, dispuestos en los art\u00edculos 80 y 233 de la Constituci\u00f3n de la Rep\u00fablica; y, los tipificados en el C\u00f3digo Org\u00e1nico Integral Penal (COIP).<\/p>\n<p class=\"p_20\">Precisamente, entre los delitos establecidos en esa norma est\u00e1 la delincuencia organizada, pero\u00a0<u><b>esto habr\u00eda sido omitido por el juez Jorge Enrique<\/b><\/u>.<\/p>\n<p class=\"p_21\">Adem\u00e1s,\u00a0<u><b>alias \u2018Momo\u2019 argument\u00f3 que padece VIH<\/b><\/u>. En el informe m\u00e9dico se mencionaba que el paciente se encontraba \u201cen condiciones estables\u201d y luc\u00eda \u201cactivo, electivo, orientado en tiempo y espacio\u201d.<\/p>\n<p class=\"p_22\">Es as\u00ed como el juez orden\u00f3 su inmediata libertad y emiti\u00f3 una boleta de excarcelaci\u00f3n.<\/p>\n<p class=\"p_23\">El magistrado Jorge Enrique A fue detenido el pasado 22 de enero del 2025 por el presunto delito de\u00a0<b>prevaricato.<\/b> Precisamente, por otorgar el indulto a alias \u2018Momo\u2019. Mientras que el presidente Daniel Noboa derog\u00f3 los decretos presidenciales que brindaban ese beneficio. <strong>Fuente: Vistazo<\/strong><\/p>\n<\/div>\n","protected":false},"excerpt":{"rendered":"<p>Bryan Vicente A. A., conocido como alias \u2018Momo\u2019,\u00a0fue capturado este lunes 31 de marzo del 2025\u00a0en la parroquia\u00a0Taura\u00a0del cant\u00f3n Naranjal, provincia del Guayas. El sujeto es se\u00f1alo como la persona que habr\u00eda ordenado el asesinado de los cuatro menores de\u00a0Las Malvinas. Detr\u00e1s de este hombre hay un\u00a0turbulento pasado y una irregular salida de la c\u00e1rcel\u00a0bajo un indulto. Por el momento, se conoce que este individuo fue capturado en un operativo policial por\u00a0tenencia ilegal de armas, un delito por el cual ya hab\u00eda sido detenido en el 2023. El\u00a0Ministerio de Defensa\u00a0confirm\u00f3 la noticia y lo catalog\u00f3 como\u00a0actor\u00a0intelectual del asesinato de los tres adolescentes y el ni\u00f1o de Las Malvinas. Su nombre surgi\u00f3 tras la\u00a0versi\u00f3n del segundo testigo clave\u00a0del caso Malvinas, Luigi V., quien coment\u00f3 que una banda criminal se llev\u00f3 a los cuatro menores y se\u00f1al\u00f3 los alias de los presuntos responsables. Sobre \u2018Momo\u2019 indic\u00f3 que\u00a0habr\u00eda dado la orden para que los cuerpos sean quemados. Lugar donde fueron encontrados los cuatro cuerpos.\u00a0(Foto: captura) ANTECEDENTES En el sistema judicial \u2018Momo\u2019 registra\u00a0cuatro antecedentes\u00a0por asociaci\u00f3n il\u00edcita, receptaci\u00f3n, tenencia y porte de armas y delincuencia organizada. El proceso de\u00a0asociaci\u00f3n il\u00edcita\u00a0fue registrado en febrero del 2020, cuando \u2018Momo\u2019 ten\u00eda 21 a\u00f1os. En ese expediente judicial se menciona que el estado civil era soltero, su residencia era la parroquia Taura y se dedicaba a la\u00a0recolecci\u00f3n de cangrejos. El caso ten\u00eda que ver con la venta irregular de un veh\u00edculo y un secuestro express. Sin embargo, \u00e9l y sus amigos\u00a0fueron declarados inocentes, porque las pruebas de la Fiscal\u00eda fueron insuficientes. En febrero del 2021, en cambio, \u2018Momo\u2019 fue procesado por\u00a0receptaci\u00f3n. \u00c9l y otros sujetos hab\u00edan estado custodiando unos\u00a0200 sacos de balanceado para camarones, los cuales estaban escondidos a orillas del r\u00edo Taura. El grupo de hombres pose\u00eda armas de fuego y\u00a0no pudieron justificar la procedencia del material. La Polic\u00eda sospechaba que el balanceado era\u00a0robado. Pero en el camino el Ministerio P\u00fablico se abstuvo de la acusaci\u00f3n y los implicados fueron declarados inocentes. A\u00f1os despu\u00e9s, en marzo del 2023, \u2018Momo\u2019 recibi\u00f3 una nueva acusaci\u00f3n por\u00a0tenencia y porte de armas. Por aquellos d\u00edas se dio un enfrentamiento armado entre la banda\u00a0\u2018Los Lobos\u2019\u00a0y miembros de la seguridad de\u00a0alias \u2018JR\u2019,\u00a0l\u00edder criminal de la banda terrorista \u2018Las \u00c1guilas\u2019, que fue asesinado en Colombia. Como resultado, \u2018JR\u2019 qued\u00f3 herido y lo trasladaron desde El Triunfo (Guayas) hasta una cl\u00ednica de la\u00a0parroquia Virgen de F\u00e1tima. Ah\u00ed se dio otro combate con agentes policiales y result\u00f3 detenido alias \u2018Momo\u2019. Este sujeto qued\u00f3 en prisi\u00f3n preventiva, pero despu\u00e9s recibi\u00f3 una medida cautelar de presentaci\u00f3n peri\u00f3dica. En junio del 2024, la Fiscal\u00eda se abstuvo de la acusaci\u00f3n porque no se pudo demostrar que las personas sindicadas hab\u00edan portado armas de fuego y la jueza dict\u00f3 sobreseimiento. Finalmente, en octubre del 2023, \u2018Momo\u2019 volvi\u00f3 a reincidir y sum\u00f3 una nueva acusaci\u00f3n por\u00a0delincuencia organizada. Seg\u00fan el expediente judicial, formaba parte de una organizaci\u00f3n dedicada al\u00a0robo de camiones y tr\u00e1ilers de carga pesada, en los cantones de Dur\u00e1n, Yaguachi, El Triunfo y Naranjal. Por este tema, lo condenaron a cinco a\u00f1os de c\u00e1rcel. Sobre la banda a la que pertenece este sujeto todav\u00eda no hay informaci\u00f3n concreta. Aparentemente, ser\u00eda cabecilla de \u2018Las \u00c1guilas\u2019, brazo armado de Los Choneros. Identificaci\u00f3n de alias &#8216;Momo&#8217;.\u00a0(Foto: redes sociales ) \u00bfC\u00d3MO SALI\u00d3 DE LA C\u00c1RCEL? Un indulto fue la estrategia que utiliz\u00f3 Bryan Vicente A. A.,\u00a0alias \u2018Momo\u2019, para salir de la c\u00e1rcel, pese a que ten\u00eda una sentencia por delincuencia organizada y otros antecedentes penales. El 27 de diciembre del 2024, el privado de la libertad fue acreedor de un indulto concedido por el\u00a0juez Jorge Enrique A., de la Unidad Judicial Especializada de Garant\u00edas Penitenciarias con sede en el cant\u00f3n Guayaquil. El reo se aprovech\u00f3 del\u00a0Decreto No. 265, que hab\u00eda emitido el expresidente\u00a0Guillermo Lasso,\u00a0en el cual perdonaba totalmente la pena de aquellos privados de la libertad con enfermedades catastr\u00f3ficas. El objetivo de la medida era reducir el hacinamiento en las c\u00e1rceles. Para ello, se deb\u00eda cumplir con estos requisitos: tener sentencia condenatoria ejecutoriada, no poseer procesos penales pendientes y no estar condenada por uno de los delito imprescriptibles, dispuestos en los art\u00edculos 80 y 233 de la Constituci\u00f3n de la Rep\u00fablica; y, los tipificados en el C\u00f3digo Org\u00e1nico Integral Penal (COIP). Precisamente, entre los delitos establecidos en esa norma est\u00e1 la delincuencia organizada, pero\u00a0esto habr\u00eda sido omitido por el juez Jorge Enrique. Adem\u00e1s,\u00a0alias \u2018Momo\u2019 argument\u00f3 que padece VIH. En el informe m\u00e9dico se mencionaba que el paciente se encontraba \u201cen condiciones estables\u201d y luc\u00eda \u201cactivo, electivo, orientado en tiempo y espacio\u201d. Es as\u00ed como el juez orden\u00f3 su inmediata libertad y emiti\u00f3 una boleta de excarcelaci\u00f3n. El magistrado Jorge Enrique A fue detenido el pasado 22 de enero del 2025 por el presunto delito de\u00a0prevaricato. Precisamente, por otorgar el indulto a alias \u2018Momo\u2019. Mientras que el presidente Daniel Noboa derog\u00f3 los decretos presidenciales que brindaban ese beneficio. Fuente: Vistazo<\/p>\n","protected":false},"author":1,"featured_media":22404,"comment_status":"open","ping_status":"open","sticky":false,"template":"","format":"standard","meta":{"footnotes":""},"categories":[268],"tags":[],"class_list":["post-22403","post","type-post","status-publish","format-standard","has-post-thumbnail","hentry","category-nacionales"],"_links":{"self":[{"href":"https:\/\/www.elamazonico.com\/portal\/wp-json\/wp\/v2\/posts\/22403","targetHints":{"allow":["GET"]}}],"collection":[{"href":"https:\/\/www.elamazonico.com\/portal\/wp-json\/wp\/v2\/posts"}],"about":[{"href":"https:\/\/www.elamazonico.com\/portal\/wp-json\/wp\/v2\/types\/post"}],"author":[{"embeddable":true,"href":"https:\/\/www.elamazonico.com\/portal\/wp-json\/wp\/v2\/users\/1"}],"replies":[{"embeddable":true,"href":"https:\/\/www.elamazonico.com\/portal\/wp-json\/wp\/v2\/comments?post=22403"}],"version-history":[{"count":1,"href":"https:\/\/www.elamazonico.com\/portal\/wp-json\/wp\/v2\/posts\/22403\/revisions"}],"predecessor-version":[{"id":22405,"href":"https:\/\/www.elamazonico.com\/portal\/wp-json\/wp\/v2\/posts\/22403\/revisions\/22405"}],"wp:featuredmedia":[{"embeddable":true,"href":"https:\/\/www.elamazonico.com\/portal\/wp-json\/wp\/v2\/media\/22404"}],"wp:attachment":[{"href":"https:\/\/www.elamazonico.com\/portal\/wp-json\/wp\/v2\/media?parent=22403"}],"wp:term":[{"taxonomy":"category","embeddable":true,"href":"https:\/\/www.elamazonico.com\/portal\/wp-json\/wp\/v2\/categories?post=22403"},{"taxonomy":"post_tag","embeddable":true,"href":"https:\/\/www.elamazonico.com\/portal\/wp-json\/wp\/v2\/tags?post=22403"}],"curies":[{"name":"wp","href":"https:\/\/api.w.org\/{rel}","templated":true}]}}