{"id":22400,"date":"2025-04-01T04:00:26","date_gmt":"2025-04-01T09:00:26","guid":{"rendered":"https:\/\/www.elamazonico.com\/portal\/?p=22400"},"modified":"2025-03-31T11:43:23","modified_gmt":"2025-03-31T16:43:23","slug":"rodas-demando-accion-de-proteccion-constitucional-contra-la-directiva-del-colegio-de-abogados-de-zamora-ch","status":"publish","type":"post","link":"https:\/\/www.elamazonico.com\/portal\/rodas-demando-accion-de-proteccion-constitucional-contra-la-directiva-del-colegio-de-abogados-de-zamora-ch\/","title":{"rendered":"Rodas demand\u00f3 Acci\u00f3n de Protecci\u00f3n Constitucional contra la Directiva del Colegio de Abogados de Zamora Ch."},"content":{"rendered":"<p>En una reciente entrevista en el noticiero\u00a0 <strong>Frente A Frente de Diario El Amaz\u00f3nico<\/strong>, Di\u00f3menes Rodas, abogado en libre ejercicio y socio del Colegio de Abogados de Zamora Chinchipe, inform\u00f3 sobre la demanda de acci\u00f3n de protecci\u00f3n constitucional interpuesta contra la actual directiva de dicho gremio.<\/p>\n<p>Rodas enfatiz\u00f3 la necesidad de que la comunidad zamorana-chinchipense adopte una postura activa frente a situaciones que puedan contravenir la normativa legal vigente. Seg\u00fan su criterio, hist\u00f3ricamente en la provincia se han identificado diversas irregularidades sin que se tomen medidas concretas para su resoluci\u00f3n.<\/p>\n<p>El jurista explic\u00f3 que la acci\u00f3n de protecci\u00f3n se fundamenta en presuntas irregularidades en la designaci\u00f3n de la directiva del Colegio de Abogados. Seg\u00fan su exposici\u00f3n, existen disposiciones estatutarias que regulan la afiliaci\u00f3n y la elecci\u00f3n de sus autoridades, las cuales, a su juicio, no habr\u00edan sido cumplidas. En este contexto, record\u00f3 que los estatutos del colegio establecen que solo los abogados inscritos en el Ministerio de Inclusi\u00f3n Econ\u00f3mica y Social de Zamora Chinchipe pueden ser considerados socios con derecho a participaci\u00f3n.<\/p>\n<p>Adem\u00e1s, Rodas detall\u00f3 que, tras m\u00faltiples solicitudes de documentaci\u00f3n al presidente designado en aquel entonces, Dr. Roy Poma, no recibi\u00f3 respuesta, lo que motiv\u00f3 la acci\u00f3n legal. La demanda fue admitida y, conforme a la normativa constitucional, se orden\u00f3 la citaci\u00f3n de todos los miembros de la directiva en cuesti\u00f3n.<\/p>\n<p>En su argumentaci\u00f3n, el abogado subray\u00f3 la importancia de respetar los marcos normativos y \u00e9ticos dentro de la profesi\u00f3n jur\u00eddica. \u201cSi nosotros, como abogados, no hacemos prevalecer nuestras normas, \u00bfc\u00f3mo podemos exigir a nuestros clientes o a la ciudadan\u00eda que las cumplan?\u201d, manifest\u00f3.<\/p>\n<p>La audiencia p\u00fablica sobre esta demanda ha sido fijada para el 8 del pr\u00f3ximo mes a las 14:30 horas, en la que se expondr\u00e1n los fundamentos jur\u00eddicos que sustentan la acci\u00f3n de protecci\u00f3n. Rodas extendi\u00f3 una invitaci\u00f3n a la ciudadan\u00eda interesada en conocer el desarrollo del caso, recordando que las audiencias constitucionales son de car\u00e1cter p\u00fablico.<\/p>\n<p>Finalmente, hizo un llamado a la comunidad para que participe activamente en la defensa del Estado de derecho, asegurando que continuar\u00e1 con su labor de vigilancia y acci\u00f3n legal en favor del cumplimiento de las normativas que rigen el ejercicio profesional de los abogados en la provincia.<\/p>\n","protected":false},"excerpt":{"rendered":"<p>En una reciente entrevista en el noticiero\u00a0 Frente A Frente de Diario El Amaz\u00f3nico, Di\u00f3menes Rodas, abogado en libre ejercicio y socio del Colegio de Abogados de Zamora Chinchipe, inform\u00f3 sobre la demanda de acci\u00f3n de protecci\u00f3n constitucional interpuesta contra la actual directiva de dicho gremio. Rodas enfatiz\u00f3 la necesidad de que la comunidad zamorana-chinchipense adopte una postura activa frente a situaciones que puedan contravenir la normativa legal vigente. Seg\u00fan su criterio, hist\u00f3ricamente en la provincia se han identificado diversas irregularidades sin que se tomen medidas concretas para su resoluci\u00f3n. El jurista explic\u00f3 que la acci\u00f3n de protecci\u00f3n se fundamenta en presuntas irregularidades en la designaci\u00f3n de la directiva del Colegio de Abogados. Seg\u00fan su exposici\u00f3n, existen disposiciones estatutarias que regulan la afiliaci\u00f3n y la elecci\u00f3n de sus autoridades, las cuales, a su juicio, no habr\u00edan sido cumplidas. En este contexto, record\u00f3 que los estatutos del colegio establecen que solo los abogados inscritos en el Ministerio de Inclusi\u00f3n Econ\u00f3mica y Social de Zamora Chinchipe pueden ser considerados socios con derecho a participaci\u00f3n. Adem\u00e1s, Rodas detall\u00f3 que, tras m\u00faltiples solicitudes de documentaci\u00f3n al presidente designado en aquel entonces, Dr. Roy Poma, no recibi\u00f3 respuesta, lo que motiv\u00f3 la acci\u00f3n legal. La demanda fue admitida y, conforme a la normativa constitucional, se orden\u00f3 la citaci\u00f3n de todos los miembros de la directiva en cuesti\u00f3n. En su argumentaci\u00f3n, el abogado subray\u00f3 la importancia de respetar los marcos normativos y \u00e9ticos dentro de la profesi\u00f3n jur\u00eddica. \u201cSi nosotros, como abogados, no hacemos prevalecer nuestras normas, \u00bfc\u00f3mo podemos exigir a nuestros clientes o a la ciudadan\u00eda que las cumplan?\u201d, manifest\u00f3. La audiencia p\u00fablica sobre esta demanda ha sido fijada para el 8 del pr\u00f3ximo mes a las 14:30 horas, en la que se expondr\u00e1n los fundamentos jur\u00eddicos que sustentan la acci\u00f3n de protecci\u00f3n. Rodas extendi\u00f3 una invitaci\u00f3n a la ciudadan\u00eda interesada en conocer el desarrollo del caso, recordando que las audiencias constitucionales son de car\u00e1cter p\u00fablico. Finalmente, hizo un llamado a la comunidad para que participe activamente en la defensa del Estado de derecho, asegurando que continuar\u00e1 con su labor de vigilancia y acci\u00f3n legal en favor del cumplimiento de las normativas que rigen el ejercicio profesional de los abogados en la provincia.<\/p>\n","protected":false},"author":1,"featured_media":22401,"comment_status":"open","ping_status":"open","sticky":false,"template":"","format":"standard","meta":{"footnotes":""},"categories":[243],"tags":[],"class_list":["post-22400","post","type-post","status-publish","format-standard","has-post-thumbnail","hentry","category-noticias-zamora"],"_links":{"self":[{"href":"https:\/\/www.elamazonico.com\/portal\/wp-json\/wp\/v2\/posts\/22400","targetHints":{"allow":["GET"]}}],"collection":[{"href":"https:\/\/www.elamazonico.com\/portal\/wp-json\/wp\/v2\/posts"}],"about":[{"href":"https:\/\/www.elamazonico.com\/portal\/wp-json\/wp\/v2\/types\/post"}],"author":[{"embeddable":true,"href":"https:\/\/www.elamazonico.com\/portal\/wp-json\/wp\/v2\/users\/1"}],"replies":[{"embeddable":true,"href":"https:\/\/www.elamazonico.com\/portal\/wp-json\/wp\/v2\/comments?post=22400"}],"version-history":[{"count":1,"href":"https:\/\/www.elamazonico.com\/portal\/wp-json\/wp\/v2\/posts\/22400\/revisions"}],"predecessor-version":[{"id":22402,"href":"https:\/\/www.elamazonico.com\/portal\/wp-json\/wp\/v2\/posts\/22400\/revisions\/22402"}],"wp:featuredmedia":[{"embeddable":true,"href":"https:\/\/www.elamazonico.com\/portal\/wp-json\/wp\/v2\/media\/22401"}],"wp:attachment":[{"href":"https:\/\/www.elamazonico.com\/portal\/wp-json\/wp\/v2\/media?parent=22400"}],"wp:term":[{"taxonomy":"category","embeddable":true,"href":"https:\/\/www.elamazonico.com\/portal\/wp-json\/wp\/v2\/categories?post=22400"},{"taxonomy":"post_tag","embeddable":true,"href":"https:\/\/www.elamazonico.com\/portal\/wp-json\/wp\/v2\/tags?post=22400"}],"curies":[{"name":"wp","href":"https:\/\/api.w.org\/{rel}","templated":true}]}}