{"id":22394,"date":"2025-03-31T09:50:24","date_gmt":"2025-03-31T14:50:24","guid":{"rendered":"https:\/\/www.elamazonico.com\/portal\/?p=22394"},"modified":"2025-03-31T09:50:24","modified_gmt":"2025-03-31T14:50:24","slug":"denuncia-sobre-contaminacion-del-rio-en-la-provincia-de-napo","status":"publish","type":"post","link":"https:\/\/www.elamazonico.com\/portal\/denuncia-sobre-contaminacion-del-rio-en-la-provincia-de-napo\/","title":{"rendered":"Denuncia sobre Contaminaci\u00f3n del R\u00edo en la Provincia de Napo"},"content":{"rendered":"<p>El ciudadano Pablo Fajardo, a trav\u00e9s de su cuenta de TikTok, ha realizado un llamado urgente a las autoridades sobre la grave contaminaci\u00f3n de los r\u00edos en la provincia de Napo, espec\u00edficamente en una zona de extracci\u00f3n minera. En su pronunciamiento, Fajardo expresa su preocupaci\u00f3n por el impacto ambiental de esta actividad, se\u00f1alando que tanto la miner\u00eda legal como la ilegal generan consecuencias devastadoras para los ecosistemas y las comunidades locales.<\/p>\n<p>Seg\u00fan Fajardo, la diferencia entre ambas radica en que la miner\u00eda legal cuenta con permisos estatales, mientras que la ilegal opera sin ellos; sin embargo, ambas generan da\u00f1os irreversibles en el entorno. En su video, denuncia que los r\u00edos de la zona, anteriormente cristalinos y aptos para el consumo humano, han sido transformados en cuerpos de agua contaminados e inservibles para las poblaciones cercanas.<\/p>\n<p>La contaminaci\u00f3n ha provocado la desaparici\u00f3n de peces y otras formas de vida acu\u00e1tica, afectando directamente a las comunidades que depend\u00edan de estos recursos naturales para su sustento. Adem\u00e1s, advierte que, durante recientes per\u00edodos de sequ\u00eda, la falta de acceso a agua potable ha agravado la crisis en la regi\u00f3n.<\/p>\n<p>Fajardo responsabiliza al Estado ecuatoriano por esta problem\u00e1tica, recordando que su deber es proteger las fuentes h\u00eddricas y garantizar el bienestar de la poblaci\u00f3n. En este sentido, hace un llamado a las autoridades competentes para que tomen medidas urgentes, regulen la actividad minera y eviten la destrucci\u00f3n de los ecosistemas acu\u00e1ticos en la Amazon\u00eda.<\/p>\n<p>Este caso pone en evidencia la necesidad de fortalecer las pol\u00edticas ambientales y reforzar la supervisi\u00f3n de las actividades extractivas para evitar que se sigan vulnerando los derechos de las comunidades y del medio ambiente.<\/p>\n","protected":false},"excerpt":{"rendered":"<p>El ciudadano Pablo Fajardo, a trav\u00e9s de su cuenta de TikTok, ha realizado un llamado urgente a las autoridades sobre la grave contaminaci\u00f3n de los r\u00edos en la provincia de Napo, espec\u00edficamente en una zona de extracci\u00f3n minera. En su pronunciamiento, Fajardo expresa su preocupaci\u00f3n por el impacto ambiental de esta actividad, se\u00f1alando que tanto la miner\u00eda legal como la ilegal generan consecuencias devastadoras para los ecosistemas y las comunidades locales. Seg\u00fan Fajardo, la diferencia entre ambas radica en que la miner\u00eda legal cuenta con permisos estatales, mientras que la ilegal opera sin ellos; sin embargo, ambas generan da\u00f1os irreversibles en el entorno. En su video, denuncia que los r\u00edos de la zona, anteriormente cristalinos y aptos para el consumo humano, han sido transformados en cuerpos de agua contaminados e inservibles para las poblaciones cercanas. La contaminaci\u00f3n ha provocado la desaparici\u00f3n de peces y otras formas de vida acu\u00e1tica, afectando directamente a las comunidades que depend\u00edan de estos recursos naturales para su sustento. Adem\u00e1s, advierte que, durante recientes per\u00edodos de sequ\u00eda, la falta de acceso a agua potable ha agravado la crisis en la regi\u00f3n. Fajardo responsabiliza al Estado ecuatoriano por esta problem\u00e1tica, recordando que su deber es proteger las fuentes h\u00eddricas y garantizar el bienestar de la poblaci\u00f3n. En este sentido, hace un llamado a las autoridades competentes para que tomen medidas urgentes, regulen la actividad minera y eviten la destrucci\u00f3n de los ecosistemas acu\u00e1ticos en la Amazon\u00eda. Este caso pone en evidencia la necesidad de fortalecer las pol\u00edticas ambientales y reforzar la supervisi\u00f3n de las actividades extractivas para evitar que se sigan vulnerando los derechos de las comunidades y del medio ambiente.<\/p>\n","protected":false},"author":1,"featured_media":22395,"comment_status":"open","ping_status":"open","sticky":false,"template":"","format":"standard","meta":{"footnotes":""},"categories":[268],"tags":[],"class_list":["post-22394","post","type-post","status-publish","format-standard","has-post-thumbnail","hentry","category-nacionales"],"_links":{"self":[{"href":"https:\/\/www.elamazonico.com\/portal\/wp-json\/wp\/v2\/posts\/22394","targetHints":{"allow":["GET"]}}],"collection":[{"href":"https:\/\/www.elamazonico.com\/portal\/wp-json\/wp\/v2\/posts"}],"about":[{"href":"https:\/\/www.elamazonico.com\/portal\/wp-json\/wp\/v2\/types\/post"}],"author":[{"embeddable":true,"href":"https:\/\/www.elamazonico.com\/portal\/wp-json\/wp\/v2\/users\/1"}],"replies":[{"embeddable":true,"href":"https:\/\/www.elamazonico.com\/portal\/wp-json\/wp\/v2\/comments?post=22394"}],"version-history":[{"count":1,"href":"https:\/\/www.elamazonico.com\/portal\/wp-json\/wp\/v2\/posts\/22394\/revisions"}],"predecessor-version":[{"id":22396,"href":"https:\/\/www.elamazonico.com\/portal\/wp-json\/wp\/v2\/posts\/22394\/revisions\/22396"}],"wp:featuredmedia":[{"embeddable":true,"href":"https:\/\/www.elamazonico.com\/portal\/wp-json\/wp\/v2\/media\/22395"}],"wp:attachment":[{"href":"https:\/\/www.elamazonico.com\/portal\/wp-json\/wp\/v2\/media?parent=22394"}],"wp:term":[{"taxonomy":"category","embeddable":true,"href":"https:\/\/www.elamazonico.com\/portal\/wp-json\/wp\/v2\/categories?post=22394"},{"taxonomy":"post_tag","embeddable":true,"href":"https:\/\/www.elamazonico.com\/portal\/wp-json\/wp\/v2\/tags?post=22394"}],"curies":[{"name":"wp","href":"https:\/\/api.w.org\/{rel}","templated":true}]}}