{"id":22386,"date":"2025-03-31T09:20:12","date_gmt":"2025-03-31T14:20:12","guid":{"rendered":"https:\/\/www.elamazonico.com\/portal\/?p=22386"},"modified":"2025-03-31T09:21:02","modified_gmt":"2025-03-31T14:21:02","slug":"tragedia-en-la-via-a-la-costa-choque-entre-bus-y-camion-militar-deja-un-uniformado-y-un-chofer-fallecidos","status":"publish","type":"post","link":"https:\/\/www.elamazonico.com\/portal\/tragedia-en-la-via-a-la-costa-choque-entre-bus-y-camion-militar-deja-un-uniformado-y-un-chofer-fallecidos\/","title":{"rendered":"Tragedia en la v\u00eda a la Costa: choque entre bus y cami\u00f3n militar deja un uniformado y un chofer fallecidos"},"content":{"rendered":"<div class=\"paragraph texto\">\n<p class=\"p_0\">Un nuevo siniestro de tr\u00e1nsito en la\u00a0<b>v\u00eda a la Costa<\/b>\u00a0se registr\u00f3 la noche del domingo 30 de marzo, dejando un saldo de dos personas fallecidas y 41 heridos.<\/p>\n<p class=\"p_1\">El hecho ocurri\u00f3 en la v\u00eda Estatal 40, que conecta a Santa Elena con Guayaquil, pocos metros antes del ingreso a la parroquia Atahualpa, a la altura de la Comuna\u00a0<b>Chanduy<\/b>.<\/p>\n<p class=\"p_3\">El accidente se produjo pasadas las 21:00, cuando un bus interprovincial de la cooperativa Liberpesa colision\u00f3 contra un cami\u00f3n en el que se movilizaban <b>militares<\/b>.<\/p>\n<\/div>\n<div class=\"html_text\">\n<div class=\"twitter-tweet twitter-tweet-rendered\"><iframe id=\"twitter-widget-0\" class=\"\" title=\"X Post\" src=\"https:\/\/platform.twitter.com\/embed\/Tweet.html?dnt=false&amp;embedId=twitter-widget-0&amp;features=eyJ0ZndfdGltZWxpbmVfbGlzdCI6eyJidWNrZXQiOltdLCJ2ZXJzaW9uIjpudWxsfSwidGZ3X2ZvbGxvd2VyX2NvdW50X3N1bnNldCI6eyJidWNrZXQiOnRydWUsInZlcnNpb24iOm51bGx9LCJ0ZndfdHdlZXRfZWRpdF9iYWNrZW5kIjp7ImJ1Y2tldCI6Im9uIiwidmVyc2lvbiI6bnVsbH0sInRmd19yZWZzcmNfc2Vzc2lvbiI6eyJidWNrZXQiOiJvbiIsInZlcnNpb24iOm51bGx9LCJ0ZndfZm9zbnJfc29mdF9pbnRlcnZlbnRpb25zX2VuYWJsZWQiOnsiYnVja2V0Ijoib24iLCJ2ZXJzaW9uIjpudWxsfSwidGZ3X21peGVkX21lZGlhXzE1ODk3Ijp7ImJ1Y2tldCI6InRyZWF0bWVudCIsInZlcnNpb24iOm51bGx9LCJ0ZndfZXhwZXJpbWVudHNfY29va2llX2V4cGlyYXRpb24iOnsiYnVja2V0IjoxMjA5NjAwLCJ2ZXJzaW9uIjpudWxsfSwidGZ3X3Nob3dfYmlyZHdhdGNoX3Bpdm90c19lbmFibGVkIjp7ImJ1Y2tldCI6Im9uIiwidmVyc2lvbiI6bnVsbH0sInRmd19kdXBsaWNhdGVfc2NyaWJlc190b19zZXR0aW5ncyI6eyJidWNrZXQiOiJvbiIsInZlcnNpb24iOm51bGx9LCJ0ZndfdXNlX3Byb2ZpbGVfaW1hZ2Vfc2hhcGVfZW5hYmxlZCI6eyJidWNrZXQiOiJvbiIsInZlcnNpb24iOm51bGx9LCJ0ZndfdmlkZW9faGxzX2R5bmFtaWNfbWFuaWZlc3RzXzE1MDgyIjp7ImJ1Y2tldCI6InRydWVfYml0cmF0ZSIsInZlcnNpb24iOm51bGx9LCJ0ZndfbGVnYWN5X3RpbWVsaW5lX3N1bnNldCI6eyJidWNrZXQiOnRydWUsInZlcnNpb24iOm51bGx9LCJ0ZndfdHdlZXRfZWRpdF9mcm9udGVuZCI6eyJidWNrZXQiOiJvbiIsInZlcnNpb24iOm51bGx9fQ%3D%3D&amp;frame=false&amp;hideCard=false&amp;hideThread=false&amp;id=1906684683624071381&amp;lang=es&amp;origin=https%3A%2F%2Fwww.vistazo.com%2Factualidad%2Fnacional%2F2025-03-31-via-a-la-costa-choque-bus-camion-militar-chofer-fallecidos-YX9044203&amp;sessionId=1f8f16c35a99b3a05ba1992a3a71836d31fe8d66&amp;theme=light&amp;widgetsVersion=2615f7e52b7e0%3A1702314776716&amp;width=550px\" frameborder=\"0\" scrolling=\"no\" allowfullscreen=\"allowfullscreen\" data-tweet-id=\"1906684683624071381\" data-mce-fragment=\"1\"><\/iframe><\/div>\n<\/div>\n<div class=\"paragraph texto\">\n<p class=\"p_4\">A ra\u00edz del impacto, el cami\u00f3n volc\u00f3 a un costado de la carretera. Entre las v\u00edctimas mortales est\u00e1n el conductor del bus y un miembro de las Fuerzas Armadas.<\/p>\n<p class=\"p_5\">Mientras tanto, los 41 heridos fueron trasladados por unidades del Ministerio de Salud P\u00fablica y Bomberos hasta el hospital Liborio Panchana y diferentes cl\u00ednicas para recibir atenci\u00f3n m\u00e9dica.<\/p>\n<p class=\"p_6\">Asimismo, a las 20:27 del domingo, otro\u00a0<b>siniestro vial\u00a0<\/b>se report\u00f3 en la comuna San Antonio, en la v\u00eda Playas-Progreso, en Guayas.<\/p>\n<p class=\"p_7\">Un bus interprovincial de la cooperativa Posorja fue impactado por una camioneta de seguridad. Como consecuencia del violento choque, dos personas perdieron la vida.<\/p>\n<p class=\"p_8\">Estos tr\u00e1gicos accidentes ocurren menos de 24 horas despu\u00e9s de otro siniestro mortal en una carretera de la misma ruta.<\/p>\n<p class=\"p_9\">Al menos siete personas fallecieron y otras once resultaron heridas en un accidente de tr\u00e1nsito registrado la madrugada de este domingo en la\u00a0<b>v\u00eda a la Costa<\/b>. Ocurri\u00f3 en el km 40 en sentido Guayaquil &#8211; Playas, a la altura del recinto El Consuelo. <strong>Fuente: Vistazo<\/strong><\/p>\n<\/div>\n","protected":false},"excerpt":{"rendered":"<p>Un nuevo siniestro de tr\u00e1nsito en la\u00a0v\u00eda a la Costa\u00a0se registr\u00f3 la noche del domingo 30 de marzo, dejando un saldo de dos personas fallecidas y 41 heridos. El hecho ocurri\u00f3 en la v\u00eda Estatal 40, que conecta a Santa Elena con Guayaquil, pocos metros antes del ingreso a la parroquia Atahualpa, a la altura de la Comuna\u00a0Chanduy. El accidente se produjo pasadas las 21:00, cuando un bus interprovincial de la cooperativa Liberpesa colision\u00f3 contra un cami\u00f3n en el que se movilizaban militares. A ra\u00edz del impacto, el cami\u00f3n volc\u00f3 a un costado de la carretera. Entre las v\u00edctimas mortales est\u00e1n el conductor del bus y un miembro de las Fuerzas Armadas. Mientras tanto, los 41 heridos fueron trasladados por unidades del Ministerio de Salud P\u00fablica y Bomberos hasta el hospital Liborio Panchana y diferentes cl\u00ednicas para recibir atenci\u00f3n m\u00e9dica. Asimismo, a las 20:27 del domingo, otro\u00a0siniestro vial\u00a0se report\u00f3 en la comuna San Antonio, en la v\u00eda Playas-Progreso, en Guayas. Un bus interprovincial de la cooperativa Posorja fue impactado por una camioneta de seguridad. Como consecuencia del violento choque, dos personas perdieron la vida. Estos tr\u00e1gicos accidentes ocurren menos de 24 horas despu\u00e9s de otro siniestro mortal en una carretera de la misma ruta. Al menos siete personas fallecieron y otras once resultaron heridas en un accidente de tr\u00e1nsito registrado la madrugada de este domingo en la\u00a0v\u00eda a la Costa. Ocurri\u00f3 en el km 40 en sentido Guayaquil &#8211; Playas, a la altura del recinto El Consuelo. Fuente: Vistazo<\/p>\n","protected":false},"author":1,"featured_media":22387,"comment_status":"open","ping_status":"open","sticky":false,"template":"","format":"standard","meta":{"footnotes":""},"categories":[268],"tags":[],"class_list":["post-22386","post","type-post","status-publish","format-standard","has-post-thumbnail","hentry","category-nacionales"],"_links":{"self":[{"href":"https:\/\/www.elamazonico.com\/portal\/wp-json\/wp\/v2\/posts\/22386","targetHints":{"allow":["GET"]}}],"collection":[{"href":"https:\/\/www.elamazonico.com\/portal\/wp-json\/wp\/v2\/posts"}],"about":[{"href":"https:\/\/www.elamazonico.com\/portal\/wp-json\/wp\/v2\/types\/post"}],"author":[{"embeddable":true,"href":"https:\/\/www.elamazonico.com\/portal\/wp-json\/wp\/v2\/users\/1"}],"replies":[{"embeddable":true,"href":"https:\/\/www.elamazonico.com\/portal\/wp-json\/wp\/v2\/comments?post=22386"}],"version-history":[{"count":2,"href":"https:\/\/www.elamazonico.com\/portal\/wp-json\/wp\/v2\/posts\/22386\/revisions"}],"predecessor-version":[{"id":22390,"href":"https:\/\/www.elamazonico.com\/portal\/wp-json\/wp\/v2\/posts\/22386\/revisions\/22390"}],"wp:featuredmedia":[{"embeddable":true,"href":"https:\/\/www.elamazonico.com\/portal\/wp-json\/wp\/v2\/media\/22387"}],"wp:attachment":[{"href":"https:\/\/www.elamazonico.com\/portal\/wp-json\/wp\/v2\/media?parent=22386"}],"wp:term":[{"taxonomy":"category","embeddable":true,"href":"https:\/\/www.elamazonico.com\/portal\/wp-json\/wp\/v2\/categories?post=22386"},{"taxonomy":"post_tag","embeddable":true,"href":"https:\/\/www.elamazonico.com\/portal\/wp-json\/wp\/v2\/tags?post=22386"}],"curies":[{"name":"wp","href":"https:\/\/api.w.org\/{rel}","templated":true}]}}