{"id":22374,"date":"2025-03-30T08:56:11","date_gmt":"2025-03-30T13:56:11","guid":{"rendered":"https:\/\/www.elamazonico.com\/portal\/?p=22374"},"modified":"2025-03-30T08:56:11","modified_gmt":"2025-03-30T13:56:11","slug":"liderazgo-femenino-clave-para-el-desarrollo-economico-del-ecuador","status":"publish","type":"post","link":"https:\/\/www.elamazonico.com\/portal\/liderazgo-femenino-clave-para-el-desarrollo-economico-del-ecuador\/","title":{"rendered":"Liderazgo femenino: Clave para el desarrollo econ\u00f3mico del Ecuador"},"content":{"rendered":"<p><strong>Quito, marzo de 2025.-<\/strong> Con la destacada presencia de la ministra Gabriela Sommerfeld, CEO\u2019s y speakers internacionales, se llev\u00f3 a cabo con gran \u00e9xito el VIII Foro \u00abLiderazgo de Mujeres en la Transformaci\u00f3n Empresarial\u00bb, un evento pionero en Ecuador que ha logrado consolidarse como un referente en la promoci\u00f3n del liderazgo femenino en el sector corporativo. La jornada reuni\u00f3 a m\u00e1s de 500 asistentes de diversos sectores econ\u00f3micos, representantes del cuerpo consular, empresarios, l\u00edderes de pueblos y nacionalidades ind\u00edgenas, as\u00ed como a p\u00fablico en general, con el objetivo de reflexionar y fortalecer el papel de la mujer en la econom\u00eda nacional.<\/p>\n<p>Mar\u00eda Rosa Tapia destac\u00f3 en su intervenci\u00f3n: \u201cNos encontramos en un momento crucial para analizar la realidad del liderazgo femenino en Ecuador y el mundo corporativo. Desde Seminarium, consideramos que la equidad de g\u00e9nero no es solo una cuesti\u00f3n de justicia social, sino una estrategia fundamental para fomentar la innovaci\u00f3n, la sostenibilidad y el desarrollo econ\u00f3mico del pa\u00eds\u201d.<\/p>\n<p>En el acto inaugural, la ministra Sommerfeld enfatiz\u00f3 la importancia del acceso a la educaci\u00f3n para el empoderamiento femenino: \u201cQuiero reconocer y alentar a todas las mujeres que han abierto camino en el \u00e1mbito empresarial. La educaci\u00f3n me dio libertad, independencia, voz y seguridad. Hoy celebramos que Ecuador ocupa el puesto 16 en la reducci\u00f3n de la brecha de g\u00e9nero entre 146 pa\u00edses en el sector p\u00fablico\u201d, subray\u00f3.<\/p>\n<p>Por su parte, Mar\u00eda Jos\u00e9 Pinto, exsecretaria T\u00e9cnica de Ecuador Crece Sin Desnutrici\u00f3n Infantil, hizo un llamado a la implementaci\u00f3n de pol\u00edticas p\u00fablicas concretas y acciones empresariales que contribuyan a la equidad de g\u00e9nero. Adem\u00e1s, resalt\u00f3 la importancia del liderazgo femenino en las comunidades ind\u00edgenas: \u201cEs fundamental empoderar a las mujeres l\u00edderes de los pueblos y nacionalidades ind\u00edgenas, cuya voz es indispensable en esta transformaci\u00f3n\u201d.<\/p>\n<p>Durante el foro, Isabel Bucaram, una de las keynote speakers, expuso sobre la equidad de g\u00e9nero en el mercado laboral, revelando que solo el 34% de las mujeres ocupan cargos jer\u00e1rquicos y que apenas seis pa\u00edses en el mundo han alcanzado una verdadera paridad de g\u00e9nero. Su conferencia destac\u00f3 estrategias clave para potenciar el networking y promover un crecimiento profesional de alto impacto entre mujeres l\u00edderes.<\/p>\n<p>En el panel sobre equidad de g\u00e9nero en la transici\u00f3n energ\u00e9tica, Rebeca Illescas, viceministra de Minas, se\u00f1al\u00f3: \u201cLa participaci\u00f3n de las mujeres en el sector energ\u00e9tico es marginal. Desde el Gobierno se est\u00e1n planteando estrategias para incrementar su presencia mediante pol\u00edticas p\u00fablicas y educaci\u00f3n especializada. Aunque la Ley de Econom\u00eda Violeta ha sido un gran avance, en el sector de hidrocarburos la participaci\u00f3n femenina a\u00fan no alcanza el 15%\u201d.<\/p>\n<p>Iliana Rodr\u00edguez, de Women in Mining, anunci\u00f3 los resultados de la segunda encuesta de g\u00e9nero en el sector minero, revelando que la participaci\u00f3n femenina ha aumentado al 19%, lo que representa un avance de dos puntos en comparaci\u00f3n con a\u00f1os anteriores.<\/p>\n<p>Desde el sector empresarial, se subray\u00f3 la importancia de crear oportunidades laborales equitativas, con el objetivo de aumentar la participaci\u00f3n femenina del 19% al 25% en los pr\u00f3ximos cinco a\u00f1os, bas\u00e1ndose en el reconocimiento del m\u00e9rito y la capacidad profesional.<\/p>\n<p>El evento concluy\u00f3 con un firme compromiso de seguir promoviendo el liderazgo femenino en todos los \u00e1mbitos empresariales y sociales, consolidando espacios que impulsen una transformaci\u00f3n real y efectiva hacia la equidad de g\u00e9nero en Ecuador.<\/p>\n","protected":false},"excerpt":{"rendered":"<p>Quito, marzo de 2025.- Con la destacada presencia de la ministra Gabriela Sommerfeld, CEO\u2019s y speakers internacionales, se llev\u00f3 a cabo con gran \u00e9xito el VIII Foro \u00abLiderazgo de Mujeres en la Transformaci\u00f3n Empresarial\u00bb, un evento pionero en Ecuador que ha logrado consolidarse como un referente en la promoci\u00f3n del liderazgo femenino en el sector corporativo. La jornada reuni\u00f3 a m\u00e1s de 500 asistentes de diversos sectores econ\u00f3micos, representantes del cuerpo consular, empresarios, l\u00edderes de pueblos y nacionalidades ind\u00edgenas, as\u00ed como a p\u00fablico en general, con el objetivo de reflexionar y fortalecer el papel de la mujer en la econom\u00eda nacional. Mar\u00eda Rosa Tapia destac\u00f3 en su intervenci\u00f3n: \u201cNos encontramos en un momento crucial para analizar la realidad del liderazgo femenino en Ecuador y el mundo corporativo. Desde Seminarium, consideramos que la equidad de g\u00e9nero no es solo una cuesti\u00f3n de justicia social, sino una estrategia fundamental para fomentar la innovaci\u00f3n, la sostenibilidad y el desarrollo econ\u00f3mico del pa\u00eds\u201d. En el acto inaugural, la ministra Sommerfeld enfatiz\u00f3 la importancia del acceso a la educaci\u00f3n para el empoderamiento femenino: \u201cQuiero reconocer y alentar a todas las mujeres que han abierto camino en el \u00e1mbito empresarial. La educaci\u00f3n me dio libertad, independencia, voz y seguridad. Hoy celebramos que Ecuador ocupa el puesto 16 en la reducci\u00f3n de la brecha de g\u00e9nero entre 146 pa\u00edses en el sector p\u00fablico\u201d, subray\u00f3. Por su parte, Mar\u00eda Jos\u00e9 Pinto, exsecretaria T\u00e9cnica de Ecuador Crece Sin Desnutrici\u00f3n Infantil, hizo un llamado a la implementaci\u00f3n de pol\u00edticas p\u00fablicas concretas y acciones empresariales que contribuyan a la equidad de g\u00e9nero. Adem\u00e1s, resalt\u00f3 la importancia del liderazgo femenino en las comunidades ind\u00edgenas: \u201cEs fundamental empoderar a las mujeres l\u00edderes de los pueblos y nacionalidades ind\u00edgenas, cuya voz es indispensable en esta transformaci\u00f3n\u201d. Durante el foro, Isabel Bucaram, una de las keynote speakers, expuso sobre la equidad de g\u00e9nero en el mercado laboral, revelando que solo el 34% de las mujeres ocupan cargos jer\u00e1rquicos y que apenas seis pa\u00edses en el mundo han alcanzado una verdadera paridad de g\u00e9nero. Su conferencia destac\u00f3 estrategias clave para potenciar el networking y promover un crecimiento profesional de alto impacto entre mujeres l\u00edderes. En el panel sobre equidad de g\u00e9nero en la transici\u00f3n energ\u00e9tica, Rebeca Illescas, viceministra de Minas, se\u00f1al\u00f3: \u201cLa participaci\u00f3n de las mujeres en el sector energ\u00e9tico es marginal. Desde el Gobierno se est\u00e1n planteando estrategias para incrementar su presencia mediante pol\u00edticas p\u00fablicas y educaci\u00f3n especializada. Aunque la Ley de Econom\u00eda Violeta ha sido un gran avance, en el sector de hidrocarburos la participaci\u00f3n femenina a\u00fan no alcanza el 15%\u201d. Iliana Rodr\u00edguez, de Women in Mining, anunci\u00f3 los resultados de la segunda encuesta de g\u00e9nero en el sector minero, revelando que la participaci\u00f3n femenina ha aumentado al 19%, lo que representa un avance de dos puntos en comparaci\u00f3n con a\u00f1os anteriores. Desde el sector empresarial, se subray\u00f3 la importancia de crear oportunidades laborales equitativas, con el objetivo de aumentar la participaci\u00f3n femenina del 19% al 25% en los pr\u00f3ximos cinco a\u00f1os, bas\u00e1ndose en el reconocimiento del m\u00e9rito y la capacidad profesional. El evento concluy\u00f3 con un firme compromiso de seguir promoviendo el liderazgo femenino en todos los \u00e1mbitos empresariales y sociales, consolidando espacios que impulsen una transformaci\u00f3n real y efectiva hacia la equidad de g\u00e9nero en Ecuador.<\/p>\n","protected":false},"author":1,"featured_media":22375,"comment_status":"open","ping_status":"open","sticky":false,"template":"","format":"standard","meta":{"footnotes":""},"categories":[268],"tags":[],"class_list":["post-22374","post","type-post","status-publish","format-standard","has-post-thumbnail","hentry","category-nacionales"],"_links":{"self":[{"href":"https:\/\/www.elamazonico.com\/portal\/wp-json\/wp\/v2\/posts\/22374","targetHints":{"allow":["GET"]}}],"collection":[{"href":"https:\/\/www.elamazonico.com\/portal\/wp-json\/wp\/v2\/posts"}],"about":[{"href":"https:\/\/www.elamazonico.com\/portal\/wp-json\/wp\/v2\/types\/post"}],"author":[{"embeddable":true,"href":"https:\/\/www.elamazonico.com\/portal\/wp-json\/wp\/v2\/users\/1"}],"replies":[{"embeddable":true,"href":"https:\/\/www.elamazonico.com\/portal\/wp-json\/wp\/v2\/comments?post=22374"}],"version-history":[{"count":1,"href":"https:\/\/www.elamazonico.com\/portal\/wp-json\/wp\/v2\/posts\/22374\/revisions"}],"predecessor-version":[{"id":22376,"href":"https:\/\/www.elamazonico.com\/portal\/wp-json\/wp\/v2\/posts\/22374\/revisions\/22376"}],"wp:featuredmedia":[{"embeddable":true,"href":"https:\/\/www.elamazonico.com\/portal\/wp-json\/wp\/v2\/media\/22375"}],"wp:attachment":[{"href":"https:\/\/www.elamazonico.com\/portal\/wp-json\/wp\/v2\/media?parent=22374"}],"wp:term":[{"taxonomy":"category","embeddable":true,"href":"https:\/\/www.elamazonico.com\/portal\/wp-json\/wp\/v2\/categories?post=22374"},{"taxonomy":"post_tag","embeddable":true,"href":"https:\/\/www.elamazonico.com\/portal\/wp-json\/wp\/v2\/tags?post=22374"}],"curies":[{"name":"wp","href":"https:\/\/api.w.org\/{rel}","templated":true}]}}