{"id":22362,"date":"2025-03-28T17:01:37","date_gmt":"2025-03-28T22:01:37","guid":{"rendered":"https:\/\/www.elamazonico.com\/portal\/?p=22362"},"modified":"2025-03-28T17:01:37","modified_gmt":"2025-03-28T22:01:37","slug":"caso-malvinas-autopsia-revela-que-los-craneos-de-las-victimas-tenian-disparos","status":"publish","type":"post","link":"https:\/\/www.elamazonico.com\/portal\/caso-malvinas-autopsia-revela-que-los-craneos-de-las-victimas-tenian-disparos\/","title":{"rendered":"Caso Malvinas: autopsia revela que los cr\u00e1neos de las v\u00edctimas ten\u00edan disparos"},"content":{"rendered":"<div class=\"paragraph texto\">\n<p class=\"p_0\">La<b>\u00a0autopsia de los cuerpos\u00a0<\/b>de los cuatro menores de edad de\u00a0<b><a href=\"https:\/\/www.vistazo.com\/cronologia\/-\/meta\/caso-las-malvinas\">Las Malvinas<\/a><\/b>, que fueron hallados en un\u00a0<u><b>manglar de la parroquia Taura<\/b><\/u>\u00a0(Naranjal), revel\u00f3 que las v\u00edctimas ten\u00edan\u00a0<u><b>disparos en la cabeza<\/b><\/u>. Esto dejar\u00eda en evidencia que\u00a0<u>\u201cla estrategia de quemar los cad\u00e1veres ten\u00eda como objetivo ocultar cualquier evidencia\u201d<\/u>, asegur\u00f3 el abogado Fernando Bastias.<\/p>\n<p class=\"p_1\">Este<u><b>\u00a0lunes 31 de marzo culmina la instrucci\u00f3n fiscal\u00a0<\/b><\/u>del caso Malvinas, en el que se investiga el presunto delito de desaparici\u00f3n forzada por parte de 16 militares, y la defensa de las familias de los menores finiquita detalles para continuar la siguiente etapa judicial.<\/p>\n<p class=\"p_3\">La autopsia ser\u00eda una de las pericias clave. Luego de tres meses del hallazgo de los cuerpos,\u00a0<b>finalmente ya se entreg\u00f3 el informe m\u00e9dico legista<\/b>.<\/p>\n<div class=\"Center2Display\">\n<div id=\"Center2\" data-google-query-id=\"CPK4wojirYwDFUoq0AQdRSo44A\">\n<div id=\"google_ads_iframe_\/21839199781\/Vistazo\/Vistazo_Center2_0__container__\">Fernando Bastias, abogado del Comit\u00e9 Permanente de Derechos Humanos (CDH), coment\u00f3 a Vistazo que la principal conclusi\u00f3n es que <u><b>los cr\u00e1neos de las v\u00edctimas ten\u00edan restos de balas<\/b><\/u>.<\/div>\n<\/div>\n<\/div>\n<p class=\"p_5\">Agreg\u00f3 que los disparos se ejecutaron cuando los tres adolescentes y el ni\u00f1o a\u00fan estaban vivos.\u00a0<u><b>\u201cFueron disparos de espaldas a mediana y larga distancia\u201d<\/b><\/u>, detall\u00f3.<\/p>\n<div id=\"teads0\" class=\"teads-player native\">\u201cSe corrobor\u00f3 que la estrategia de quemar los cuerpos fue para ocultar cualquier evidencia, ya que fueron quemados despu\u00e9s de que murieron\u201d, explic\u00f3 el abogado.<\/div>\n<\/div>\n<div class=\"paragraph texto\">\n<p class=\"p_6\">Tambi\u00e9n se confirm\u00f3 que uno de los adolescentes ten\u00eda una\u00a0<u>lesi\u00f3n por golpe contundente en el lado izquierdo de la cabeza<\/u>. Este detalle concuerda con lo relatado por el\u00a0<b><a href=\"https:\/\/www.vistazo.com\/actualidad\/nacional\/2024-12-31-audiencia-desaparicion-ninos-guayaquil-se-realiza-martes-cinco-datos-clave-ED8544644\">testigo clave\u00a0<\/a><\/b>que prest\u00f3 el celular a los menores aquella noche del 8 de diciembre, cuando desaparecieron.<\/p>\n<\/div>\n<div class=\"multimediaMacroWrapper img lateral\">\n<figure class=\"contentMedia art-img\">\n<div><img fetchpriority=\"high\" decoding=\"async\" class=\" lazyloaded\" title=\"Los cuatro de Las Malvinas.\" src=\"https:\/\/www.vistazo.com\/placeholder\/svg\/viewbox\/768x530\" sizes=\"100vw\" srcset=\"\/\/www.vistazo.com\/binrepository\/768x530\/0c0\/0d0\/none\/12727\/LOOM\/20250108144262-gye-marcha-menores_2102919_20250328163534.jpg 768w,\/\/www.vistazo.com\/binrepository\/640x442\/0c0\/0d0\/none\/12727\/LOOY\/20250108144262-gye-marcha-menores_2102919_20250328163534.jpg 640w,\/\/www.vistazo.com\/binrepository\/512x353\/0c0\/0d0\/none\/12727\/LOOA\/20250108144262-gye-marcha-menores_2102919_20250328163534.jpg 512w,\/\/www.vistazo.com\/binrepository\/384x265\/0c0\/0d0\/none\/12727\/LOON\/20250108144262-gye-marcha-menores_2102919_20250328163534.jpg 384w,\/\/www.vistazo.com\/binrepository\/300x207\/0c0\/0d0\/none\/12727\/LOOF\/20250108144262-gye-marcha-menores_2102919_20250328163534.jpg 300w\" alt=\"$!Los cuatro de Las Malvinas.\" width=\"768\" height=\"530\" data-srcset=\"\/\/www.vistazo.com\/binrepository\/768x530\/0c0\/0d0\/none\/12727\/LOOM\/20250108144262-gye-marcha-menores_2102919_20250328163534.jpg 768w,\/\/www.vistazo.com\/binrepository\/640x442\/0c0\/0d0\/none\/12727\/LOOY\/20250108144262-gye-marcha-menores_2102919_20250328163534.jpg 640w,\/\/www.vistazo.com\/binrepository\/512x353\/0c0\/0d0\/none\/12727\/LOOA\/20250108144262-gye-marcha-menores_2102919_20250328163534.jpg 512w,\/\/www.vistazo.com\/binrepository\/384x265\/0c0\/0d0\/none\/12727\/LOON\/20250108144262-gye-marcha-menores_2102919_20250328163534.jpg 384w,\/\/www.vistazo.com\/binrepository\/300x207\/0c0\/0d0\/none\/12727\/LOOF\/20250108144262-gye-marcha-menores_2102919_20250328163534.jpg 300w\" \/><\/div>\n<div class=\"cutline-byline\"><span class=\"cutline-text\">Los cuatro de Las Malvinas.<\/span>\u00a0<span class=\"byline-image\">(API)<\/span><\/div>\n<\/figure>\n<\/div>\n<h2 class=\"h2vistazo\">PERITOS INTERNACIONALES<\/h2>\n<div class=\"paragraph texto\">\n<p class=\"p_8\">La perito sugiri\u00f3 a la Fiscal\u00eda que haga otros ex\u00e1menes como el de\u00a0<b>toxicolog\u00eda<\/b>\u00a0para determinar el tipo de combustible que se utiliz\u00f3 para el crimen.<\/p>\n<p class=\"p_9\">Fernando Bastias mencion\u00f3 que a pesar de que, el informe indica la presencia de restos de balas en los cr\u00e1neos y lesiones en el t\u00f3rax,\u00a0<u><b>\u201cno determin\u00f3 la causa de muerte, lo cual para nosotros es una ambig\u00fcedad, la cual vamos a solicitar que se aclare\u201d<\/b><\/u>.<\/p>\n<p class=\"p_10\">Detall\u00f3 que la autopsia ya est\u00e1 en manos de\u00a0<b>peritos internacionales<\/b>, quienes corrobor\u00e1n la veracidad de los resultados. \u201cEso nos permitir\u00e1 saber qu\u00e9 acciones tomar a nivel interno, pero tambi\u00e9n a nivel internacional\u201d, se\u00f1al\u00f3 el jurista.<\/p>\n<p class=\"p_11\">Una vez terminada la instrucci\u00f3n fiscal, lo pr\u00f3ximo que se viene es la\u00a0<u><b>audiencia evaluatoria y preparatoria de juicio<\/b><\/u>. <strong>Fuente: Vistazo<\/strong><\/p>\n<\/div>\n<div class=\"art-twitter twitter_text\">\n<div class=\"twitter-content\"><\/div>\n<\/div>\n","protected":false},"excerpt":{"rendered":"<p>La\u00a0autopsia de los cuerpos\u00a0de los cuatro menores de edad de\u00a0Las Malvinas, que fueron hallados en un\u00a0manglar de la parroquia Taura\u00a0(Naranjal), revel\u00f3 que las v\u00edctimas ten\u00edan\u00a0disparos en la cabeza. Esto dejar\u00eda en evidencia que\u00a0\u201cla estrategia de quemar los cad\u00e1veres ten\u00eda como objetivo ocultar cualquier evidencia\u201d, asegur\u00f3 el abogado Fernando Bastias. Este\u00a0lunes 31 de marzo culmina la instrucci\u00f3n fiscal\u00a0del caso Malvinas, en el que se investiga el presunto delito de desaparici\u00f3n forzada por parte de 16 militares, y la defensa de las familias de los menores finiquita detalles para continuar la siguiente etapa judicial. La autopsia ser\u00eda una de las pericias clave. Luego de tres meses del hallazgo de los cuerpos,\u00a0finalmente ya se entreg\u00f3 el informe m\u00e9dico legista. Fernando Bastias, abogado del Comit\u00e9 Permanente de Derechos Humanos (CDH), coment\u00f3 a Vistazo que la principal conclusi\u00f3n es que los cr\u00e1neos de las v\u00edctimas ten\u00edan restos de balas. Agreg\u00f3 que los disparos se ejecutaron cuando los tres adolescentes y el ni\u00f1o a\u00fan estaban vivos.\u00a0\u201cFueron disparos de espaldas a mediana y larga distancia\u201d, detall\u00f3. \u201cSe corrobor\u00f3 que la estrategia de quemar los cuerpos fue para ocultar cualquier evidencia, ya que fueron quemados despu\u00e9s de que murieron\u201d, explic\u00f3 el abogado. Tambi\u00e9n se confirm\u00f3 que uno de los adolescentes ten\u00eda una\u00a0lesi\u00f3n por golpe contundente en el lado izquierdo de la cabeza. Este detalle concuerda con lo relatado por el\u00a0testigo clave\u00a0que prest\u00f3 el celular a los menores aquella noche del 8 de diciembre, cuando desaparecieron. Los cuatro de Las Malvinas.\u00a0(API) PERITOS INTERNACIONALES La perito sugiri\u00f3 a la Fiscal\u00eda que haga otros ex\u00e1menes como el de\u00a0toxicolog\u00eda\u00a0para determinar el tipo de combustible que se utiliz\u00f3 para el crimen. Fernando Bastias mencion\u00f3 que a pesar de que, el informe indica la presencia de restos de balas en los cr\u00e1neos y lesiones en el t\u00f3rax,\u00a0\u201cno determin\u00f3 la causa de muerte, lo cual para nosotros es una ambig\u00fcedad, la cual vamos a solicitar que se aclare\u201d. Detall\u00f3 que la autopsia ya est\u00e1 en manos de\u00a0peritos internacionales, quienes corrobor\u00e1n la veracidad de los resultados. \u201cEso nos permitir\u00e1 saber qu\u00e9 acciones tomar a nivel interno, pero tambi\u00e9n a nivel internacional\u201d, se\u00f1al\u00f3 el jurista. Una vez terminada la instrucci\u00f3n fiscal, lo pr\u00f3ximo que se viene es la\u00a0audiencia evaluatoria y preparatoria de juicio. Fuente: Vistazo<\/p>\n","protected":false},"author":1,"featured_media":22363,"comment_status":"open","ping_status":"open","sticky":false,"template":"","format":"standard","meta":{"footnotes":""},"categories":[268],"tags":[],"class_list":["post-22362","post","type-post","status-publish","format-standard","has-post-thumbnail","hentry","category-nacionales"],"_links":{"self":[{"href":"https:\/\/www.elamazonico.com\/portal\/wp-json\/wp\/v2\/posts\/22362","targetHints":{"allow":["GET"]}}],"collection":[{"href":"https:\/\/www.elamazonico.com\/portal\/wp-json\/wp\/v2\/posts"}],"about":[{"href":"https:\/\/www.elamazonico.com\/portal\/wp-json\/wp\/v2\/types\/post"}],"author":[{"embeddable":true,"href":"https:\/\/www.elamazonico.com\/portal\/wp-json\/wp\/v2\/users\/1"}],"replies":[{"embeddable":true,"href":"https:\/\/www.elamazonico.com\/portal\/wp-json\/wp\/v2\/comments?post=22362"}],"version-history":[{"count":1,"href":"https:\/\/www.elamazonico.com\/portal\/wp-json\/wp\/v2\/posts\/22362\/revisions"}],"predecessor-version":[{"id":22364,"href":"https:\/\/www.elamazonico.com\/portal\/wp-json\/wp\/v2\/posts\/22362\/revisions\/22364"}],"wp:featuredmedia":[{"embeddable":true,"href":"https:\/\/www.elamazonico.com\/portal\/wp-json\/wp\/v2\/media\/22363"}],"wp:attachment":[{"href":"https:\/\/www.elamazonico.com\/portal\/wp-json\/wp\/v2\/media?parent=22362"}],"wp:term":[{"taxonomy":"category","embeddable":true,"href":"https:\/\/www.elamazonico.com\/portal\/wp-json\/wp\/v2\/categories?post=22362"},{"taxonomy":"post_tag","embeddable":true,"href":"https:\/\/www.elamazonico.com\/portal\/wp-json\/wp\/v2\/tags?post=22362"}],"curies":[{"name":"wp","href":"https:\/\/api.w.org\/{rel}","templated":true}]}}