{"id":22348,"date":"2025-03-28T16:02:19","date_gmt":"2025-03-28T21:02:19","guid":{"rendered":"https:\/\/www.elamazonico.com\/portal\/?p=22348"},"modified":"2025-03-28T16:02:19","modified_gmt":"2025-03-28T21:02:19","slug":"atencion-profesores-ministerio-de-educacion-abre-proceso-de-sectorizacion-en-costa-galapagos-con-1-669-vacantes","status":"publish","type":"post","link":"https:\/\/www.elamazonico.com\/portal\/atencion-profesores-ministerio-de-educacion-abre-proceso-de-sectorizacion-en-costa-galapagos-con-1-669-vacantes\/","title":{"rendered":"\u00a1Atenci\u00f3n profesores! Ministerio de Educaci\u00f3n abre proceso de sectorizaci\u00f3n en Costa-Gal\u00e1pagos con 1.669 vacantes"},"content":{"rendered":"<div class=\"paragraph texto\">\n<p class=\"p_0\">El Ministerio de\u00a0<a href=\"https:\/\/www.vistazo.com\/actualidad\/nacional\/2025-03-25-becas-ingles-ecuatorianos-requisitos-EX9011897\" target=\"_blank\" rel=\"noopener noreferrer\">Educaci\u00f3n<\/a>\u00a0abri\u00f3 el proceso de sectorizaci\u00f3n\u00a0<b>docente\u00a0<\/b>para el\u00a0<u>r\u00e9gimen Costa-Gal\u00e1pagos<\/u>, con el objetivo de mejorar las condiciones laborales, reconocer su desarrollo profesional y ofrecer 1.669 vacantes. Las\u00a0<b>inscripciones\u00a0<\/b>estar\u00e1n abiertas a partir de este viernes 28 de marzo.<\/p>\n<p class=\"p_2\">La iniciativa, que contempla una\u00a0<b>inversi\u00f3n\u00a0<\/b>de 14 millones de d\u00f3lares, tiene como objetivo atender las necesidades de traslado de los docentes con nombramiento definitivo que requieran\u00a0<b>reubicaci\u00f3n<\/b>, seg\u00fan destac\u00f3 la cartera de Estado.<\/p>\n<p class=\"p_3\">\u00abEstas acciones son parte de una estrategia integral para fortalecer el sistema educativo y garantizar una educaci\u00f3n de calidad para todos los estudiantes del pa\u00eds\u00bb, indic\u00f3 el Ministerio de Educaci\u00f3n.<\/p>\n<div class=\"Center2Display\">\n<div id=\"Center2\" data-google-query-id=\"CITV9uPVrYwDFdW-WgUd6CsGgQ\">\n<div id=\"google_ads_iframe_\/21839199781\/Vistazo\/Vistazo_Center2_0__container__\">Asimismo, este proceso contempla la <u>oferta de 1.669 vacantes<\/u>\u00a0en instituciones educativas.<\/div>\n<\/div>\n<\/div>\n<\/div>\n<h2 class=\"h2vistazo\">Requisitos para profesores<\/h2>\n<div class=\"paragraph texto\">\n<p class=\"p_5\">Para participar en el proceso, los docentes deben cumplir con los siguientes requisitos:<\/p>\n<p class=\"p_6\">-Haber laborado dos a\u00f1os consecutivos en la misma instituci\u00f3n educativa con nombramiento definitivo.<\/p>\n<p class=\"p_7\">-No encontrarse inmerso en procesos administrativos o en comisi\u00f3n de servicios.<\/p>\n<p class=\"p_8\">El proceso, adem\u00e1s de optimizar la log\u00edstica del traslado,\u00a0<u>busca reconocer el esfuerzo y compromiso de los educadores<\/u>, consolidando una red de profesionales m\u00e1s conectada y comprometida con la calidad educativa.<\/p>\n<\/div>\n<h2 class=\"h2vistazo\">Etapas del Proceso<\/h2>\n<ul>\n<li class=\"bulletvistazo\">1. Inscripci\u00f3n y actualizaci\u00f3n de datos (28 de marzo \u2013 1 de abril de 2025):<\/li>\n<\/ul>\n<div class=\"paragraph texto\">\n<p class=\"p_9\">Los docentes podr\u00e1n inscribirse y actualizar su informaci\u00f3n personal en la plataforma de sectorizaci\u00f3n, registrando su lugar de preferencia mediante el c\u00f3digo \u00fanico el\u00e9ctrico (CUE). (<a href=\"https:\/\/sectorizacion.educacion.gob.ec\/sectorizacion-web\/faces\/paginas\/externo\/ingreso.xhtml#no-back-button\" target=\"_blank\" rel=\"noopener noreferrer\">https:\/\/sectorizacion.educacion.gob.ec\/sectorizacion-web\/faces\/paginas\/externo\/ingreso.xhtml#no-back-button<\/a>)<\/p>\n<\/div>\n<ul>\n<li class=\"bulletvistazo\">2. Asignaci\u00f3n de vacantes (2 de abril de 2025):<\/li>\n<\/ul>\n<div class=\"paragraph texto\">\n<p class=\"p_10\">El sistema ejecutar\u00e1 el procedimiento de asignaci\u00f3n de vacantes conforme al acuerdo ministerial.<\/p>\n<\/div>\n<ul>\n<li class=\"bulletvistazo\">3. Aceptaci\u00f3n\/Desistimiento (2 \u2013 3 de abril de 2025):<\/li>\n<\/ul>\n<div class=\"paragraph texto\">\n<p class=\"p_11\">Los docentes podr\u00e1n aceptar o desistir de la vacante asignada de manera libre y voluntaria.<\/p>\n<\/div>\n<ul>\n<li class=\"bulletvistazo\">4. Subida del acta de compromiso:<\/li>\n<\/ul>\n<div class=\"paragraph texto\">\n<p class=\"p_12\">Posteriormente, se deber\u00e1 descargar, firmar y subir el acta de compromiso, documento obligatorio que certifica la ausencia de pendientes administrativos en la instituci\u00f3n de origen.<\/p>\n<\/div>\n<ul>\n<li class=\"bulletvistazo\">5. Validaci\u00f3n y resoluci\u00f3n:<\/li>\n<\/ul>\n<div class=\"paragraph texto\">\n<p class=\"p_13\">Las coordinaciones zonales y distritales verificar\u00e1n el cumplimiento de los requisitos, culminando en la emisi\u00f3n de la resoluci\u00f3n nacional con el listado de beneficiarios el 8 de abril de 2025.<\/p>\n<\/div>\n<ul>\n<li class=\"bulletvistazo\">6. Incorporaci\u00f3n (mayo 2025):<\/li>\n<\/ul>\n<div class=\"paragraph texto\">\n<p class=\"p_14\">La incorporaci\u00f3n se realizar\u00e1 una vez que el docente beneficiado reciba la notificaci\u00f3n formal del traslado a su nueva instituci\u00f3n educativa.<\/p>\n<p class=\"p_15\">El Ministerio de Educaci\u00f3n, en el marco del Plan de Valoraci\u00f3n Docente, invertir\u00e1 en 2025 m\u00e1s de 30 millones de d\u00f3lares. Con esta inversi\u00f3n, reafirma su compromiso con los docentes, impulsando mejores condiciones laborales y reconociendo su desarrollo profesional.<strong> Fuente: Vistazo<\/strong><\/p>\n<\/div>\n","protected":false},"excerpt":{"rendered":"<p>El Ministerio de\u00a0Educaci\u00f3n\u00a0abri\u00f3 el proceso de sectorizaci\u00f3n\u00a0docente\u00a0para el\u00a0r\u00e9gimen Costa-Gal\u00e1pagos, con el objetivo de mejorar las condiciones laborales, reconocer su desarrollo profesional y ofrecer 1.669 vacantes. Las\u00a0inscripciones\u00a0estar\u00e1n abiertas a partir de este viernes 28 de marzo. La iniciativa, que contempla una\u00a0inversi\u00f3n\u00a0de 14 millones de d\u00f3lares, tiene como objetivo atender las necesidades de traslado de los docentes con nombramiento definitivo que requieran\u00a0reubicaci\u00f3n, seg\u00fan destac\u00f3 la cartera de Estado. \u00abEstas acciones son parte de una estrategia integral para fortalecer el sistema educativo y garantizar una educaci\u00f3n de calidad para todos los estudiantes del pa\u00eds\u00bb, indic\u00f3 el Ministerio de Educaci\u00f3n. Asimismo, este proceso contempla la oferta de 1.669 vacantes\u00a0en instituciones educativas. Requisitos para profesores Para participar en el proceso, los docentes deben cumplir con los siguientes requisitos: -Haber laborado dos a\u00f1os consecutivos en la misma instituci\u00f3n educativa con nombramiento definitivo. -No encontrarse inmerso en procesos administrativos o en comisi\u00f3n de servicios. El proceso, adem\u00e1s de optimizar la log\u00edstica del traslado,\u00a0busca reconocer el esfuerzo y compromiso de los educadores, consolidando una red de profesionales m\u00e1s conectada y comprometida con la calidad educativa. Etapas del Proceso 1. Inscripci\u00f3n y actualizaci\u00f3n de datos (28 de marzo \u2013 1 de abril de 2025): Los docentes podr\u00e1n inscribirse y actualizar su informaci\u00f3n personal en la plataforma de sectorizaci\u00f3n, registrando su lugar de preferencia mediante el c\u00f3digo \u00fanico el\u00e9ctrico (CUE). (https:\/\/sectorizacion.educacion.gob.ec\/sectorizacion-web\/faces\/paginas\/externo\/ingreso.xhtml#no-back-button) 2. Asignaci\u00f3n de vacantes (2 de abril de 2025): El sistema ejecutar\u00e1 el procedimiento de asignaci\u00f3n de vacantes conforme al acuerdo ministerial. 3. Aceptaci\u00f3n\/Desistimiento (2 \u2013 3 de abril de 2025): Los docentes podr\u00e1n aceptar o desistir de la vacante asignada de manera libre y voluntaria. 4. Subida del acta de compromiso: Posteriormente, se deber\u00e1 descargar, firmar y subir el acta de compromiso, documento obligatorio que certifica la ausencia de pendientes administrativos en la instituci\u00f3n de origen. 5. Validaci\u00f3n y resoluci\u00f3n: Las coordinaciones zonales y distritales verificar\u00e1n el cumplimiento de los requisitos, culminando en la emisi\u00f3n de la resoluci\u00f3n nacional con el listado de beneficiarios el 8 de abril de 2025. 6. Incorporaci\u00f3n (mayo 2025): La incorporaci\u00f3n se realizar\u00e1 una vez que el docente beneficiado reciba la notificaci\u00f3n formal del traslado a su nueva instituci\u00f3n educativa. El Ministerio de Educaci\u00f3n, en el marco del Plan de Valoraci\u00f3n Docente, invertir\u00e1 en 2025 m\u00e1s de 30 millones de d\u00f3lares. Con esta inversi\u00f3n, reafirma su compromiso con los docentes, impulsando mejores condiciones laborales y reconociendo su desarrollo profesional. Fuente: Vistazo<\/p>\n","protected":false},"author":1,"featured_media":22349,"comment_status":"open","ping_status":"open","sticky":false,"template":"","format":"standard","meta":{"footnotes":""},"categories":[268],"tags":[],"class_list":["post-22348","post","type-post","status-publish","format-standard","has-post-thumbnail","hentry","category-nacionales"],"_links":{"self":[{"href":"https:\/\/www.elamazonico.com\/portal\/wp-json\/wp\/v2\/posts\/22348","targetHints":{"allow":["GET"]}}],"collection":[{"href":"https:\/\/www.elamazonico.com\/portal\/wp-json\/wp\/v2\/posts"}],"about":[{"href":"https:\/\/www.elamazonico.com\/portal\/wp-json\/wp\/v2\/types\/post"}],"author":[{"embeddable":true,"href":"https:\/\/www.elamazonico.com\/portal\/wp-json\/wp\/v2\/users\/1"}],"replies":[{"embeddable":true,"href":"https:\/\/www.elamazonico.com\/portal\/wp-json\/wp\/v2\/comments?post=22348"}],"version-history":[{"count":1,"href":"https:\/\/www.elamazonico.com\/portal\/wp-json\/wp\/v2\/posts\/22348\/revisions"}],"predecessor-version":[{"id":22350,"href":"https:\/\/www.elamazonico.com\/portal\/wp-json\/wp\/v2\/posts\/22348\/revisions\/22350"}],"wp:featuredmedia":[{"embeddable":true,"href":"https:\/\/www.elamazonico.com\/portal\/wp-json\/wp\/v2\/media\/22349"}],"wp:attachment":[{"href":"https:\/\/www.elamazonico.com\/portal\/wp-json\/wp\/v2\/media?parent=22348"}],"wp:term":[{"taxonomy":"category","embeddable":true,"href":"https:\/\/www.elamazonico.com\/portal\/wp-json\/wp\/v2\/categories?post=22348"},{"taxonomy":"post_tag","embeddable":true,"href":"https:\/\/www.elamazonico.com\/portal\/wp-json\/wp\/v2\/tags?post=22348"}],"curies":[{"name":"wp","href":"https:\/\/api.w.org\/{rel}","templated":true}]}}