{"id":22328,"date":"2025-03-27T12:33:08","date_gmt":"2025-03-27T17:33:08","guid":{"rendered":"https:\/\/www.elamazonico.com\/portal\/?p=22328"},"modified":"2025-03-27T12:34:04","modified_gmt":"2025-03-27T17:34:04","slug":"22328-2","status":"publish","type":"post","link":"https:\/\/www.elamazonico.com\/portal\/22328-2\/","title":{"rendered":"Bono de mil d\u00f3lares: Daniel Noboa ampl\u00eda cupos para beneficiarios del &#8216;Programa Incentivo Emprende&#8217;"},"content":{"rendered":"<div id=\"\" class=\"portlet-boundary portlet-static-end content-viewer-portlet text__ last full-access norestricted\">\n<div class=\"text_detail\">\n<div class=\"text resizable\">\n<div class=\"paragraph texto\">\n<p class=\"p_0\">El presidente de la Rep\u00fablica,\u00a0<b>Daniel Noboa<\/b>, ampli\u00f3 los beneficiarios del\u00a0<u><b><a href=\"https:\/\/www.vistazo.com\/actualidad\/nacional\/2025-03-24-incentivo-emprende-requisitos-bono-mil-dolares-KF9007387\" target=\"_blank\" rel=\"noopener noreferrer\">Programa Incentivo Emprende<\/a><\/b><\/u>, para que m\u00e1s ciudadanos puedan acceder al\u00a0<b>bono de los USD 1.000.<\/b><\/p>\n<p class=\"p_1\">Esta decisi\u00f3n fue oficializada a trav\u00e9s del Decreto Ejecutivo N.\u00b0 583, firmado por Noboa el mi\u00e9rcoles 27 de marzo, con el cual se reforma el Decreto N.\u00b0 576 (emitido el 22 de marzo) e incluye a\u00a0<u>m\u00e1s emprendedores y negocios populares<\/u>\u00a0en el componente \u201cReact\u00edvate, Incent\u00edvate Emprendedor\u201d.<\/p>\n<p class=\"p_3\">\u00abDe esta manera, m\u00e1s ecuatorianos pueden acceder a la posibilidad de beneficiarse de la transferencia monetaria\u00bb, destac\u00f3 el Gobierno.<\/p>\n<p class=\"p_4\">Adem\u00e1s, se inform\u00f3 que, con esta ampliaci\u00f3n, el gobierno busca fortalecer la\u00a0<u>reactivaci\u00f3n econ\u00f3mica y productiva, impulsar la generaci\u00f3n de empleo y ofrecer mayores oportunidades<\/u>\u00a0a los emprendedores, favoreciendo el impulso de peque\u00f1os negocios en todo el pa\u00eds.<\/p>\n<p class=\"p_5\">El componente \u201cReact\u00edvate, Incent\u00edvate Emprendedor\u201d consiste en un incentivo gubernamental para la reactivaci\u00f3n econ\u00f3mica de los actores de la econom\u00eda popular y solidaria (EPS) y de los emprendedores y negocios populares afectados por las lluvias o por cualquier circunstancia; y, est\u00e1 destinado a mitigar el impacto econ\u00f3mico y promover la continuidad de sus actividades productivas.<\/p>\n<p class=\"p_6\">\u00abSe entregar\u00e1, por una \u00fanica vez, una transferencia monetaria de mil d\u00f3lares de los Estados Unidos de Am\u00e9rica (USD 1.000,00)\u00bb, estipula el decreto presidencial. <strong>Fuente: Vistazo<\/strong><\/p>\n<\/div>\n<\/div>\n<\/div>\n<\/div>\n<div id=\"\" class=\"portlet-boundary portlet-static-end content-viewer-portlet LIVE BLOG POST last full-access norestricted\"><\/div>\n","protected":false},"excerpt":{"rendered":"<p>El presidente de la Rep\u00fablica,\u00a0Daniel Noboa, ampli\u00f3 los beneficiarios del\u00a0Programa Incentivo Emprende, para que m\u00e1s ciudadanos puedan acceder al\u00a0bono de los USD 1.000. Esta decisi\u00f3n fue oficializada a trav\u00e9s del Decreto Ejecutivo N.\u00b0 583, firmado por Noboa el mi\u00e9rcoles 27 de marzo, con el cual se reforma el Decreto N.\u00b0 576 (emitido el 22 de marzo) e incluye a\u00a0m\u00e1s emprendedores y negocios populares\u00a0en el componente \u201cReact\u00edvate, Incent\u00edvate Emprendedor\u201d. \u00abDe esta manera, m\u00e1s ecuatorianos pueden acceder a la posibilidad de beneficiarse de la transferencia monetaria\u00bb, destac\u00f3 el Gobierno. Adem\u00e1s, se inform\u00f3 que, con esta ampliaci\u00f3n, el gobierno busca fortalecer la\u00a0reactivaci\u00f3n econ\u00f3mica y productiva, impulsar la generaci\u00f3n de empleo y ofrecer mayores oportunidades\u00a0a los emprendedores, favoreciendo el impulso de peque\u00f1os negocios en todo el pa\u00eds. El componente \u201cReact\u00edvate, Incent\u00edvate Emprendedor\u201d consiste en un incentivo gubernamental para la reactivaci\u00f3n econ\u00f3mica de los actores de la econom\u00eda popular y solidaria (EPS) y de los emprendedores y negocios populares afectados por las lluvias o por cualquier circunstancia; y, est\u00e1 destinado a mitigar el impacto econ\u00f3mico y promover la continuidad de sus actividades productivas. \u00abSe entregar\u00e1, por una \u00fanica vez, una transferencia monetaria de mil d\u00f3lares de los Estados Unidos de Am\u00e9rica (USD 1.000,00)\u00bb, estipula el decreto presidencial. Fuente: Vistazo<\/p>\n","protected":false},"author":1,"featured_media":22329,"comment_status":"open","ping_status":"open","sticky":false,"template":"","format":"standard","meta":{"footnotes":""},"categories":[268],"tags":[],"class_list":["post-22328","post","type-post","status-publish","format-standard","has-post-thumbnail","hentry","category-nacionales"],"_links":{"self":[{"href":"https:\/\/www.elamazonico.com\/portal\/wp-json\/wp\/v2\/posts\/22328","targetHints":{"allow":["GET"]}}],"collection":[{"href":"https:\/\/www.elamazonico.com\/portal\/wp-json\/wp\/v2\/posts"}],"about":[{"href":"https:\/\/www.elamazonico.com\/portal\/wp-json\/wp\/v2\/types\/post"}],"author":[{"embeddable":true,"href":"https:\/\/www.elamazonico.com\/portal\/wp-json\/wp\/v2\/users\/1"}],"replies":[{"embeddable":true,"href":"https:\/\/www.elamazonico.com\/portal\/wp-json\/wp\/v2\/comments?post=22328"}],"version-history":[{"count":2,"href":"https:\/\/www.elamazonico.com\/portal\/wp-json\/wp\/v2\/posts\/22328\/revisions"}],"predecessor-version":[{"id":22331,"href":"https:\/\/www.elamazonico.com\/portal\/wp-json\/wp\/v2\/posts\/22328\/revisions\/22331"}],"wp:featuredmedia":[{"embeddable":true,"href":"https:\/\/www.elamazonico.com\/portal\/wp-json\/wp\/v2\/media\/22329"}],"wp:attachment":[{"href":"https:\/\/www.elamazonico.com\/portal\/wp-json\/wp\/v2\/media?parent=22328"}],"wp:term":[{"taxonomy":"category","embeddable":true,"href":"https:\/\/www.elamazonico.com\/portal\/wp-json\/wp\/v2\/categories?post=22328"},{"taxonomy":"post_tag","embeddable":true,"href":"https:\/\/www.elamazonico.com\/portal\/wp-json\/wp\/v2\/tags?post=22328"}],"curies":[{"name":"wp","href":"https:\/\/api.w.org\/{rel}","templated":true}]}}