{"id":22321,"date":"2025-03-27T10:34:59","date_gmt":"2025-03-27T15:34:59","guid":{"rendered":"https:\/\/www.elamazonico.com\/portal\/?p=22321"},"modified":"2025-03-27T10:34:59","modified_gmt":"2025-03-27T15:34:59","slug":"daniel-noboa-aun-hay-mucho-por-hacer","status":"publish","type":"post","link":"https:\/\/www.elamazonico.com\/portal\/daniel-noboa-aun-hay-mucho-por-hacer\/","title":{"rendered":"Daniel Noboa: \u201cA\u00fan hay mucho por hacer\u201d"},"content":{"rendered":"<p>En una entrevista con Daniel Habif, el presidente de Ecuador, Daniel Noboa, mostr\u00f3 una faceta m\u00e1s personal y cotidiana de su vida, lejos de los formalismos de la pol\u00edtica. Acompa\u00f1ado por su esposa, Lavinia Valbonesi, comparti\u00f3 an\u00e9cdotas, emociones y reflexiones sobre su experiencia en el Palacio de Carondelet.<\/p>\n<div class=\"google-auto-placed ap_container\"><ins class=\"adsbygoogle adsbygoogle-noablate\" data-ad-format=\"auto\" data-ad-client=\"ca-pub-7837679359314521\" data-adsbygoogle-status=\"done\" data-ad-status=\"filled\"><\/p>\n<div id=\"aswift_2_host\">Uno de los momentos m\u00e1s llamativos fue cuando record\u00f3 su primera noche en la residencia presidencial. Entre risas, mencion\u00f3 que le hablaron de presencias extra\u00f1as y energ\u00edas pesadas en el lugar. Lavinia, por su parte, confes\u00f3 que la adaptaci\u00f3n no fue f\u00e1cil, pero que con el tiempo lograron convertirlo en un hogar, incluso con los juguetes de sus hijos en la sala principal.<\/div>\n<p><\/ins><\/div>\n<p>El presidente destac\u00f3 que vivir en Carondelet es un recordatorio constante de su responsabilidad con el pa\u00eds. \u201cDesde que despiertas, sabes que fuiste elegido para cambiar vidas, y eso motiva\u201d, afirm\u00f3.<\/p>\n<h3 class=\"wp-block-heading\">Vida cotidiana y motivaci\u00f3n<\/h3>\n<p>Durante la conversaci\u00f3n, Valbonesi revel\u00f3 detalles sobre la rutina de Noboa, quien inicia sus ma\u00f1anas combinando el ejercicio con reuniones virtuales con su equipo de trabajo. Tambi\u00e9n compartieron momentos m\u00e1s \u00edntimos, como los apodos cari\u00f1osos que se han dado en estos meses de mandato.<\/p>\n<p>Sobre su car\u00e1cter, el presidente se describi\u00f3 como alguien incansable y comprometido con el bienestar de la gente. \u201cCuando tengo una motivaci\u00f3n, no hay l\u00edmites. Mi mayor impulso es ayudar a los ecuatorianos a salir adelante\u201d, asegur\u00f3. Valbonesi complement\u00f3 esta visi\u00f3n desde su rol familiar: \u201cEs un padre incondicional; por m\u00e1s ocupado que est\u00e9, siempre encuentra tiempo para sus hijos. Detr\u00e1s de su imagen fuerte, hay un lado dulce que pocos conocen\u201d.<\/p>\n<h3 class=\"wp-block-heading\">El desaf\u00edo de la pol\u00edtica<\/h3>\n<p>Noboa tambi\u00e9n habl\u00f3 sobre las dificultades que ha enfrentado en su carrera pol\u00edtica, incluyendo cr\u00edticas, desinformaci\u00f3n y la resistencia de la vieja guardia pol\u00edtica. \u201cHe escuchado sus consejos, pero no siempre los sigo. Si algo no beneficia al pueblo, no lo aplico\u201d, enfatiz\u00f3.<\/p>\n<div class=\"google-auto-placed ap_container\"><ins class=\"adsbygoogle adsbygoogle-noablate\" data-ad-format=\"auto\" data-ad-client=\"ca-pub-7837679359314521\" data-adsbygoogle-status=\"done\" data-ad-status=\"filled\"><\/p>\n<div id=\"aswift_3_host\">En cuanto a las noticias falsas, dijo que ya no invierte energ\u00eda en desmentirlas. \u201cPrefiero usar mi tiempo en trabajar por el pa\u00eds\u201d, coment\u00f3.<\/div>\n<p><\/ins><\/div>\n<h3 class=\"wp-block-heading\">Un inicio complicado<\/h3>\n<p>El mandatario record\u00f3 que al asumir la presidencia se encontr\u00f3 con una deuda mayor a la esperada, lo que retras\u00f3 planes clave como becas y asistencia agr\u00edcola. \u201cNos dijeron que el atraso en pagos era de USD 2.400 millones, pero en realidad eran USD 4.600 millones\u201d, explic\u00f3.<\/p>\n<p>A pesar de estos desaf\u00edos, Noboa mantiene su compromiso con Ecuador. \u201cHe pagado un alto precio personal por estar aqu\u00ed, pero mi trabajo no ha terminado. A\u00fan faltan a\u00f1os para cumplir todo lo que nos propusimos\u201d, concluy\u00f3.<\/p>\n<h3 class=\"wp-block-heading\">\u00bfQui\u00e9n es Daniel Habif?<\/h3>\n<p>Daniel Habif es un reconocido conferencista, escritor y experto en comunicaci\u00f3n. Con m\u00e1s de tres d\u00e9cadas de experiencia, ha dado m\u00e1s de 500 conferencias en 170 ciudades alrededor del mundo. Ha participado en eventos internacionales como el Economic Forum, los Latin Grammys y el Venezuela Aid Live, donde su discurso por la libertad conmovi\u00f3 a miles de personas.<\/p>\n","protected":false},"excerpt":{"rendered":"<p>En una entrevista con Daniel Habif, el presidente de Ecuador, Daniel Noboa, mostr\u00f3 una faceta m\u00e1s personal y cotidiana de su vida, lejos de los formalismos de la pol\u00edtica. Acompa\u00f1ado por su esposa, Lavinia Valbonesi, comparti\u00f3 an\u00e9cdotas, emociones y reflexiones sobre su experiencia en el Palacio de Carondelet. Uno de los momentos m\u00e1s llamativos fue cuando record\u00f3 su primera noche en la residencia presidencial. Entre risas, mencion\u00f3 que le hablaron de presencias extra\u00f1as y energ\u00edas pesadas en el lugar. Lavinia, por su parte, confes\u00f3 que la adaptaci\u00f3n no fue f\u00e1cil, pero que con el tiempo lograron convertirlo en un hogar, incluso con los juguetes de sus hijos en la sala principal. El presidente destac\u00f3 que vivir en Carondelet es un recordatorio constante de su responsabilidad con el pa\u00eds. \u201cDesde que despiertas, sabes que fuiste elegido para cambiar vidas, y eso motiva\u201d, afirm\u00f3. Vida cotidiana y motivaci\u00f3n Durante la conversaci\u00f3n, Valbonesi revel\u00f3 detalles sobre la rutina de Noboa, quien inicia sus ma\u00f1anas combinando el ejercicio con reuniones virtuales con su equipo de trabajo. Tambi\u00e9n compartieron momentos m\u00e1s \u00edntimos, como los apodos cari\u00f1osos que se han dado en estos meses de mandato. Sobre su car\u00e1cter, el presidente se describi\u00f3 como alguien incansable y comprometido con el bienestar de la gente. \u201cCuando tengo una motivaci\u00f3n, no hay l\u00edmites. Mi mayor impulso es ayudar a los ecuatorianos a salir adelante\u201d, asegur\u00f3. Valbonesi complement\u00f3 esta visi\u00f3n desde su rol familiar: \u201cEs un padre incondicional; por m\u00e1s ocupado que est\u00e9, siempre encuentra tiempo para sus hijos. Detr\u00e1s de su imagen fuerte, hay un lado dulce que pocos conocen\u201d. El desaf\u00edo de la pol\u00edtica Noboa tambi\u00e9n habl\u00f3 sobre las dificultades que ha enfrentado en su carrera pol\u00edtica, incluyendo cr\u00edticas, desinformaci\u00f3n y la resistencia de la vieja guardia pol\u00edtica. \u201cHe escuchado sus consejos, pero no siempre los sigo. Si algo no beneficia al pueblo, no lo aplico\u201d, enfatiz\u00f3. En cuanto a las noticias falsas, dijo que ya no invierte energ\u00eda en desmentirlas. \u201cPrefiero usar mi tiempo en trabajar por el pa\u00eds\u201d, coment\u00f3. Un inicio complicado El mandatario record\u00f3 que al asumir la presidencia se encontr\u00f3 con una deuda mayor a la esperada, lo que retras\u00f3 planes clave como becas y asistencia agr\u00edcola. \u201cNos dijeron que el atraso en pagos era de USD 2.400 millones, pero en realidad eran USD 4.600 millones\u201d, explic\u00f3. A pesar de estos desaf\u00edos, Noboa mantiene su compromiso con Ecuador. \u201cHe pagado un alto precio personal por estar aqu\u00ed, pero mi trabajo no ha terminado. A\u00fan faltan a\u00f1os para cumplir todo lo que nos propusimos\u201d, concluy\u00f3. \u00bfQui\u00e9n es Daniel Habif? Daniel Habif es un reconocido conferencista, escritor y experto en comunicaci\u00f3n. Con m\u00e1s de tres d\u00e9cadas de experiencia, ha dado m\u00e1s de 500 conferencias en 170 ciudades alrededor del mundo. Ha participado en eventos internacionales como el Economic Forum, los Latin Grammys y el Venezuela Aid Live, donde su discurso por la libertad conmovi\u00f3 a miles de personas.<\/p>\n","protected":false},"author":1,"featured_media":22322,"comment_status":"open","ping_status":"open","sticky":false,"template":"","format":"standard","meta":{"footnotes":""},"categories":[268],"tags":[],"class_list":["post-22321","post","type-post","status-publish","format-standard","has-post-thumbnail","hentry","category-nacionales"],"_links":{"self":[{"href":"https:\/\/www.elamazonico.com\/portal\/wp-json\/wp\/v2\/posts\/22321","targetHints":{"allow":["GET"]}}],"collection":[{"href":"https:\/\/www.elamazonico.com\/portal\/wp-json\/wp\/v2\/posts"}],"about":[{"href":"https:\/\/www.elamazonico.com\/portal\/wp-json\/wp\/v2\/types\/post"}],"author":[{"embeddable":true,"href":"https:\/\/www.elamazonico.com\/portal\/wp-json\/wp\/v2\/users\/1"}],"replies":[{"embeddable":true,"href":"https:\/\/www.elamazonico.com\/portal\/wp-json\/wp\/v2\/comments?post=22321"}],"version-history":[{"count":1,"href":"https:\/\/www.elamazonico.com\/portal\/wp-json\/wp\/v2\/posts\/22321\/revisions"}],"predecessor-version":[{"id":22323,"href":"https:\/\/www.elamazonico.com\/portal\/wp-json\/wp\/v2\/posts\/22321\/revisions\/22323"}],"wp:featuredmedia":[{"embeddable":true,"href":"https:\/\/www.elamazonico.com\/portal\/wp-json\/wp\/v2\/media\/22322"}],"wp:attachment":[{"href":"https:\/\/www.elamazonico.com\/portal\/wp-json\/wp\/v2\/media?parent=22321"}],"wp:term":[{"taxonomy":"category","embeddable":true,"href":"https:\/\/www.elamazonico.com\/portal\/wp-json\/wp\/v2\/categories?post=22321"},{"taxonomy":"post_tag","embeddable":true,"href":"https:\/\/www.elamazonico.com\/portal\/wp-json\/wp\/v2\/tags?post=22321"}],"curies":[{"name":"wp","href":"https:\/\/api.w.org\/{rel}","templated":true}]}}