{"id":22315,"date":"2025-03-27T06:13:00","date_gmt":"2025-03-27T11:13:00","guid":{"rendered":"https:\/\/www.elamazonico.com\/portal\/?p=22315"},"modified":"2025-03-27T06:13:00","modified_gmt":"2025-03-27T11:13:00","slug":"daniel-noboa-afirma-que-veronica-abad-es-una-traidora-que-ya-esta-destituida","status":"publish","type":"post","link":"https:\/\/www.elamazonico.com\/portal\/daniel-noboa-afirma-que-veronica-abad-es-una-traidora-que-ya-esta-destituida\/","title":{"rendered":"Daniel Noboa afirma que Ver\u00f3nica Abad es &#8216;una traidora que ya est\u00e1 destituida&#8217;"},"content":{"rendered":"<div class=\"paragraph texto\">\n<p class=\"p_0\"><b>El presidente de Ecuador y candidato a la reelecci\u00f3n,\u00a0<a href=\"https:\/\/www.vistazo.com\/cronologia\/-\/meta\/daniel-noboa\">Daniel Noboa<\/a>, afirm\u00f3 este mi\u00e9rcoles que su vicepresidenta, Ver\u00f3nica Abad, es \u00abuna traidora que ya est\u00e1 destituida\u00bb, en referencia a la suspensi\u00f3n que le impuso el Tribunal Contencioso Electoral (TCE) tras ser demandada por violencia pol\u00edtica de g\u00e9nero por la ministra de Relaciones Exteriores, Gabriela Sommerfeld.<\/b><\/p>\n<p class=\"p_2\">Noboa se refiri\u00f3 as\u00ed por primera vez a la decisi\u00f3n del TCE que impide que Abad, que mantiene un enconado enfrentamiento con el mandatario, pueda<b>\u00a0asumir temporalmente la Presidencia de Ecuador durante el periodo campa\u00f1a electoral<\/b>, en funci\u00f3n a la normativa que establece el mandatario debe pedir licencia del cargo en esta etapa del proceso electoral.<\/p>\n<p class=\"p_3\">\u00abHoy ya estamos\u00a0<b>en campa\u00f1a\u00a0<\/b>por m\u00e1s que algunos\u00a0<b>no quieran que yo salga a territorio<\/b>\u00a0o que quieran que le encargue el cargo de presidente a una<b>\u00a0traidora que ya est\u00e1 destituida<\/b>, por si acaso\u00bb, dijo este mi\u00e9rcoles Noboa durante un acto con militantes de su partido Acci\u00f3n Democr\u00e1tica Nacional (ADN) en Guayaquil.<\/p>\n<div class=\"Center2Display\">\n<div id=\"Center2\" data-google-query-id=\"CJnp27GPqowDFbKYgwgdzCcRmw\">\n<div id=\"google_ads_iframe_\/21839199781\/Vistazo\/Vistazo_Center2_0__container__\">La suspensi\u00f3n de dos a\u00f1os a Abad fue impuesta despu\u00e9s de que el TCE <b>rechazase una demanda inicial por violencia pol\u00edtica de g\u00e9nero presentada por la vicepresidenta contra Noboa<\/b>\u00a0y varios integrantes de su Gobierno, entre ellos la canciller Sommerfeld, y en cambio s\u00ed declar\u00f3 fundada la\u00a0<b>contrademanda\u00a0<\/b>que la ministra de Exteriores present\u00f3 contra la vicepresidenta.<\/div>\n<\/div>\n<\/div>\n<p class=\"p_5\">Abad lleg\u00f3 a acusar a Noboa de<b>\u00a0liderar un acoso del Gobierno contra ella para forzarla a dimitir\u00a0<\/b>y as\u00ed evitar tener que delegar en ella la Presidencia durante la campa\u00f1a electoral.<\/p>\n<div id=\"teads0\" class=\"teads-player native\"><\/div>\n<\/div>\n<div class=\"multimediaMacroWrapper img lateral\">\n<figure class=\"contentMedia art-img\">\n<div><img fetchpriority=\"high\" decoding=\"async\" class=\" lazyloaded\" title=\"La vicepresidenta de Ecuador, Ver\u00f3nica Abad, habla afuera de la sede de la Vicepresidencia, el 23 de diciembre del 2024.\" src=\"https:\/\/www.vistazo.com\/placeholder\/svg\/viewbox\/768x512\" sizes=\"100vw\" srcset=\"\/\/www.vistazo.com\/binrepository\/768x512\/0c0\/0d0\/none\/12727\/KOYB\/afp-20241223-36rb2kc-v1-highres_2098986_20250326225259.jpg 768w,\/\/www.vistazo.com\/binrepository\/640x427\/0c0\/0d0\/none\/12727\/KOYO\/afp-20241223-36rb2kc-v1-highres_2098986_20250326225259.jpg 640w,\/\/www.vistazo.com\/binrepository\/512x341\/0c0\/0d0\/none\/12727\/KOYR\/afp-20241223-36rb2kc-v1-highres_2098986_20250326225259.jpg 512w,\/\/www.vistazo.com\/binrepository\/384x256\/0c0\/0d0\/none\/12727\/KOYC\/afp-20241223-36rb2kc-v1-highres_2098986_20250326225259.jpg 384w,\/\/www.vistazo.com\/binrepository\/300x200\/0c0\/0d0\/none\/12727\/KOYQ\/afp-20241223-36rb2kc-v1-highres_2098986_20250326225259.jpg 300w\" alt=\"$!La vicepresidenta de Ecuador, Ver\u00f3nica Abad, habla afuera de la sede de la Vicepresidencia, el 23 de diciembre del 2024.\" width=\"768\" height=\"512\" data-srcset=\"\/\/www.vistazo.com\/binrepository\/768x512\/0c0\/0d0\/none\/12727\/KOYB\/afp-20241223-36rb2kc-v1-highres_2098986_20250326225259.jpg 768w,\/\/www.vistazo.com\/binrepository\/640x427\/0c0\/0d0\/none\/12727\/KOYO\/afp-20241223-36rb2kc-v1-highres_2098986_20250326225259.jpg 640w,\/\/www.vistazo.com\/binrepository\/512x341\/0c0\/0d0\/none\/12727\/KOYR\/afp-20241223-36rb2kc-v1-highres_2098986_20250326225259.jpg 512w,\/\/www.vistazo.com\/binrepository\/384x256\/0c0\/0d0\/none\/12727\/KOYC\/afp-20241223-36rb2kc-v1-highres_2098986_20250326225259.jpg 384w,\/\/www.vistazo.com\/binrepository\/300x200\/0c0\/0d0\/none\/12727\/KOYQ\/afp-20241223-36rb2kc-v1-highres_2098986_20250326225259.jpg 300w\" \/><\/div>\n<div class=\"cutline-byline\"><span class=\"cutline-text\">La vicepresidenta de Ecuador, Ver\u00f3nica Abad, habla afuera de la sede de la Vicepresidencia, el 23 de diciembre del 2024.<\/span>\u00a0<span class=\"byline-image\">(GALO PAGUAY \/ AFP)<\/span><\/div>\n<\/figure>\n<\/div>\n<div class=\"paragraph texto\">\n<p class=\"p_6\">Para el ministro de Gobierno de Ecuador,\u00a0<b>Jos\u00e9 De la Gasca<\/b>, con la decisi\u00f3n del TCE,<b>\u00a0el \u00abcamino estar\u00eda libre\u00bb<\/b>\u00a0para que Noboa<b>\u00a0\u00abpueda encargar debidamente el poder en buenas manos\u00bb<\/b>\u00a0porque opina que se habr\u00eda incurrido en una ausencia temporal de la vicepresidenta.<\/p>\n<\/div>\n<div class=\"paragraph texto\">\n<p class=\"p_7\"><b>Abad ha rechazado la sanci\u00f3n impuesta por el TCE<\/b>\u00a0y ha insistido en que esta no implica una destituci\u00f3n del cargo, ya que esto solo puede ser ordenado desde la Asamblea Nacional.<\/p>\n<p class=\"p_8\">La vicepresidenta subray\u00f3 el lunes en una entrevista radial que, ya que la decisi\u00f3n del TCE no implica destituci\u00f3n,\u00a0<b>\u00abno cabe considerar ausencia temporal o la ausencia de fuerza mayor\u00bb.<\/b><\/p>\n<p class=\"p_9\">Por ello, alert\u00f3 que si Noboa no pide licencia para hacer campa\u00f1a podr\u00eda cometer\u00a0<b>peculado<\/b>, y si encarga la Presidencia a un ministro\u00a0<b>\u00abhabr\u00e1 arrogaci\u00f3n de funciones y peculado, y el peculado no prescribe\u00bb.<\/b><\/p>\n<\/div>\n<h2 class=\"h2vistazo\">Prolongado enfrentamiento<\/h2>\n<div class=\"paragraph texto\">\n<p class=\"p_10\">El pasado domingo comenz\u00f3 la\u00a0<b>campa\u00f1a electoral<\/b>\u00a0con miras a la segunda vuelta, que se prolongar\u00e1 hasta el jueves 10 de abril.<\/p>\n<p class=\"p_11\">Sin embargo, hasta el momento\u00a0<b>Noboa no ha solicitado licencia para todo el per\u00edodo de campa\u00f1a<\/b>, como tampoco lo hizo en la primera vuelta, en la que solo deleg\u00f3 sus funciones en d\u00edas determinados a Cynthia Gellibert, a quien \u00e9l mismo design\u00f3, por decreto, como \u00abvicepresidenta encargada\u00bb.<\/p>\n<p class=\"p_12\">La delegaci\u00f3n de las funciones presidenciales en Gellibert fue declarada\u00a0<b>inconstitucional\u00a0<\/b>por la Corte Constitucional, si bien el Gobierno interpret\u00f3 que\u00a0<b>pod\u00eda seguir haci\u00e9ndolo sin emitir decretos para tal efecto.<\/b><\/p>\n<p class=\"p_13\">El\u00a0<b>enfrentamiento entre Noboa y Abad\u00a0<\/b>se remonta a la campa\u00f1a electoral de la segunda vuelta de las elecciones extraordinarias de 2023, y desde que asumi\u00f3 el poder, el mandatario siempre ha buscado\u00a0<b>tener alejada del Gobierno a la vicepresidenta<\/b>, que se ha convertido en una de las voces m\u00e1s cr\u00edticas contra su administraci\u00f3n.<\/p>\n<p class=\"p_15\">M\u00e1s de 13,7 millones de ecuatorianos est\u00e1n convocados el pr\u00f3ximo 13 de abril para decidir si\u00a0<b>reeligen a Noboa<\/b>\u00a0para un mandato completo (2025-2029) o\u00a0<b>llevan al corre\u00edsmo a recuperar el poder\u00a0<\/b>de la mano de Gonz\u00e1lez, que se convertir\u00eda en la primera mujer en ganar unos comicios presidenciales en la historia de Ecuador. <strong>Fuente: Vistazo<\/strong><\/p>\n<\/div>\n","protected":false},"excerpt":{"rendered":"<p>El presidente de Ecuador y candidato a la reelecci\u00f3n,\u00a0Daniel Noboa, afirm\u00f3 este mi\u00e9rcoles que su vicepresidenta, Ver\u00f3nica Abad, es \u00abuna traidora que ya est\u00e1 destituida\u00bb, en referencia a la suspensi\u00f3n que le impuso el Tribunal Contencioso Electoral (TCE) tras ser demandada por violencia pol\u00edtica de g\u00e9nero por la ministra de Relaciones Exteriores, Gabriela Sommerfeld. Noboa se refiri\u00f3 as\u00ed por primera vez a la decisi\u00f3n del TCE que impide que Abad, que mantiene un enconado enfrentamiento con el mandatario, pueda\u00a0asumir temporalmente la Presidencia de Ecuador durante el periodo campa\u00f1a electoral, en funci\u00f3n a la normativa que establece el mandatario debe pedir licencia del cargo en esta etapa del proceso electoral. \u00abHoy ya estamos\u00a0en campa\u00f1a\u00a0por m\u00e1s que algunos\u00a0no quieran que yo salga a territorio\u00a0o que quieran que le encargue el cargo de presidente a una\u00a0traidora que ya est\u00e1 destituida, por si acaso\u00bb, dijo este mi\u00e9rcoles Noboa durante un acto con militantes de su partido Acci\u00f3n Democr\u00e1tica Nacional (ADN) en Guayaquil. La suspensi\u00f3n de dos a\u00f1os a Abad fue impuesta despu\u00e9s de que el TCE rechazase una demanda inicial por violencia pol\u00edtica de g\u00e9nero presentada por la vicepresidenta contra Noboa\u00a0y varios integrantes de su Gobierno, entre ellos la canciller Sommerfeld, y en cambio s\u00ed declar\u00f3 fundada la\u00a0contrademanda\u00a0que la ministra de Exteriores present\u00f3 contra la vicepresidenta. Abad lleg\u00f3 a acusar a Noboa de\u00a0liderar un acoso del Gobierno contra ella para forzarla a dimitir\u00a0y as\u00ed evitar tener que delegar en ella la Presidencia durante la campa\u00f1a electoral. La vicepresidenta de Ecuador, Ver\u00f3nica Abad, habla afuera de la sede de la Vicepresidencia, el 23 de diciembre del 2024.\u00a0(GALO PAGUAY \/ AFP) Para el ministro de Gobierno de Ecuador,\u00a0Jos\u00e9 De la Gasca, con la decisi\u00f3n del TCE,\u00a0el \u00abcamino estar\u00eda libre\u00bb\u00a0para que Noboa\u00a0\u00abpueda encargar debidamente el poder en buenas manos\u00bb\u00a0porque opina que se habr\u00eda incurrido en una ausencia temporal de la vicepresidenta. Abad ha rechazado la sanci\u00f3n impuesta por el TCE\u00a0y ha insistido en que esta no implica una destituci\u00f3n del cargo, ya que esto solo puede ser ordenado desde la Asamblea Nacional. La vicepresidenta subray\u00f3 el lunes en una entrevista radial que, ya que la decisi\u00f3n del TCE no implica destituci\u00f3n,\u00a0\u00abno cabe considerar ausencia temporal o la ausencia de fuerza mayor\u00bb. Por ello, alert\u00f3 que si Noboa no pide licencia para hacer campa\u00f1a podr\u00eda cometer\u00a0peculado, y si encarga la Presidencia a un ministro\u00a0\u00abhabr\u00e1 arrogaci\u00f3n de funciones y peculado, y el peculado no prescribe\u00bb. Prolongado enfrentamiento El pasado domingo comenz\u00f3 la\u00a0campa\u00f1a electoral\u00a0con miras a la segunda vuelta, que se prolongar\u00e1 hasta el jueves 10 de abril. Sin embargo, hasta el momento\u00a0Noboa no ha solicitado licencia para todo el per\u00edodo de campa\u00f1a, como tampoco lo hizo en la primera vuelta, en la que solo deleg\u00f3 sus funciones en d\u00edas determinados a Cynthia Gellibert, a quien \u00e9l mismo design\u00f3, por decreto, como \u00abvicepresidenta encargada\u00bb. La delegaci\u00f3n de las funciones presidenciales en Gellibert fue declarada\u00a0inconstitucional\u00a0por la Corte Constitucional, si bien el Gobierno interpret\u00f3 que\u00a0pod\u00eda seguir haci\u00e9ndolo sin emitir decretos para tal efecto. El\u00a0enfrentamiento entre Noboa y Abad\u00a0se remonta a la campa\u00f1a electoral de la segunda vuelta de las elecciones extraordinarias de 2023, y desde que asumi\u00f3 el poder, el mandatario siempre ha buscado\u00a0tener alejada del Gobierno a la vicepresidenta, que se ha convertido en una de las voces m\u00e1s cr\u00edticas contra su administraci\u00f3n. M\u00e1s de 13,7 millones de ecuatorianos est\u00e1n convocados el pr\u00f3ximo 13 de abril para decidir si\u00a0reeligen a Noboa\u00a0para un mandato completo (2025-2029) o\u00a0llevan al corre\u00edsmo a recuperar el poder\u00a0de la mano de Gonz\u00e1lez, que se convertir\u00eda en la primera mujer en ganar unos comicios presidenciales en la historia de Ecuador. Fuente: Vistazo<\/p>\n","protected":false},"author":1,"featured_media":22316,"comment_status":"open","ping_status":"open","sticky":false,"template":"","format":"standard","meta":{"footnotes":""},"categories":[268],"tags":[],"class_list":["post-22315","post","type-post","status-publish","format-standard","has-post-thumbnail","hentry","category-nacionales"],"_links":{"self":[{"href":"https:\/\/www.elamazonico.com\/portal\/wp-json\/wp\/v2\/posts\/22315","targetHints":{"allow":["GET"]}}],"collection":[{"href":"https:\/\/www.elamazonico.com\/portal\/wp-json\/wp\/v2\/posts"}],"about":[{"href":"https:\/\/www.elamazonico.com\/portal\/wp-json\/wp\/v2\/types\/post"}],"author":[{"embeddable":true,"href":"https:\/\/www.elamazonico.com\/portal\/wp-json\/wp\/v2\/users\/1"}],"replies":[{"embeddable":true,"href":"https:\/\/www.elamazonico.com\/portal\/wp-json\/wp\/v2\/comments?post=22315"}],"version-history":[{"count":1,"href":"https:\/\/www.elamazonico.com\/portal\/wp-json\/wp\/v2\/posts\/22315\/revisions"}],"predecessor-version":[{"id":22317,"href":"https:\/\/www.elamazonico.com\/portal\/wp-json\/wp\/v2\/posts\/22315\/revisions\/22317"}],"wp:featuredmedia":[{"embeddable":true,"href":"https:\/\/www.elamazonico.com\/portal\/wp-json\/wp\/v2\/media\/22316"}],"wp:attachment":[{"href":"https:\/\/www.elamazonico.com\/portal\/wp-json\/wp\/v2\/media?parent=22315"}],"wp:term":[{"taxonomy":"category","embeddable":true,"href":"https:\/\/www.elamazonico.com\/portal\/wp-json\/wp\/v2\/categories?post=22315"},{"taxonomy":"post_tag","embeddable":true,"href":"https:\/\/www.elamazonico.com\/portal\/wp-json\/wp\/v2\/tags?post=22315"}],"curies":[{"name":"wp","href":"https:\/\/api.w.org\/{rel}","templated":true}]}}