{"id":22305,"date":"2025-03-26T16:59:24","date_gmt":"2025-03-26T21:59:24","guid":{"rendered":"https:\/\/www.elamazonico.com\/portal\/?p=22305"},"modified":"2025-03-26T16:59:24","modified_gmt":"2025-03-26T21:59:24","slug":"caso-ligados-fiscalia-tambien-accedera-a-los-chats-del-telefono-de-franco-loor-exabogado-de-jorge-glas","status":"publish","type":"post","link":"https:\/\/www.elamazonico.com\/portal\/caso-ligados-fiscalia-tambien-accedera-a-los-chats-del-telefono-de-franco-loor-exabogado-de-jorge-glas\/","title":{"rendered":"Caso Ligados: Fiscal\u00eda tambi\u00e9n acceder\u00e1 a los chats del tel\u00e9fono de Franco Loor, exabogado de Jorge Glas"},"content":{"rendered":"<p>Nuevos chats aparecen en el horizonte del caso Ligados. Esta vez la Fiscal\u00eda podr\u00e1 obtener los datos del tel\u00e9fono de Eduardo Franco Loor, exabogado de Jorge Glas y exvocal del Consejo de Participaci\u00f3n Ciudadana y Control Social (CPCCS).<\/p>\n<p>Franco Loor es uno de los cuatro procesados en el caso por asociaci\u00f3n il\u00edcita. El Ministerio P\u00fablico indaga a exvocales del CPCCS -de la autodenominada Liga Azul-\u00a0por supuestamente operar para influir ilegalmente en varios hechos como la designaci\u00f3n del Superintendente de Bancos.<\/p>\n<p>El 13 de marzo de 2025, dos d\u00edas antes de la audiencia de formulaci\u00f3n de cargos del caso Ligados, Franco Loor viaj\u00f3 a Estados Unidos. Sin embargo, fue inadmitido de ingresar a ese pa\u00eds, ya que en su contra pesaba una orden de detenci\u00f3n con fines investigativos para garantizar su presencia en la diligencia.<\/p>\n<p>Durante el proceso migratorio de inadmisi\u00f3n, en Nueva York, las autoridades estadounidenses retuvieron el tel\u00e9fono celular de Franco Loor. As\u00ed lo inform\u00f3 H\u00e9ctor Quintada, agregado de la Investigaciones de Seguridad Nacional de la Embajada de Estados Unidos en Ecuador, a la Polic\u00eda Nacional y a la Fiscal\u00eda.<\/p>\n<p>En un oficio del 25 de marzo de 2025, Quintana indic\u00f3 a Willan Suasnavas, jefe de la Unidad de Investigaci\u00f3n de la Polic\u00eda en apoyo a la Fiscal\u00eda, que\u00a0la Oficina de Investigaciones de Seguridad Nacional de Nueva York (HSI) retuvo el equipo y que la Embajada ya\u00a0tiene en su poder este dispositivo.<\/p>\n<p>El funcionario estadounidense puso \u00aba disposici\u00f3n\u00bb de las autoridades ecuatorianas este equipo electr\u00f3nico, ya que \u00abpodr\u00eda ser de utilidad a la investigaci\u00f3n\u00bb del caso Ligados. Y pidi\u00f3 la designaci\u00f3n de un funcionario policial que reciba el equipo.<\/p>\n<p>El 25 de marzo de 2025, Estados Unidos inform\u00f3 a Ecuador la retenci\u00f3n del tel\u00e9fono de Eduardo Franco Loor.Captura de pantalla \/ Expediente Fiscal\u00eda Caso Liga2<br \/>\nTras la recepci\u00f3n de este documento, el mismo 25 de marzo pasadas las 17:00, la fiscal Diana Salazar dispuso a Suasnavas que \u00abdisponga a uno de los agentes (&#8230;)\u00a0para que de manera inmediata se traslade\u00a0a la Embajada de los Estados Unidos de Am\u00e9rica (&#8230;), a fin de que reciba el dispositivo celular retenido\u00bb.<\/p>\n<p>Adem\u00e1s, Salazar indic\u00f3 que el tel\u00e9fono sea trasladado al\u00a0al Centro de Acopio\u00a0del Laboratorio de Criminal\u00edstica y Ciencias Forenses de la Polic\u00eda Nacional para que se inicien las pericias, es decir, que se extraiga la informaci\u00f3n como chats, im\u00e1genes y videos albergados en ese equipo.<\/p>\n<p>Por el momento, el caso Ligados se basa, sobre todo, en los chats encontrados en el tel\u00e9fono de Augusto Verduga, otro de los exvocales del CPCCS procesados por el caso. Por lo que, ahora, hay expectativa por el contenido del equipo de Franco Loor. <strong>Fuente: Primicias<\/strong><\/p>\n","protected":false},"excerpt":{"rendered":"<p>Nuevos chats aparecen en el horizonte del caso Ligados. Esta vez la Fiscal\u00eda podr\u00e1 obtener los datos del tel\u00e9fono de Eduardo Franco Loor, exabogado de Jorge Glas y exvocal del Consejo de Participaci\u00f3n Ciudadana y Control Social (CPCCS). Franco Loor es uno de los cuatro procesados en el caso por asociaci\u00f3n il\u00edcita. El Ministerio P\u00fablico indaga a exvocales del CPCCS -de la autodenominada Liga Azul-\u00a0por supuestamente operar para influir ilegalmente en varios hechos como la designaci\u00f3n del Superintendente de Bancos. El 13 de marzo de 2025, dos d\u00edas antes de la audiencia de formulaci\u00f3n de cargos del caso Ligados, Franco Loor viaj\u00f3 a Estados Unidos. Sin embargo, fue inadmitido de ingresar a ese pa\u00eds, ya que en su contra pesaba una orden de detenci\u00f3n con fines investigativos para garantizar su presencia en la diligencia. Durante el proceso migratorio de inadmisi\u00f3n, en Nueva York, las autoridades estadounidenses retuvieron el tel\u00e9fono celular de Franco Loor. As\u00ed lo inform\u00f3 H\u00e9ctor Quintada, agregado de la Investigaciones de Seguridad Nacional de la Embajada de Estados Unidos en Ecuador, a la Polic\u00eda Nacional y a la Fiscal\u00eda. En un oficio del 25 de marzo de 2025, Quintana indic\u00f3 a Willan Suasnavas, jefe de la Unidad de Investigaci\u00f3n de la Polic\u00eda en apoyo a la Fiscal\u00eda, que\u00a0la Oficina de Investigaciones de Seguridad Nacional de Nueva York (HSI) retuvo el equipo y que la Embajada ya\u00a0tiene en su poder este dispositivo. El funcionario estadounidense puso \u00aba disposici\u00f3n\u00bb de las autoridades ecuatorianas este equipo electr\u00f3nico, ya que \u00abpodr\u00eda ser de utilidad a la investigaci\u00f3n\u00bb del caso Ligados. Y pidi\u00f3 la designaci\u00f3n de un funcionario policial que reciba el equipo. El 25 de marzo de 2025, Estados Unidos inform\u00f3 a Ecuador la retenci\u00f3n del tel\u00e9fono de Eduardo Franco Loor.Captura de pantalla \/ Expediente Fiscal\u00eda Caso Liga2 Tras la recepci\u00f3n de este documento, el mismo 25 de marzo pasadas las 17:00, la fiscal Diana Salazar dispuso a Suasnavas que \u00abdisponga a uno de los agentes (&#8230;)\u00a0para que de manera inmediata se traslade\u00a0a la Embajada de los Estados Unidos de Am\u00e9rica (&#8230;), a fin de que reciba el dispositivo celular retenido\u00bb. Adem\u00e1s, Salazar indic\u00f3 que el tel\u00e9fono sea trasladado al\u00a0al Centro de Acopio\u00a0del Laboratorio de Criminal\u00edstica y Ciencias Forenses de la Polic\u00eda Nacional para que se inicien las pericias, es decir, que se extraiga la informaci\u00f3n como chats, im\u00e1genes y videos albergados en ese equipo. Por el momento, el caso Ligados se basa, sobre todo, en los chats encontrados en el tel\u00e9fono de Augusto Verduga, otro de los exvocales del CPCCS procesados por el caso. Por lo que, ahora, hay expectativa por el contenido del equipo de Franco Loor. Fuente: Primicias<\/p>\n","protected":false},"author":1,"featured_media":22306,"comment_status":"open","ping_status":"open","sticky":false,"template":"","format":"standard","meta":{"footnotes":""},"categories":[268],"tags":[],"class_list":["post-22305","post","type-post","status-publish","format-standard","has-post-thumbnail","hentry","category-nacionales"],"_links":{"self":[{"href":"https:\/\/www.elamazonico.com\/portal\/wp-json\/wp\/v2\/posts\/22305","targetHints":{"allow":["GET"]}}],"collection":[{"href":"https:\/\/www.elamazonico.com\/portal\/wp-json\/wp\/v2\/posts"}],"about":[{"href":"https:\/\/www.elamazonico.com\/portal\/wp-json\/wp\/v2\/types\/post"}],"author":[{"embeddable":true,"href":"https:\/\/www.elamazonico.com\/portal\/wp-json\/wp\/v2\/users\/1"}],"replies":[{"embeddable":true,"href":"https:\/\/www.elamazonico.com\/portal\/wp-json\/wp\/v2\/comments?post=22305"}],"version-history":[{"count":1,"href":"https:\/\/www.elamazonico.com\/portal\/wp-json\/wp\/v2\/posts\/22305\/revisions"}],"predecessor-version":[{"id":22307,"href":"https:\/\/www.elamazonico.com\/portal\/wp-json\/wp\/v2\/posts\/22305\/revisions\/22307"}],"wp:featuredmedia":[{"embeddable":true,"href":"https:\/\/www.elamazonico.com\/portal\/wp-json\/wp\/v2\/media\/22306"}],"wp:attachment":[{"href":"https:\/\/www.elamazonico.com\/portal\/wp-json\/wp\/v2\/media?parent=22305"}],"wp:term":[{"taxonomy":"category","embeddable":true,"href":"https:\/\/www.elamazonico.com\/portal\/wp-json\/wp\/v2\/categories?post=22305"},{"taxonomy":"post_tag","embeddable":true,"href":"https:\/\/www.elamazonico.com\/portal\/wp-json\/wp\/v2\/tags?post=22305"}],"curies":[{"name":"wp","href":"https:\/\/api.w.org\/{rel}","templated":true}]}}