{"id":22300,"date":"2025-03-27T04:05:18","date_gmt":"2025-03-27T09:05:18","guid":{"rendered":"https:\/\/www.elamazonico.com\/portal\/?p=22300"},"modified":"2025-03-26T16:15:07","modified_gmt":"2025-03-26T21:15:07","slug":"ciudadano-de-yantzaza-solicita-reestructuracion-de-senaletica-vial-para-mejorar-la-seguridad-y-movilidad","status":"publish","type":"post","link":"https:\/\/www.elamazonico.com\/portal\/ciudadano-de-yantzaza-solicita-reestructuracion-de-senaletica-vial-para-mejorar-la-seguridad-y-movilidad\/","title":{"rendered":"Ciudadano de Yantzaza solicita reestructuraci\u00f3n de se\u00f1al\u00e9tica vial para mejorar la seguridad y movilidad"},"content":{"rendered":"<p>En una reciente entrevista concedida a un medio de comunicaci\u00f3n Digital <strong>Radio Fama<\/strong> del Cant\u00f3n Yantzaza, el se\u00f1or Humberto Japa Godoy hizo un llamado a las autoridades competentes para revisar y reestructurar la se\u00f1alizaci\u00f3n vial en las calles Jorge Mosquera y 26 de Noviembre, en la ciudad de Yantzaza.<\/p>\n<p>El ciudadano expres\u00f3 su preocupaci\u00f3n respecto a la actual disposici\u00f3n de las v\u00edas, destacando que algunas calles presentan el mismo sentido de circulaci\u00f3n, lo que podr\u00eda generar confusi\u00f3n entre los conductores y afectar la fluidez del tr\u00e1fico. En este sentido, Japa Godoy se\u00f1al\u00f3 que, de acuerdo con los principios de ordenamiento vial, las calles deber\u00edan mantener un sentido de circulaci\u00f3n intercalado, permitiendo una mejor organizaci\u00f3n del tr\u00e1nsito y reduciendo la necesidad de recorridos innecesarios.<\/p>\n<p>Asimismo, enfatiz\u00f3 que esta situaci\u00f3n no solo representa un problema de movilidad, sino tambi\u00e9n un riesgo para la seguridad vial, mencionando que en la zona ya se han registrado accidentes de tr\u00e1nsito, incluyendo un caso reciente en el que un ni\u00f1o result\u00f3 gravemente herido tras un siniestro con una motocicleta.<\/p>\n<p>En su intervenci\u00f3n, tambi\u00e9n destac\u00f3 el trabajo que viene realizando la alcaldesa del cant\u00f3n en materia de infraestructura vial y desarrollo urbano. Sin embargo, inst\u00f3 a que se realicen ajustes en la se\u00f1alizaci\u00f3n y campa\u00f1as de concienciaci\u00f3n dirigidas a los conductores, para garantizar el respeto a las normativas viales y mejorar la seguridad de peatones y conductores.<\/p>\n<p>Finalmente, Japa Godoy sugiri\u00f3 que el Gobierno Aut\u00f3nomo Descentralizado (GAD) de Yantzaza implemente procesos de socializaci\u00f3n sobre las regulaciones viales y el correcto uso de las calles, recomendando que estas campa\u00f1as tengan una duraci\u00f3n m\u00ednima de 15 d\u00edas a un mes.<\/p>\n<p>\u00abEs fundamental que la ciudadan\u00eda se culturice y adopte una conducta responsable en el uso de las v\u00edas\u00bb, afirm\u00f3, subrayando la necesidad de que todos los conductores respeten las normas de tr\u00e1nsito para evitar accidentes y optimizar la movilidad en la ciudad.<\/p>\n","protected":false},"excerpt":{"rendered":"<p>En una reciente entrevista concedida a un medio de comunicaci\u00f3n Digital Radio Fama del Cant\u00f3n Yantzaza, el se\u00f1or Humberto Japa Godoy hizo un llamado a las autoridades competentes para revisar y reestructurar la se\u00f1alizaci\u00f3n vial en las calles Jorge Mosquera y 26 de Noviembre, en la ciudad de Yantzaza. El ciudadano expres\u00f3 su preocupaci\u00f3n respecto a la actual disposici\u00f3n de las v\u00edas, destacando que algunas calles presentan el mismo sentido de circulaci\u00f3n, lo que podr\u00eda generar confusi\u00f3n entre los conductores y afectar la fluidez del tr\u00e1fico. En este sentido, Japa Godoy se\u00f1al\u00f3 que, de acuerdo con los principios de ordenamiento vial, las calles deber\u00edan mantener un sentido de circulaci\u00f3n intercalado, permitiendo una mejor organizaci\u00f3n del tr\u00e1nsito y reduciendo la necesidad de recorridos innecesarios. Asimismo, enfatiz\u00f3 que esta situaci\u00f3n no solo representa un problema de movilidad, sino tambi\u00e9n un riesgo para la seguridad vial, mencionando que en la zona ya se han registrado accidentes de tr\u00e1nsito, incluyendo un caso reciente en el que un ni\u00f1o result\u00f3 gravemente herido tras un siniestro con una motocicleta. En su intervenci\u00f3n, tambi\u00e9n destac\u00f3 el trabajo que viene realizando la alcaldesa del cant\u00f3n en materia de infraestructura vial y desarrollo urbano. Sin embargo, inst\u00f3 a que se realicen ajustes en la se\u00f1alizaci\u00f3n y campa\u00f1as de concienciaci\u00f3n dirigidas a los conductores, para garantizar el respeto a las normativas viales y mejorar la seguridad de peatones y conductores. Finalmente, Japa Godoy sugiri\u00f3 que el Gobierno Aut\u00f3nomo Descentralizado (GAD) de Yantzaza implemente procesos de socializaci\u00f3n sobre las regulaciones viales y el correcto uso de las calles, recomendando que estas campa\u00f1as tengan una duraci\u00f3n m\u00ednima de 15 d\u00edas a un mes. \u00abEs fundamental que la ciudadan\u00eda se culturice y adopte una conducta responsable en el uso de las v\u00edas\u00bb, afirm\u00f3, subrayando la necesidad de que todos los conductores respeten las normas de tr\u00e1nsito para evitar accidentes y optimizar la movilidad en la ciudad.<\/p>\n","protected":false},"author":1,"featured_media":22301,"comment_status":"open","ping_status":"open","sticky":false,"template":"","format":"standard","meta":{"footnotes":""},"categories":[243],"tags":[],"class_list":["post-22300","post","type-post","status-publish","format-standard","has-post-thumbnail","hentry","category-noticias-zamora"],"_links":{"self":[{"href":"https:\/\/www.elamazonico.com\/portal\/wp-json\/wp\/v2\/posts\/22300","targetHints":{"allow":["GET"]}}],"collection":[{"href":"https:\/\/www.elamazonico.com\/portal\/wp-json\/wp\/v2\/posts"}],"about":[{"href":"https:\/\/www.elamazonico.com\/portal\/wp-json\/wp\/v2\/types\/post"}],"author":[{"embeddable":true,"href":"https:\/\/www.elamazonico.com\/portal\/wp-json\/wp\/v2\/users\/1"}],"replies":[{"embeddable":true,"href":"https:\/\/www.elamazonico.com\/portal\/wp-json\/wp\/v2\/comments?post=22300"}],"version-history":[{"count":1,"href":"https:\/\/www.elamazonico.com\/portal\/wp-json\/wp\/v2\/posts\/22300\/revisions"}],"predecessor-version":[{"id":22302,"href":"https:\/\/www.elamazonico.com\/portal\/wp-json\/wp\/v2\/posts\/22300\/revisions\/22302"}],"wp:featuredmedia":[{"embeddable":true,"href":"https:\/\/www.elamazonico.com\/portal\/wp-json\/wp\/v2\/media\/22301"}],"wp:attachment":[{"href":"https:\/\/www.elamazonico.com\/portal\/wp-json\/wp\/v2\/media?parent=22300"}],"wp:term":[{"taxonomy":"category","embeddable":true,"href":"https:\/\/www.elamazonico.com\/portal\/wp-json\/wp\/v2\/categories?post=22300"},{"taxonomy":"post_tag","embeddable":true,"href":"https:\/\/www.elamazonico.com\/portal\/wp-json\/wp\/v2\/tags?post=22300"}],"curies":[{"name":"wp","href":"https:\/\/api.w.org\/{rel}","templated":true}]}}