{"id":22297,"date":"2025-03-26T15:44:44","date_gmt":"2025-03-26T20:44:44","guid":{"rendered":"https:\/\/www.elamazonico.com\/portal\/?p=22297"},"modified":"2025-03-26T15:45:01","modified_gmt":"2025-03-26T20:45:01","slug":"estados-unidos-y-ecuador-reanudan-proyectos-de-seguridad-para-luchar-contra-el-crimen-organizado","status":"publish","type":"post","link":"https:\/\/www.elamazonico.com\/portal\/estados-unidos-y-ecuador-reanudan-proyectos-de-seguridad-para-luchar-contra-el-crimen-organizado\/","title":{"rendered":"Estados Unidos y Ecuador reanudan proyectos de seguridad para luchar contra el crimen organizado"},"content":{"rendered":"<div class=\"paragraph texto\">\n<p class=\"p_0\">El Gobierno Nacional anunci\u00f3, este mi\u00e9rcoles 26 de marzo, el respaldo de\u00a0<b>Estados Unidos<\/b>\u00a0para la reactivaci\u00f3n de proyectos de seguridad en\u00a0<b>Ecuador\u00a0<\/b>en su lucha contra el\u00a0<b><a href=\"https:\/\/www.vistazo.com\/actualidad\/nacional\/2025-03-24-ecuador-supera-febrero-700-homicidios-masacres-violencia-MG9008284\" target=\"_blank\" rel=\"noopener noreferrer\">crimen organizado<\/a><\/b>.<\/p>\n<p class=\"p_1\">A trav\u00e9s de un comunicado de la Presidencia, se resalt\u00f3 que bajo el liderazgo del presidente de la Rep\u00fablica,\u00a0<b>Daniel Noboa<\/b>, el pa\u00eds ha consolidado una estrecha relaci\u00f3n con Estados Unidos.<\/p>\n<p class=\"p_3\">\u00abDebido a esto y a la\u00a0<u>confianza internacional<\/u>\u00a0que actualmente el pa\u00eds inspira hacia el exterior, varios proyectos que contaban con el apoyo de la\u00a0<u>Oficina de Antinarc\u00f3ticos y Aplicaci\u00f3n de la Ley<\/u>\u00a0(INL, por sus siglas en ingl\u00e9s) y que estaban en pausa debido a factores geopol\u00edticos, han retomado su curso\u00bb, detall\u00f3 el Ejecutivo.<\/p>\n<p class=\"p_4\">Entre los proyectos reactivados se incluyen la\u00a0<b>donaci\u00f3n\u00a0<\/b>de veh\u00edculos y botes\u00a0<b>patrulleros\u00a0<\/b>para la Polic\u00eda Nacional y la Armada del Ecuador, la construcci\u00f3n de una base de interdicci\u00f3n mar\u00edtima (DEA) y la\u00a0<b>remodelaci\u00f3n\u00a0<\/b>de\u00a0<b>infraestructuras\u00a0<\/b>clave como la Escuela de Poligrafistas en Guayaquil y la cl\u00ednica veterinaria de la Polic\u00eda Nacional en Quito.\u00a0<u>La inversi\u00f3n total supera los 3.9 millones de d\u00f3lares<\/u>.<\/p>\n<div id=\"teads0\" class=\"teads-player native\"><\/div>\n<\/div>\n<div class=\"multimediaMacroWrapper img lateral\">\n<figure class=\"contentMedia art-img\">\n<div><img fetchpriority=\"high\" decoding=\"async\" class=\" lazyloaded\" title=\"Estados Unidos y Ecuador reanudan proyectos de seguridad para luchar contra el crimen organizado\" src=\"https:\/\/www.vistazo.com\/placeholder\/svg\/viewbox\/762x401\" sizes=\"100vw\" srcset=\"\/\/www.vistazo.com\/binrepository\/762x401\/0c0\/0d0\/none\/12727\/QJNH\/captura-de-pantalla-2025-03-26-141209_2098051_20250326141238.png 762w,\/\/www.vistazo.com\/binrepository\/635x334\/0c0\/0d0\/none\/12727\/QJNF\/captura-de-pantalla-2025-03-26-141209_2098051_20250326141238.png 635w,\/\/www.vistazo.com\/binrepository\/508x267\/0c0\/0d0\/none\/12727\/QJNP\/captura-de-pantalla-2025-03-26-141209_2098051_20250326141238.png 508w,\/\/www.vistazo.com\/binrepository\/381x201\/0c0\/0d0\/none\/12727\/QJNI\/captura-de-pantalla-2025-03-26-141209_2098051_20250326141238.png 381w,\/\/www.vistazo.com\/binrepository\/300x158\/0c0\/0d0\/none\/12727\/QJNO\/captura-de-pantalla-2025-03-26-141209_2098051_20250326141238.png 300w\" alt=\"$!Estados Unidos y Ecuador reanudan proyectos de seguridad para luchar contra el crimen organizado\" width=\"762\" height=\"401\" data-srcset=\"\/\/www.vistazo.com\/binrepository\/762x401\/0c0\/0d0\/none\/12727\/QJNH\/captura-de-pantalla-2025-03-26-141209_2098051_20250326141238.png 762w,\/\/www.vistazo.com\/binrepository\/635x334\/0c0\/0d0\/none\/12727\/QJNF\/captura-de-pantalla-2025-03-26-141209_2098051_20250326141238.png 635w,\/\/www.vistazo.com\/binrepository\/508x267\/0c0\/0d0\/none\/12727\/QJNP\/captura-de-pantalla-2025-03-26-141209_2098051_20250326141238.png 508w,\/\/www.vistazo.com\/binrepository\/381x201\/0c0\/0d0\/none\/12727\/QJNI\/captura-de-pantalla-2025-03-26-141209_2098051_20250326141238.png 381w,\/\/www.vistazo.com\/binrepository\/300x158\/0c0\/0d0\/none\/12727\/QJNO\/captura-de-pantalla-2025-03-26-141209_2098051_20250326141238.png 300w\" \/><\/div>\n<\/figure>\n<\/div>\n<div class=\"paragraph texto\">\n<p class=\"p_6\">El Ejecutivo ha destacado que la ejecuci\u00f3n de estos proyectos refuerza las capacidades operativas de las fuerzas del orden y demuestra el respaldo internacional al Gobierno Nacional en su lucha contra el crimen organizado y la inseguridad.<\/p>\n<p class=\"p_7\">Asimismo, asegur\u00f3 que la decisi\u00f3n de Estados Unidos de reanudar estos proyectos es un reflejo de la confianza en Ecuador como un pa\u00eds comprometido con la seguridad y la gesti\u00f3n p\u00fablica eficiente.<\/p>\n<p class=\"p_8\">\u00abEsto contrasta con la situaci\u00f3n en pa\u00edses como\u00a0<b>Venezuela<\/b>, donde las pol\u00edticas internas han generado restricciones a las libertades ciudadanas y han resultado en medidas econ\u00f3micas adversas por parte de Estados Unidos\u00bb, dice el comunicado.<\/p>\n<p class=\"p_9\">Por \u00faltimo, se subray\u00f3 que Ecuador se posiciona en el escenario internacional como un \u00abreferente en cooperaci\u00f3n y gobernabilidad\u00bb, promoviendo iniciativas que fortalecen la seguridad y el bienestar de su poblaci\u00f3n.<\/p>\n<\/div>\n","protected":false},"excerpt":{"rendered":"<p>El Gobierno Nacional anunci\u00f3, este mi\u00e9rcoles 26 de marzo, el respaldo de\u00a0Estados Unidos\u00a0para la reactivaci\u00f3n de proyectos de seguridad en\u00a0Ecuador\u00a0en su lucha contra el\u00a0crimen organizado. A trav\u00e9s de un comunicado de la Presidencia, se resalt\u00f3 que bajo el liderazgo del presidente de la Rep\u00fablica,\u00a0Daniel Noboa, el pa\u00eds ha consolidado una estrecha relaci\u00f3n con Estados Unidos. \u00abDebido a esto y a la\u00a0confianza internacional\u00a0que actualmente el pa\u00eds inspira hacia el exterior, varios proyectos que contaban con el apoyo de la\u00a0Oficina de Antinarc\u00f3ticos y Aplicaci\u00f3n de la Ley\u00a0(INL, por sus siglas en ingl\u00e9s) y que estaban en pausa debido a factores geopol\u00edticos, han retomado su curso\u00bb, detall\u00f3 el Ejecutivo. Entre los proyectos reactivados se incluyen la\u00a0donaci\u00f3n\u00a0de veh\u00edculos y botes\u00a0patrulleros\u00a0para la Polic\u00eda Nacional y la Armada del Ecuador, la construcci\u00f3n de una base de interdicci\u00f3n mar\u00edtima (DEA) y la\u00a0remodelaci\u00f3n\u00a0de\u00a0infraestructuras\u00a0clave como la Escuela de Poligrafistas en Guayaquil y la cl\u00ednica veterinaria de la Polic\u00eda Nacional en Quito.\u00a0La inversi\u00f3n total supera los 3.9 millones de d\u00f3lares. El Ejecutivo ha destacado que la ejecuci\u00f3n de estos proyectos refuerza las capacidades operativas de las fuerzas del orden y demuestra el respaldo internacional al Gobierno Nacional en su lucha contra el crimen organizado y la inseguridad. Asimismo, asegur\u00f3 que la decisi\u00f3n de Estados Unidos de reanudar estos proyectos es un reflejo de la confianza en Ecuador como un pa\u00eds comprometido con la seguridad y la gesti\u00f3n p\u00fablica eficiente. \u00abEsto contrasta con la situaci\u00f3n en pa\u00edses como\u00a0Venezuela, donde las pol\u00edticas internas han generado restricciones a las libertades ciudadanas y han resultado en medidas econ\u00f3micas adversas por parte de Estados Unidos\u00bb, dice el comunicado. Por \u00faltimo, se subray\u00f3 que Ecuador se posiciona en el escenario internacional como un \u00abreferente en cooperaci\u00f3n y gobernabilidad\u00bb, promoviendo iniciativas que fortalecen la seguridad y el bienestar de su poblaci\u00f3n.<\/p>\n","protected":false},"author":1,"featured_media":22298,"comment_status":"open","ping_status":"open","sticky":false,"template":"","format":"standard","meta":{"footnotes":""},"categories":[268],"tags":[],"class_list":["post-22297","post","type-post","status-publish","format-standard","has-post-thumbnail","hentry","category-nacionales"],"_links":{"self":[{"href":"https:\/\/www.elamazonico.com\/portal\/wp-json\/wp\/v2\/posts\/22297","targetHints":{"allow":["GET"]}}],"collection":[{"href":"https:\/\/www.elamazonico.com\/portal\/wp-json\/wp\/v2\/posts"}],"about":[{"href":"https:\/\/www.elamazonico.com\/portal\/wp-json\/wp\/v2\/types\/post"}],"author":[{"embeddable":true,"href":"https:\/\/www.elamazonico.com\/portal\/wp-json\/wp\/v2\/users\/1"}],"replies":[{"embeddable":true,"href":"https:\/\/www.elamazonico.com\/portal\/wp-json\/wp\/v2\/comments?post=22297"}],"version-history":[{"count":1,"href":"https:\/\/www.elamazonico.com\/portal\/wp-json\/wp\/v2\/posts\/22297\/revisions"}],"predecessor-version":[{"id":22299,"href":"https:\/\/www.elamazonico.com\/portal\/wp-json\/wp\/v2\/posts\/22297\/revisions\/22299"}],"wp:featuredmedia":[{"embeddable":true,"href":"https:\/\/www.elamazonico.com\/portal\/wp-json\/wp\/v2\/media\/22298"}],"wp:attachment":[{"href":"https:\/\/www.elamazonico.com\/portal\/wp-json\/wp\/v2\/media?parent=22297"}],"wp:term":[{"taxonomy":"category","embeddable":true,"href":"https:\/\/www.elamazonico.com\/portal\/wp-json\/wp\/v2\/categories?post=22297"},{"taxonomy":"post_tag","embeddable":true,"href":"https:\/\/www.elamazonico.com\/portal\/wp-json\/wp\/v2\/tags?post=22297"}],"curies":[{"name":"wp","href":"https:\/\/api.w.org\/{rel}","templated":true}]}}