{"id":22294,"date":"2025-03-26T15:43:20","date_gmt":"2025-03-26T20:43:20","guid":{"rendered":"https:\/\/www.elamazonico.com\/portal\/?p=22294"},"modified":"2025-03-26T15:43:20","modified_gmt":"2025-03-26T20:43:20","slug":"ataque-con-cilindros-de-gas-rellenos-de-explosivos-deja-dos-heridos-y-siete-casas-destruidas-en-machala","status":"publish","type":"post","link":"https:\/\/www.elamazonico.com\/portal\/ataque-con-cilindros-de-gas-rellenos-de-explosivos-deja-dos-heridos-y-siete-casas-destruidas-en-machala\/","title":{"rendered":"Ataque con cilindros de gas rellenos de explosivos deja dos heridos y siete casas destruidas en Machala"},"content":{"rendered":"<div class=\"paragraph texto\">\n<p class=\"p_0\"><b>Dos personas resultaron heridas este mi\u00e9rcoles en Ecuador tras una explosi\u00f3n que se registr\u00f3 en la ciudad de\u00a0<a href=\"https:\/\/www.vistazo.com\/cronologia\/-\/meta\/machala\">Machala<\/a>, perteneciente a la provincia de El Oro, fronteriza con Per\u00fa, producto de un nuevo ataque con explosivos que tambi\u00e9n dej\u00f3 al menos siete casas destruidas.<\/b><\/p>\n<p class=\"p_2\">Esta\u00a0<b>explosi\u00f3n<\/b>, que ser\u00eda la cuarta que se registra en esta ciudad en lo que va de la semana, ocurri\u00f3 durante la madrugada de hoy en el\u00a0<b>barrio Blanca Garc\u00eda<\/b>, conocido como\u00a0<b>La Barraca<\/b>, muy cerca de un cuartel policial.<\/p>\n<p class=\"p_3\">Seg\u00fan la Polic\u00eda, el ataque responder\u00eda a un<b>\u00a0enfrentamiento entre facciones de la banda criminal Los Lobos<\/b>, debido a una disputa de territorios en los que se extorsiona y se trafica droga.<\/p>\n<div>\n<div>\n<div class=\"trv-player-container\">\n<div class=\"trv-wrapper\">\n<div id=\"br_video_player_35306a3e67e83d67aacaf8f821d3965a7a4d6079\" class=\"trvd_video_player trvdfloater trv-right\">\n<div class=\"media-player\">\n<div class=\"trv-video\">\n<div id=\"truvid_ima_container66983\" class=\"truvid_ima_container\">\n<div>\u00abTenemos una l\u00ednea investigativa.<b>\u00a0Hay una pelea entre ellos tambi\u00e9n por el tema del estero<\/b>, que es por donde sacan la droga para contaminar los barcos que salen desde el puerto\u00bb, explic\u00f3 el coronel William Calle, comandante de la Polic\u00eda en El Oro, quien agreg\u00f3 que durante la ma\u00f1ana se estaban realizando<b>\u00a0varios allanamientos\u00a0<\/b>en la ciudad para encontrar a los responsables del hecho.<\/div>\n<\/div>\n<\/div>\n<\/div>\n<\/div>\n<\/div>\n<\/div>\n<\/div>\n<\/div>\n<p class=\"p_5\">El oficial explic\u00f3 que se presume que la detonaci\u00f3n se gener\u00f3 porque los atacantes\u00a0<b>rellenaron cilindros de gas con explosivos<\/b>, lo que provoc\u00f3 que todo el barrio saliera afectado debido a la\u00a0<b>destrucci\u00f3n de casas<\/b>\u00a0y<b>\u00a0veh\u00edculos estacionados en la calle.<\/b><\/p>\n<p class=\"p_6\">Calle agreg\u00f3 que<b>\u00a0dos personas resultaron heridas\u00a0<\/b>producto de la ca\u00edda de una pared, quienes tienen varios golpes y se encuentran estables.<\/p>\n<p class=\"p_7\">El jefe policial se\u00f1al\u00f3 que los explosivos que se utilizaron ser\u00edan los mismos que se usan para la\u00a0<b>miner\u00eda ilegal<\/b>, que desde hace a\u00f1os est\u00e1 instalada en localidades cercanas como Camilo Ponce Enr\u00edquez, un cant\u00f3n de la provincia de Azuay, fronterizo con El Oro, donde existe un<b>\u00a0enclave de miner\u00eda ilegal<\/b>\u00a0que buscan controlar distintas bandas criminales.<\/p>\n<p class=\"p_8\">A\u00f1adi\u00f3 que en las \u00faltimas semanas han capturado a miembros de varias organizaciones delictivas dedicadas a extorsionar y a\u00a0<b>\u00abponer bombas a la gente\u00bb<\/b>, ya que este delito se ha convertido en el<b>\u00a0\u00abmejor negocio\u00bb<\/b>\u00a0para estas.<\/p>\n<p class=\"p_9\">Sin embargo, mostr\u00f3 su preocupaci\u00f3n porque los detenidos son procesados por extorsi\u00f3n y no por terrorismo.\u00a0<b>\u00abPoner una bomba y hacer explotar todo un barrio es un acto terrorista\u00bb<\/b>, enfatiz\u00f3.<\/p>\n<p class=\"p_10\">Entre la noche del lunes y la madrugada del martes se registraron\u00a0<b>otros tres ataques con explosivos\u00a0<\/b>que dejaron una persona herida y da\u00f1os materiales en diversas zonas del norte y sur de Machala.<\/p>\n<\/div>\n<h2 class=\"h2vistazo\">Violencia desatada en El Oro<\/h2>\n<div class=\"paragraph texto\">\n<p class=\"p_11\"><b>El Oro\u00a0<\/b>es una de las provincias m\u00e1s afectadas por la crisis de inseguridad que atraviesa Ecuador y Puerto Bol\u00edvar, en espec\u00edfico, se ha convertido en\u00a0<b>epicentro de la violencia en esta zona del pa\u00eds<\/b>, lo que llev\u00f3 tambi\u00e9n a los ministros de Defensa,\u00a0<b>Gian Carlo Loffredo<\/b>, y de Interior,\u00a0<b>John Reimberg<\/b>, a liderar operativos policiales y militares hace tan solo una semana.<\/p>\n<p class=\"p_13\">Ecuador se encuentra desde el 2024 bajo un\u00a0<b>&#8216;conflicto armado interno&#8217;<\/b>\u00a0que el presidente Daniel Noboa declar\u00f3 para enfrentar a las bandas de crimen organizado, a quienes le declar\u00f3 la \u00abguerra\u00bb y pas\u00f3 a denominarlas como<b>\u00a0\u00abterroristas\u00bb.<\/b><\/p>\n<p class=\"p_14\">Las organizaciones criminales est\u00e1n detr\u00e1s de la escalada de violencia que llev\u00f3 a Ecuador a situarse en 2023 como el pa\u00eds de Latinoam\u00e9rica con el \u00edndice m\u00e1s alto de homicidios, mientras que<b>\u00a0el 2025 ha comenzado como el a\u00f1o m\u00e1s violento desde que se tiene registro<\/b>, con un promedio de aproximadamente un asesinato por hora. <strong>Fuente: Vistazo<\/strong><\/p>\n<\/div>\n","protected":false},"excerpt":{"rendered":"<p>Dos personas resultaron heridas este mi\u00e9rcoles en Ecuador tras una explosi\u00f3n que se registr\u00f3 en la ciudad de\u00a0Machala, perteneciente a la provincia de El Oro, fronteriza con Per\u00fa, producto de un nuevo ataque con explosivos que tambi\u00e9n dej\u00f3 al menos siete casas destruidas. Esta\u00a0explosi\u00f3n, que ser\u00eda la cuarta que se registra en esta ciudad en lo que va de la semana, ocurri\u00f3 durante la madrugada de hoy en el\u00a0barrio Blanca Garc\u00eda, conocido como\u00a0La Barraca, muy cerca de un cuartel policial. Seg\u00fan la Polic\u00eda, el ataque responder\u00eda a un\u00a0enfrentamiento entre facciones de la banda criminal Los Lobos, debido a una disputa de territorios en los que se extorsiona y se trafica droga. \u00abTenemos una l\u00ednea investigativa.\u00a0Hay una pelea entre ellos tambi\u00e9n por el tema del estero, que es por donde sacan la droga para contaminar los barcos que salen desde el puerto\u00bb, explic\u00f3 el coronel William Calle, comandante de la Polic\u00eda en El Oro, quien agreg\u00f3 que durante la ma\u00f1ana se estaban realizando\u00a0varios allanamientos\u00a0en la ciudad para encontrar a los responsables del hecho. El oficial explic\u00f3 que se presume que la detonaci\u00f3n se gener\u00f3 porque los atacantes\u00a0rellenaron cilindros de gas con explosivos, lo que provoc\u00f3 que todo el barrio saliera afectado debido a la\u00a0destrucci\u00f3n de casas\u00a0y\u00a0veh\u00edculos estacionados en la calle. Calle agreg\u00f3 que\u00a0dos personas resultaron heridas\u00a0producto de la ca\u00edda de una pared, quienes tienen varios golpes y se encuentran estables. El jefe policial se\u00f1al\u00f3 que los explosivos que se utilizaron ser\u00edan los mismos que se usan para la\u00a0miner\u00eda ilegal, que desde hace a\u00f1os est\u00e1 instalada en localidades cercanas como Camilo Ponce Enr\u00edquez, un cant\u00f3n de la provincia de Azuay, fronterizo con El Oro, donde existe un\u00a0enclave de miner\u00eda ilegal\u00a0que buscan controlar distintas bandas criminales. A\u00f1adi\u00f3 que en las \u00faltimas semanas han capturado a miembros de varias organizaciones delictivas dedicadas a extorsionar y a\u00a0\u00abponer bombas a la gente\u00bb, ya que este delito se ha convertido en el\u00a0\u00abmejor negocio\u00bb\u00a0para estas. Sin embargo, mostr\u00f3 su preocupaci\u00f3n porque los detenidos son procesados por extorsi\u00f3n y no por terrorismo.\u00a0\u00abPoner una bomba y hacer explotar todo un barrio es un acto terrorista\u00bb, enfatiz\u00f3. Entre la noche del lunes y la madrugada del martes se registraron\u00a0otros tres ataques con explosivos\u00a0que dejaron una persona herida y da\u00f1os materiales en diversas zonas del norte y sur de Machala. Violencia desatada en El Oro El Oro\u00a0es una de las provincias m\u00e1s afectadas por la crisis de inseguridad que atraviesa Ecuador y Puerto Bol\u00edvar, en espec\u00edfico, se ha convertido en\u00a0epicentro de la violencia en esta zona del pa\u00eds, lo que llev\u00f3 tambi\u00e9n a los ministros de Defensa,\u00a0Gian Carlo Loffredo, y de Interior,\u00a0John Reimberg, a liderar operativos policiales y militares hace tan solo una semana. Ecuador se encuentra desde el 2024 bajo un\u00a0&#8216;conflicto armado interno&#8217;\u00a0que el presidente Daniel Noboa declar\u00f3 para enfrentar a las bandas de crimen organizado, a quienes le declar\u00f3 la \u00abguerra\u00bb y pas\u00f3 a denominarlas como\u00a0\u00abterroristas\u00bb. Las organizaciones criminales est\u00e1n detr\u00e1s de la escalada de violencia que llev\u00f3 a Ecuador a situarse en 2023 como el pa\u00eds de Latinoam\u00e9rica con el \u00edndice m\u00e1s alto de homicidios, mientras que\u00a0el 2025 ha comenzado como el a\u00f1o m\u00e1s violento desde que se tiene registro, con un promedio de aproximadamente un asesinato por hora. Fuente: Vistazo<\/p>\n","protected":false},"author":1,"featured_media":22295,"comment_status":"open","ping_status":"open","sticky":false,"template":"","format":"standard","meta":{"footnotes":""},"categories":[268],"tags":[],"class_list":["post-22294","post","type-post","status-publish","format-standard","has-post-thumbnail","hentry","category-nacionales"],"_links":{"self":[{"href":"https:\/\/www.elamazonico.com\/portal\/wp-json\/wp\/v2\/posts\/22294","targetHints":{"allow":["GET"]}}],"collection":[{"href":"https:\/\/www.elamazonico.com\/portal\/wp-json\/wp\/v2\/posts"}],"about":[{"href":"https:\/\/www.elamazonico.com\/portal\/wp-json\/wp\/v2\/types\/post"}],"author":[{"embeddable":true,"href":"https:\/\/www.elamazonico.com\/portal\/wp-json\/wp\/v2\/users\/1"}],"replies":[{"embeddable":true,"href":"https:\/\/www.elamazonico.com\/portal\/wp-json\/wp\/v2\/comments?post=22294"}],"version-history":[{"count":1,"href":"https:\/\/www.elamazonico.com\/portal\/wp-json\/wp\/v2\/posts\/22294\/revisions"}],"predecessor-version":[{"id":22296,"href":"https:\/\/www.elamazonico.com\/portal\/wp-json\/wp\/v2\/posts\/22294\/revisions\/22296"}],"wp:featuredmedia":[{"embeddable":true,"href":"https:\/\/www.elamazonico.com\/portal\/wp-json\/wp\/v2\/media\/22295"}],"wp:attachment":[{"href":"https:\/\/www.elamazonico.com\/portal\/wp-json\/wp\/v2\/media?parent=22294"}],"wp:term":[{"taxonomy":"category","embeddable":true,"href":"https:\/\/www.elamazonico.com\/portal\/wp-json\/wp\/v2\/categories?post=22294"},{"taxonomy":"post_tag","embeddable":true,"href":"https:\/\/www.elamazonico.com\/portal\/wp-json\/wp\/v2\/tags?post=22294"}],"curies":[{"name":"wp","href":"https:\/\/api.w.org\/{rel}","templated":true}]}}