{"id":22291,"date":"2025-03-26T15:40:55","date_gmt":"2025-03-26T20:40:55","guid":{"rendered":"https:\/\/www.elamazonico.com\/portal\/?p=22291"},"modified":"2025-03-26T15:40:55","modified_gmt":"2025-03-26T20:40:55","slug":"veronica-abad-dice-que-cumplira-sus-funciones-como-vicepresidenta-hasta-mayo-no-estoy-fuera-del-cargo","status":"publish","type":"post","link":"https:\/\/www.elamazonico.com\/portal\/veronica-abad-dice-que-cumplira-sus-funciones-como-vicepresidenta-hasta-mayo-no-estoy-fuera-del-cargo\/","title":{"rendered":"Ver\u00f3nica Abad dice que cumplir\u00e1 sus funciones como vicepresidenta hasta mayo: &#8216;No estoy fuera del cargo&#8217;"},"content":{"rendered":"<div class=\"paragraph texto\">\n<p class=\"p_0\"><b><a href=\"https:\/\/www.vistazo.com\/politica\/nacional\/2025-03-25-veronica-abad-pie-afuera-daniel-noboa-podria-encargar-presidencia-ministro-EA9013547\">Ver\u00f3nica Abad<\/a><\/b>\u00a0anunci\u00f3 que\u00a0<u><b>cumplir\u00e1 sus funciones hasta mayo<\/b><\/u>\u00a0luego de que el\u00a0<u>Tribunal Contencioso Electoral (TCE)\u00a0<\/u>le quit\u00f3 los derechos pol\u00edticos por dos a\u00f1os, lo cual seg\u00fan algunos juristas podr\u00eda desembocar en\u00a0<b>ausencia temporal<\/b>\u00a0y as\u00ed ya no podr\u00eda ejercer como vicepresidenta.<\/p>\n<p class=\"p_1\">El pasado lunes 24 de marzo, el TCE ratific\u00f3 la sentencia de primera instancia del juez Guillermo Ortega, que le impuso una<u><b>\u00a0sanci\u00f3n econ\u00f3mica de 14.100 d\u00f3lares y la suspensi\u00f3n de derechos pol\u00edticos<\/b><\/u>\u00a0por haber incurrido en violencia pol\u00edtica de g\u00e9nero hacia la canciller\u00a0<b>Gabriela Sommerfeld<\/b>.<\/p>\n<p class=\"p_3\">La decisi\u00f3n abri\u00f3 un debate sobre el futuro de Abad. Por un lado, hay quienes afirman que una vez que la condena quede en firme, la vicepresidenta<u><b>\u00a0ya no podr\u00eda ejercer sus funciones y luego se configurar\u00eda una ausencia temporal.<\/b><\/u>\u00a0Con ello, el presidente Noboa podr\u00eda designar un reemplazo.<\/p>\n<p class=\"p_4\">Sin embargo, hay otro grupo que indica que\u00a0<u><b>la sanci\u00f3n no afecta el ejercicio del cargo<\/b><\/u>\u00a0y que Abad solo puede ser destituida por la Asamblea.<\/p>\n<p class=\"p_5\">Mientras tanto, Ver\u00f3nica Abad escribi\u00f3 este mi\u00e9rcoles en la red social X que no existen pruebas de violencia pol\u00edtica de g\u00e9nero y que haber firmado esa sentencia\u00a0<u><b>\u201ces un acto infame\u201d\u00a0<\/b><\/u>por parte de la mayor\u00eda de los jueces del TCE.<\/p>\n<\/div>\n<div class=\"Citavistazo\">\u201cHan pervertido una figura esencial como la violencia pol\u00edtica de g\u00e9nero, han traicionado d\u00e9cadas de lucha por nuestros derechos de representatividad impuesta por el juez Guillermo Ortega\u201d, apunt\u00f3 Abad.<\/div>\n<div class=\"paragraph texto\">\n<p class=\"p_6\">Agreg\u00f3 que los magistrados del TCE \u201chan causado repudio, han torcido el derecho electoral, una ruina moral y jur\u00eddi<u>ca. Pasar\u00e1n a la historia como la muestra viva de quienes anulan<\/u>, castigan y humillan a las mujeres que no se someten al poder opresor\u201d.<\/p>\n<p class=\"p_7\">\n<\/div>\n<div class=\"multimediaMacroWrapper img lateral\">\n<figure class=\"contentMedia art-img\">\n<div><img fetchpriority=\"high\" decoding=\"async\" class=\" lazyloaded\" title=\"Ver\u00f3nica Abad fue sancionada por el TCE por violencia pol\u00edtica de g\u00e9nero.\" src=\"https:\/\/www.vistazo.com\/placeholder\/svg\/viewbox\/768x595\" sizes=\"100vw\" srcset=\"\/\/www.vistazo.com\/binrepository\/768x595\/0c0\/0d0\/none\/12727\/GXKB\/20250129146238-audiencia-de-proteccio_2097616_20250326115108.jpg 768w,\/\/www.vistazo.com\/binrepository\/640x496\/0c0\/0d0\/none\/12727\/GXKI\/20250129146238-audiencia-de-proteccio_2097616_20250326115108.jpg 640w,\/\/www.vistazo.com\/binrepository\/512x397\/0c0\/0d0\/none\/12727\/GXKK\/20250129146238-audiencia-de-proteccio_2097616_20250326115108.jpg 512w,\/\/www.vistazo.com\/binrepository\/384x298\/0c0\/0d0\/none\/12727\/GXKN\/20250129146238-audiencia-de-proteccio_2097616_20250326115108.jpg 384w,\/\/www.vistazo.com\/binrepository\/300x232\/0c0\/0d0\/none\/12727\/GXKB\/20250129146238-audiencia-de-proteccio_2097616_20250326115108.jpg 300w\" alt=\"$!Ver\u00f3nica Abad fue sancionada por el TCE por violencia pol\u00edtica de g\u00e9nero.\" width=\"768\" height=\"595\" data-srcset=\"\/\/www.vistazo.com\/binrepository\/768x595\/0c0\/0d0\/none\/12727\/GXKB\/20250129146238-audiencia-de-proteccio_2097616_20250326115108.jpg 768w,\/\/www.vistazo.com\/binrepository\/640x496\/0c0\/0d0\/none\/12727\/GXKI\/20250129146238-audiencia-de-proteccio_2097616_20250326115108.jpg 640w,\/\/www.vistazo.com\/binrepository\/512x397\/0c0\/0d0\/none\/12727\/GXKK\/20250129146238-audiencia-de-proteccio_2097616_20250326115108.jpg 512w,\/\/www.vistazo.com\/binrepository\/384x298\/0c0\/0d0\/none\/12727\/GXKN\/20250129146238-audiencia-de-proteccio_2097616_20250326115108.jpg 384w,\/\/www.vistazo.com\/binrepository\/300x232\/0c0\/0d0\/none\/12727\/GXKB\/20250129146238-audiencia-de-proteccio_2097616_20250326115108.jpg 300w\" \/><\/div>\n<div class=\"cutline-byline\"><span class=\"cutline-text\">Ver\u00f3nica Abad fue sancionada por el TCE por violencia pol\u00edtica de g\u00e9nero.\u00a0<\/span><span class=\"byline-image\">(ROLANDO-ENRIQUEZ)<\/span><\/div>\n<\/figure>\n<\/div>\n<h2 class=\"h2vistazo\">SEGUIR\u00c1 HASTA MAYO<\/h2>\n<div class=\"paragraph texto\">\n<p class=\"p_8\">Este mi\u00e9rcoles Abad reiter\u00f3 que<u><b>\u00a0\u00abno est\u00e1 fuera del cargo\u00bb\u00a0<\/b><\/u>porque su juez natural es la Asamblea Nacional, \u201ces el \u00fanico juez que me puede destituir\u201d. Adem\u00e1s, indic\u00f3 que los derechos pol\u00edticos no son retroactivos y que su cargo fue otorgado por votaci\u00f3n popular en el 2023.<\/p>\n<p class=\"p_9\">\u201cLa\u00a0<u><b>Asamblea es la \u00fanica que puede decir que estoy en ausencia\u00a0<\/b><\/u>y no estoy en ausencia, llegu\u00e9 a Turqu\u00eda a cumplir el decreto presidencial y lo hice bajo condiciones inconstitucionales\u201d, se\u00f1al\u00f3 Abad en una entrevista con Radio Pichincha.<\/p>\n<p class=\"p_10\">Agreg\u00f3 que su futuro no es incierto y seguir\u00e1 ejerciendo funciones hasta que termine su periodo oficialmente.<\/p>\n<p class=\"p_11\">\u201c<u><b>Los ecuatorianos han decidido que hasta mayo se cumpla mi periodo<\/b><\/u>, pues as\u00ed ser\u00e1 el resto tomar\u00e9 decisiones para continuar en la misma lead pol\u00edtica, por eso les preocupa tanto que siga en la pol\u00edtica\u201d, acot\u00f3. <strong>Fuente: Vistazo<\/strong><\/p>\n<\/div>\n","protected":false},"excerpt":{"rendered":"<p>Ver\u00f3nica Abad\u00a0anunci\u00f3 que\u00a0cumplir\u00e1 sus funciones hasta mayo\u00a0luego de que el\u00a0Tribunal Contencioso Electoral (TCE)\u00a0le quit\u00f3 los derechos pol\u00edticos por dos a\u00f1os, lo cual seg\u00fan algunos juristas podr\u00eda desembocar en\u00a0ausencia temporal\u00a0y as\u00ed ya no podr\u00eda ejercer como vicepresidenta. El pasado lunes 24 de marzo, el TCE ratific\u00f3 la sentencia de primera instancia del juez Guillermo Ortega, que le impuso una\u00a0sanci\u00f3n econ\u00f3mica de 14.100 d\u00f3lares y la suspensi\u00f3n de derechos pol\u00edticos\u00a0por haber incurrido en violencia pol\u00edtica de g\u00e9nero hacia la canciller\u00a0Gabriela Sommerfeld. La decisi\u00f3n abri\u00f3 un debate sobre el futuro de Abad. Por un lado, hay quienes afirman que una vez que la condena quede en firme, la vicepresidenta\u00a0ya no podr\u00eda ejercer sus funciones y luego se configurar\u00eda una ausencia temporal.\u00a0Con ello, el presidente Noboa podr\u00eda designar un reemplazo. Sin embargo, hay otro grupo que indica que\u00a0la sanci\u00f3n no afecta el ejercicio del cargo\u00a0y que Abad solo puede ser destituida por la Asamblea. Mientras tanto, Ver\u00f3nica Abad escribi\u00f3 este mi\u00e9rcoles en la red social X que no existen pruebas de violencia pol\u00edtica de g\u00e9nero y que haber firmado esa sentencia\u00a0\u201ces un acto infame\u201d\u00a0por parte de la mayor\u00eda de los jueces del TCE. \u201cHan pervertido una figura esencial como la violencia pol\u00edtica de g\u00e9nero, han traicionado d\u00e9cadas de lucha por nuestros derechos de representatividad impuesta por el juez Guillermo Ortega\u201d, apunt\u00f3 Abad. Agreg\u00f3 que los magistrados del TCE \u201chan causado repudio, han torcido el derecho electoral, una ruina moral y jur\u00eddica. Pasar\u00e1n a la historia como la muestra viva de quienes anulan, castigan y humillan a las mujeres que no se someten al poder opresor\u201d. Ver\u00f3nica Abad fue sancionada por el TCE por violencia pol\u00edtica de g\u00e9nero.\u00a0(ROLANDO-ENRIQUEZ) SEGUIR\u00c1 HASTA MAYO Este mi\u00e9rcoles Abad reiter\u00f3 que\u00a0\u00abno est\u00e1 fuera del cargo\u00bb\u00a0porque su juez natural es la Asamblea Nacional, \u201ces el \u00fanico juez que me puede destituir\u201d. Adem\u00e1s, indic\u00f3 que los derechos pol\u00edticos no son retroactivos y que su cargo fue otorgado por votaci\u00f3n popular en el 2023. \u201cLa\u00a0Asamblea es la \u00fanica que puede decir que estoy en ausencia\u00a0y no estoy en ausencia, llegu\u00e9 a Turqu\u00eda a cumplir el decreto presidencial y lo hice bajo condiciones inconstitucionales\u201d, se\u00f1al\u00f3 Abad en una entrevista con Radio Pichincha. Agreg\u00f3 que su futuro no es incierto y seguir\u00e1 ejerciendo funciones hasta que termine su periodo oficialmente. \u201cLos ecuatorianos han decidido que hasta mayo se cumpla mi periodo, pues as\u00ed ser\u00e1 el resto tomar\u00e9 decisiones para continuar en la misma lead pol\u00edtica, por eso les preocupa tanto que siga en la pol\u00edtica\u201d, acot\u00f3. Fuente: Vistazo<\/p>\n","protected":false},"author":1,"featured_media":22292,"comment_status":"open","ping_status":"open","sticky":false,"template":"","format":"standard","meta":{"footnotes":""},"categories":[268],"tags":[],"class_list":["post-22291","post","type-post","status-publish","format-standard","has-post-thumbnail","hentry","category-nacionales"],"_links":{"self":[{"href":"https:\/\/www.elamazonico.com\/portal\/wp-json\/wp\/v2\/posts\/22291","targetHints":{"allow":["GET"]}}],"collection":[{"href":"https:\/\/www.elamazonico.com\/portal\/wp-json\/wp\/v2\/posts"}],"about":[{"href":"https:\/\/www.elamazonico.com\/portal\/wp-json\/wp\/v2\/types\/post"}],"author":[{"embeddable":true,"href":"https:\/\/www.elamazonico.com\/portal\/wp-json\/wp\/v2\/users\/1"}],"replies":[{"embeddable":true,"href":"https:\/\/www.elamazonico.com\/portal\/wp-json\/wp\/v2\/comments?post=22291"}],"version-history":[{"count":1,"href":"https:\/\/www.elamazonico.com\/portal\/wp-json\/wp\/v2\/posts\/22291\/revisions"}],"predecessor-version":[{"id":22293,"href":"https:\/\/www.elamazonico.com\/portal\/wp-json\/wp\/v2\/posts\/22291\/revisions\/22293"}],"wp:featuredmedia":[{"embeddable":true,"href":"https:\/\/www.elamazonico.com\/portal\/wp-json\/wp\/v2\/media\/22292"}],"wp:attachment":[{"href":"https:\/\/www.elamazonico.com\/portal\/wp-json\/wp\/v2\/media?parent=22291"}],"wp:term":[{"taxonomy":"category","embeddable":true,"href":"https:\/\/www.elamazonico.com\/portal\/wp-json\/wp\/v2\/categories?post=22291"},{"taxonomy":"post_tag","embeddable":true,"href":"https:\/\/www.elamazonico.com\/portal\/wp-json\/wp\/v2\/tags?post=22291"}],"curies":[{"name":"wp","href":"https:\/\/api.w.org\/{rel}","templated":true}]}}