{"id":22288,"date":"2025-03-26T15:38:53","date_gmt":"2025-03-26T20:38:53","guid":{"rendered":"https:\/\/www.elamazonico.com\/portal\/?p=22288"},"modified":"2025-03-26T15:38:53","modified_gmt":"2025-03-26T20:38:53","slug":"operativo-fortaleza-9-cuatro-miembros-de-las-aguilas-fueron-capturados","status":"publish","type":"post","link":"https:\/\/www.elamazonico.com\/portal\/operativo-fortaleza-9-cuatro-miembros-de-las-aguilas-fueron-capturados\/","title":{"rendered":"Operativo Fortaleza 9: Cuatro miembros de \u2018Las \u00c1guilas\u2019 fueron capturados"},"content":{"rendered":"<p>Este mi\u00e9rcoles, 26 de marzo de 2025, se ejecut\u00f3 el operativo\u00a0<strong>Fortaleza 9<\/strong>\u00a0en\u00a0<strong>Guayaquil<\/strong>, capital de Guayas. Producto de ello, las autoridades capturaron a cuatro integrantes del grupo criminal \u2018<strong>Las \u00c1guilas\u2019<\/strong>, quienes estaban vinculados a presuntos delitos.<\/p>\n<p>Dos de los capturados eran considerados objetivos de intermedio valor. Ellos son Genaro P., alias \u2018Genaro\u2019. Y Alejandro S., alias \u2018Burrita\u2019.<\/p>\n<div class=\"twitter-tweet twitter-tweet-rendered\"><iframe id=\"twitter-widget-1\" class=\"\" title=\"X Post\" src=\"https:\/\/platform.twitter.com\/embed\/Tweet.html?creatorScreenName=el_telegrafo&amp;dnt=false&amp;embedId=twitter-widget-1&amp;features=eyJ0ZndfdGltZWxpbmVfbGlzdCI6eyJidWNrZXQiOltdLCJ2ZXJzaW9uIjpudWxsfSwidGZ3X2ZvbGxvd2VyX2NvdW50X3N1bnNldCI6eyJidWNrZXQiOnRydWUsInZlcnNpb24iOm51bGx9LCJ0ZndfdHdlZXRfZWRpdF9iYWNrZW5kIjp7ImJ1Y2tldCI6Im9uIiwidmVyc2lvbiI6bnVsbH0sInRmd19yZWZzcmNfc2Vzc2lvbiI6eyJidWNrZXQiOiJvbiIsInZlcnNpb24iOm51bGx9LCJ0ZndfZm9zbnJfc29mdF9pbnRlcnZlbnRpb25zX2VuYWJsZWQiOnsiYnVja2V0Ijoib24iLCJ2ZXJzaW9uIjpudWxsfSwidGZ3X21peGVkX21lZGlhXzE1ODk3Ijp7ImJ1Y2tldCI6InRyZWF0bWVudCIsInZlcnNpb24iOm51bGx9LCJ0ZndfZXhwZXJpbWVudHNfY29va2llX2V4cGlyYXRpb24iOnsiYnVja2V0IjoxMjA5NjAwLCJ2ZXJzaW9uIjpudWxsfSwidGZ3X3Nob3dfYmlyZHdhdGNoX3Bpdm90c19lbmFibGVkIjp7ImJ1Y2tldCI6Im9uIiwidmVyc2lvbiI6bnVsbH0sInRmd19kdXBsaWNhdGVfc2NyaWJlc190b19zZXR0aW5ncyI6eyJidWNrZXQiOiJvbiIsInZlcnNpb24iOm51bGx9LCJ0ZndfdXNlX3Byb2ZpbGVfaW1hZ2Vfc2hhcGVfZW5hYmxlZCI6eyJidWNrZXQiOiJvbiIsInZlcnNpb24iOm51bGx9LCJ0ZndfdmlkZW9faGxzX2R5bmFtaWNfbWFuaWZlc3RzXzE1MDgyIjp7ImJ1Y2tldCI6InRydWVfYml0cmF0ZSIsInZlcnNpb24iOm51bGx9LCJ0ZndfbGVnYWN5X3RpbWVsaW5lX3N1bnNldCI6eyJidWNrZXQiOnRydWUsInZlcnNpb24iOm51bGx9LCJ0ZndfdHdlZXRfZWRpdF9mcm9udGVuZCI6eyJidWNrZXQiOiJvbiIsInZlcnNpb24iOm51bGx9fQ%3D%3D&amp;frame=false&amp;hideCard=false&amp;hideThread=false&amp;id=1904858016643768804&amp;lang=es&amp;maxWidth=560px&amp;origin=https%3A%2F%2Fwww.eltelegrafo.com.ec%2Fseguridad%2Fseguridad%2F44%2Foperativo-fortaleza-las-aguilas-capturados&amp;sessionId=79e45fcd98ee5aed0197612c55ab1fec7c434f01&amp;siteScreenName=el_telegrafo&amp;theme=light&amp;widgetsVersion=2615f7e52b7e0%3A1702314776716&amp;width=550px\" frameborder=\"0\" scrolling=\"no\" allowfullscreen=\"allowfullscreen\" data-tweet-id=\"1904858016643768804\" data-mce-fragment=\"1\"><\/iframe><\/div>\n<p>&nbsp;<\/p>\n<p>Adem\u00e1s se dio la incautaci\u00f3n de armas de fuego, dos alimentadoras, dos celulares y 48 cartuchos de diferentes calibres.<\/p>\n<p>Seg\u00fan el Ministerio del Interior, los cuatro capturados fueron puestos a \u00f3rdenes de Fiscal\u00eda para proceder con la audiencia de vinculaci\u00f3n por el cometimiento de delitos. <strong>Fuente: El Tel\u00e9grafo<\/strong><\/p>\n","protected":false},"excerpt":{"rendered":"<p>Este mi\u00e9rcoles, 26 de marzo de 2025, se ejecut\u00f3 el operativo\u00a0Fortaleza 9\u00a0en\u00a0Guayaquil, capital de Guayas. Producto de ello, las autoridades capturaron a cuatro integrantes del grupo criminal \u2018Las \u00c1guilas\u2019, quienes estaban vinculados a presuntos delitos. Dos de los capturados eran considerados objetivos de intermedio valor. Ellos son Genaro P., alias \u2018Genaro\u2019. Y Alejandro S., alias \u2018Burrita\u2019. &nbsp; Adem\u00e1s se dio la incautaci\u00f3n de armas de fuego, dos alimentadoras, dos celulares y 48 cartuchos de diferentes calibres. Seg\u00fan el Ministerio del Interior, los cuatro capturados fueron puestos a \u00f3rdenes de Fiscal\u00eda para proceder con la audiencia de vinculaci\u00f3n por el cometimiento de delitos. Fuente: El Tel\u00e9grafo<\/p>\n","protected":false},"author":1,"featured_media":22289,"comment_status":"open","ping_status":"open","sticky":false,"template":"","format":"standard","meta":{"footnotes":""},"categories":[268],"tags":[],"class_list":["post-22288","post","type-post","status-publish","format-standard","has-post-thumbnail","hentry","category-nacionales"],"_links":{"self":[{"href":"https:\/\/www.elamazonico.com\/portal\/wp-json\/wp\/v2\/posts\/22288","targetHints":{"allow":["GET"]}}],"collection":[{"href":"https:\/\/www.elamazonico.com\/portal\/wp-json\/wp\/v2\/posts"}],"about":[{"href":"https:\/\/www.elamazonico.com\/portal\/wp-json\/wp\/v2\/types\/post"}],"author":[{"embeddable":true,"href":"https:\/\/www.elamazonico.com\/portal\/wp-json\/wp\/v2\/users\/1"}],"replies":[{"embeddable":true,"href":"https:\/\/www.elamazonico.com\/portal\/wp-json\/wp\/v2\/comments?post=22288"}],"version-history":[{"count":1,"href":"https:\/\/www.elamazonico.com\/portal\/wp-json\/wp\/v2\/posts\/22288\/revisions"}],"predecessor-version":[{"id":22290,"href":"https:\/\/www.elamazonico.com\/portal\/wp-json\/wp\/v2\/posts\/22288\/revisions\/22290"}],"wp:featuredmedia":[{"embeddable":true,"href":"https:\/\/www.elamazonico.com\/portal\/wp-json\/wp\/v2\/media\/22289"}],"wp:attachment":[{"href":"https:\/\/www.elamazonico.com\/portal\/wp-json\/wp\/v2\/media?parent=22288"}],"wp:term":[{"taxonomy":"category","embeddable":true,"href":"https:\/\/www.elamazonico.com\/portal\/wp-json\/wp\/v2\/categories?post=22288"},{"taxonomy":"post_tag","embeddable":true,"href":"https:\/\/www.elamazonico.com\/portal\/wp-json\/wp\/v2\/tags?post=22288"}],"curies":[{"name":"wp","href":"https:\/\/api.w.org\/{rel}","templated":true}]}}