{"id":2228,"date":"2022-01-05T10:30:44","date_gmt":"2022-01-05T15:30:44","guid":{"rendered":"https:\/\/www.elamazonico.com\/portal\/?p=2228"},"modified":"2022-01-05T10:30:50","modified_gmt":"2022-01-05T15:30:50","slug":"hervas-banco-del-pacifico-es-patrimonio-de-los-ecuatorianos","status":"publish","type":"post","link":"https:\/\/www.elamazonico.com\/portal\/hervas-banco-del-pacifico-es-patrimonio-de-los-ecuatorianos\/","title":{"rendered":"Hervas: Banco del Pac\u00edfico es patrimonio de los ecuatorianos"},"content":{"rendered":"\n<p>Dardos naranjas. Xavier Hervas, excandidato presidencial de la Izquierda Democr\u00e1tica (ID), manifest\u00f3 que el pa\u00eds necesita urgente una reactivaci\u00f3n econ\u00f3mica. En el emprendimiento -dijo- no podemos tener una ley que ponga impuestos a los ingresos de los microempresarios, solo se cambio de nombre de RISE a RIMPE, \u00abpero sigue siendo eso, un impuesto a los ingresos, a la facturaci\u00f3n\u00bb.<\/p>\n\n\n\n<p>Hervas tambi\u00e9n tuvo palabras de reproche por la anunciada venta del Banco del Pac\u00edfico, \u00abel segundo banco m\u00e1s grande del pa\u00eds, y que solo en siete meses de este Gobierno lo ubican en el d\u00e9cimo banco\u00bb. El Banco del Pac\u00edfico no solo es estrat\u00e9gico y necesario para reactivar la econom\u00eda, sino que es patrimonio de los ecuatorianos, y lo que aspiramos es que el Gobierno cuide ese patrimonio.&nbsp;<strong>Ecuavisa\/<\/strong>&nbsp;(jtr)<\/p>\n","protected":false},"excerpt":{"rendered":"<p>Dardos naranjas. Xavier Hervas, excandidato presidencial de la Izquierda Democr\u00e1tica (ID), manifest\u00f3 que el pa\u00eds necesita urgente una reactivaci\u00f3n econ\u00f3mica. En el emprendimiento -dijo- no podemos tener una ley que ponga impuestos a los ingresos de los microempresarios, solo se cambio de nombre de RISE a RIMPE, \u00abpero sigue siendo eso, un impuesto a los ingresos, a la facturaci\u00f3n\u00bb. Hervas tambi\u00e9n tuvo palabras de reproche por la anunciada venta del Banco del Pac\u00edfico, \u00abel segundo banco m\u00e1s grande del pa\u00eds, y que solo en siete meses de este Gobierno lo ubican en el d\u00e9cimo banco\u00bb. El Banco del Pac\u00edfico no solo es estrat\u00e9gico y necesario para reactivar la econom\u00eda, sino que es patrimonio de los ecuatorianos, y lo que aspiramos es que el Gobierno cuide ese patrimonio.&nbsp;Ecuavisa\/&nbsp;(jtr)<\/p>\n","protected":false},"author":1,"featured_media":2229,"comment_status":"open","ping_status":"open","sticky":false,"template":"","format":"standard","meta":{"footnotes":""},"categories":[268],"tags":[],"class_list":["post-2228","post","type-post","status-publish","format-standard","has-post-thumbnail","hentry","category-nacionales"],"_links":{"self":[{"href":"https:\/\/www.elamazonico.com\/portal\/wp-json\/wp\/v2\/posts\/2228","targetHints":{"allow":["GET"]}}],"collection":[{"href":"https:\/\/www.elamazonico.com\/portal\/wp-json\/wp\/v2\/posts"}],"about":[{"href":"https:\/\/www.elamazonico.com\/portal\/wp-json\/wp\/v2\/types\/post"}],"author":[{"embeddable":true,"href":"https:\/\/www.elamazonico.com\/portal\/wp-json\/wp\/v2\/users\/1"}],"replies":[{"embeddable":true,"href":"https:\/\/www.elamazonico.com\/portal\/wp-json\/wp\/v2\/comments?post=2228"}],"version-history":[{"count":1,"href":"https:\/\/www.elamazonico.com\/portal\/wp-json\/wp\/v2\/posts\/2228\/revisions"}],"predecessor-version":[{"id":2230,"href":"https:\/\/www.elamazonico.com\/portal\/wp-json\/wp\/v2\/posts\/2228\/revisions\/2230"}],"wp:featuredmedia":[{"embeddable":true,"href":"https:\/\/www.elamazonico.com\/portal\/wp-json\/wp\/v2\/media\/2229"}],"wp:attachment":[{"href":"https:\/\/www.elamazonico.com\/portal\/wp-json\/wp\/v2\/media?parent=2228"}],"wp:term":[{"taxonomy":"category","embeddable":true,"href":"https:\/\/www.elamazonico.com\/portal\/wp-json\/wp\/v2\/categories?post=2228"},{"taxonomy":"post_tag","embeddable":true,"href":"https:\/\/www.elamazonico.com\/portal\/wp-json\/wp\/v2\/tags?post=2228"}],"curies":[{"name":"wp","href":"https:\/\/api.w.org\/{rel}","templated":true}]}}