{"id":22249,"date":"2025-03-25T09:34:34","date_gmt":"2025-03-25T14:34:34","guid":{"rendered":"https:\/\/www.elamazonico.com\/portal\/?p=22249"},"modified":"2025-03-25T09:34:58","modified_gmt":"2025-03-25T14:34:58","slug":"asesinan-a-hermana-de-alias-gordo-mendoza-mano-derecha-de-fito-en-un-ataque-armado-en-quevedo","status":"publish","type":"post","link":"https:\/\/www.elamazonico.com\/portal\/asesinan-a-hermana-de-alias-gordo-mendoza-mano-derecha-de-fito-en-un-ataque-armado-en-quevedo\/","title":{"rendered":"Asesinan a hermana de alias &#8216;Gordo Mendoza&#8217;, mano derecha de Fito, en un ataque armado en Quevedo"},"content":{"rendered":"<p class=\"p_0\">La noche del lunes 24 de marzo, un ataque armado acab\u00f3 con la vida de Cecibel Roc\u00edo Mendoza Fern\u00e1ndez, hermana de alias &#8216;<b><a href=\"https:\/\/www.vistazo.com\/actualidad\/nacional\/2025-01-08-asesinaron-gordo-mendoza-carcel-roca-fito-cabecilla-NL8580078\" target=\"_blank\" rel=\"noopener noreferrer\">Gordo Mendoza<\/a><\/b>&#8216;, en la parroquia El Guayac\u00e1n del cant\u00f3n\u00a0<b>Quevedo<\/b>.<\/p>\n<p class=\"p_1\">El hecho, ocurrido bajo la modalidad de sicariato, tambi\u00e9n dej\u00f3 como v\u00edctima mortal a su yerno,\u00a0<b>Jhon Medina<\/b>.<\/p>\n<p class=\"p_3\">Seg\u00fan los primeros informes, Medina hab\u00eda llegado de visita cuando sujetos a bordo de una motocicleta y un autom\u00f3vil arribaron a la vivienda y abrieron fuego en al menos diez ocasiones.<\/p>\n<p class=\"p_4\">Pese a que ambos fueron trasladados al hospital Sagrado Coraz\u00f3n de Jes\u00fas de Quevedo, no lograron sobrevivir, report\u00f3 diario El Universo.<\/p>\n<p class=\"p_5\">Asimismo, fuentes extraoficiales sugieren que el objetivo principal de los sicarios ser\u00eda Jhon Medina, aunque las circunstancias exactas del ataque a\u00fan est\u00e1n bajo investigaci\u00f3n.<\/p>\n<p class=\"p_6\">Cecibel Roc\u00edo Mendoza era hermana de Freddy Mendoza Fern\u00e1ndez, alias &#8216;Gordo Mendoza&#8217;, quien era identificado como cabecilla de la fracci\u00f3n criminal\u00a0<b>Los \u00c1guilas<\/b>, una agrupaci\u00f3n aliada a la organizaci\u00f3n delictiva Los Choneros.<\/p>\n<p class=\"p_7\">Alias &#8216;Gordo Mendoza&#8217; fue asesinado el pasado 8 de enero de 2025 dentro de la c\u00e1rcel de m\u00e1xima seguridad &#8216;La Roca&#8217; en Guayaquil. Se le conoc\u00eda como la \u00ab<b>mano derecha<\/b>\u00bb de\u00a0<b>Jos\u00e9 Adolfo Mac\u00edas Villamar<\/b>, alias &#8216;<b>Fito<\/b>&#8216;, l\u00edder de Los Choneros y uno de los criminales m\u00e1s buscados del pa\u00eds.<\/p>\n<p class=\"p_8\">Mac\u00edas Villamar permanece pr\u00f3fugo de la justicia desde el 7 de enero de 2024, cuando escap\u00f3 de la\u00a0<u>C\u00e1rcel Regional de Guayaquil<\/u>, donde cumpl\u00eda una condena de 34 a\u00f1os por delincuencia organizada, narcotr\u00e1fico y asesinato.<\/p>\n<p class=\"p_9\">Su fuga estuvo acompa\u00f1ada de una ola de atentados y actos violentos en varias ciudades del pa\u00eds, incluyendo Guayaquil y Quito. El Gobierno ecuatoriano ha ofrecido una\u00a0<b>recompensa\u00a0<\/b>de\u00a0<b>un mill\u00f3n de d\u00f3lares<\/b> por informaci\u00f3n que facilite su captura. <strong>Fuente: Vistazo<\/strong><\/p>\n","protected":false},"excerpt":{"rendered":"<p>La noche del lunes 24 de marzo, un ataque armado acab\u00f3 con la vida de Cecibel Roc\u00edo Mendoza Fern\u00e1ndez, hermana de alias &#8216;Gordo Mendoza&#8216;, en la parroquia El Guayac\u00e1n del cant\u00f3n\u00a0Quevedo. El hecho, ocurrido bajo la modalidad de sicariato, tambi\u00e9n dej\u00f3 como v\u00edctima mortal a su yerno,\u00a0Jhon Medina. Seg\u00fan los primeros informes, Medina hab\u00eda llegado de visita cuando sujetos a bordo de una motocicleta y un autom\u00f3vil arribaron a la vivienda y abrieron fuego en al menos diez ocasiones. Pese a que ambos fueron trasladados al hospital Sagrado Coraz\u00f3n de Jes\u00fas de Quevedo, no lograron sobrevivir, report\u00f3 diario El Universo. Asimismo, fuentes extraoficiales sugieren que el objetivo principal de los sicarios ser\u00eda Jhon Medina, aunque las circunstancias exactas del ataque a\u00fan est\u00e1n bajo investigaci\u00f3n. Cecibel Roc\u00edo Mendoza era hermana de Freddy Mendoza Fern\u00e1ndez, alias &#8216;Gordo Mendoza&#8217;, quien era identificado como cabecilla de la fracci\u00f3n criminal\u00a0Los \u00c1guilas, una agrupaci\u00f3n aliada a la organizaci\u00f3n delictiva Los Choneros. Alias &#8216;Gordo Mendoza&#8217; fue asesinado el pasado 8 de enero de 2025 dentro de la c\u00e1rcel de m\u00e1xima seguridad &#8216;La Roca&#8217; en Guayaquil. Se le conoc\u00eda como la \u00abmano derecha\u00bb de\u00a0Jos\u00e9 Adolfo Mac\u00edas Villamar, alias &#8216;Fito&#8216;, l\u00edder de Los Choneros y uno de los criminales m\u00e1s buscados del pa\u00eds. Mac\u00edas Villamar permanece pr\u00f3fugo de la justicia desde el 7 de enero de 2024, cuando escap\u00f3 de la\u00a0C\u00e1rcel Regional de Guayaquil, donde cumpl\u00eda una condena de 34 a\u00f1os por delincuencia organizada, narcotr\u00e1fico y asesinato. Su fuga estuvo acompa\u00f1ada de una ola de atentados y actos violentos en varias ciudades del pa\u00eds, incluyendo Guayaquil y Quito. El Gobierno ecuatoriano ha ofrecido una\u00a0recompensa\u00a0de\u00a0un mill\u00f3n de d\u00f3lares por informaci\u00f3n que facilite su captura. Fuente: Vistazo<\/p>\n","protected":false},"author":1,"featured_media":22250,"comment_status":"open","ping_status":"open","sticky":false,"template":"","format":"standard","meta":{"footnotes":""},"categories":[268],"tags":[],"class_list":["post-22249","post","type-post","status-publish","format-standard","has-post-thumbnail","hentry","category-nacionales"],"_links":{"self":[{"href":"https:\/\/www.elamazonico.com\/portal\/wp-json\/wp\/v2\/posts\/22249","targetHints":{"allow":["GET"]}}],"collection":[{"href":"https:\/\/www.elamazonico.com\/portal\/wp-json\/wp\/v2\/posts"}],"about":[{"href":"https:\/\/www.elamazonico.com\/portal\/wp-json\/wp\/v2\/types\/post"}],"author":[{"embeddable":true,"href":"https:\/\/www.elamazonico.com\/portal\/wp-json\/wp\/v2\/users\/1"}],"replies":[{"embeddable":true,"href":"https:\/\/www.elamazonico.com\/portal\/wp-json\/wp\/v2\/comments?post=22249"}],"version-history":[{"count":1,"href":"https:\/\/www.elamazonico.com\/portal\/wp-json\/wp\/v2\/posts\/22249\/revisions"}],"predecessor-version":[{"id":22251,"href":"https:\/\/www.elamazonico.com\/portal\/wp-json\/wp\/v2\/posts\/22249\/revisions\/22251"}],"wp:featuredmedia":[{"embeddable":true,"href":"https:\/\/www.elamazonico.com\/portal\/wp-json\/wp\/v2\/media\/22250"}],"wp:attachment":[{"href":"https:\/\/www.elamazonico.com\/portal\/wp-json\/wp\/v2\/media?parent=22249"}],"wp:term":[{"taxonomy":"category","embeddable":true,"href":"https:\/\/www.elamazonico.com\/portal\/wp-json\/wp\/v2\/categories?post=22249"},{"taxonomy":"post_tag","embeddable":true,"href":"https:\/\/www.elamazonico.com\/portal\/wp-json\/wp\/v2\/tags?post=22249"}],"curies":[{"name":"wp","href":"https:\/\/api.w.org\/{rel}","templated":true}]}}