{"id":22238,"date":"2025-03-25T06:12:56","date_gmt":"2025-03-25T11:12:56","guid":{"rendered":"https:\/\/www.elamazonico.com\/portal\/?p=22238"},"modified":"2025-03-25T06:13:09","modified_gmt":"2025-03-25T11:13:09","slug":"oficial-alexis-sanchez-sera-baja-para-el-partido-chile-vs-ecuador","status":"publish","type":"post","link":"https:\/\/www.elamazonico.com\/portal\/oficial-alexis-sanchez-sera-baja-para-el-partido-chile-vs-ecuador\/","title":{"rendered":"\u00a1Oficial! Alexis S\u00e1nchez ser\u00e1 baja para el partido Chile vs. Ecuador"},"content":{"rendered":"<p>El delantero chileno Alexis S\u00e1nchez no estar\u00e1 finalmente en el partido que su pa\u00eds disputar\u00e1 este martes 25 de marzo frente a Ecuador, v\u00e1lidos por las Eliminatorias sudamericanas, debido a problemas f\u00edsicos, inform\u00f3 la federaci\u00f3n de ese pa\u00eds.<\/p>\n<p>En un escueto comunicado, la fuente explic\u00f3 que \u00abel cuerpo m\u00e9dico de la selecci\u00f3n chilena informa que el jugador Alexis S\u00e1nchez ha sido liberado de la convocatoria para la presente fecha FIFA\u00bb.<\/p>\n<p>\u00abEl jugador presenta una lesi\u00f3n muscular de bajo grado, cuya recuperaci\u00f3n supera los plazos de la presente concentraci\u00f3n, por lo que no estar\u00e1 disponible para el partido frente a Ecuador\u00bb, se\u00f1al\u00f3 sin otros detalles.<\/p>\n<p>La convocatoria del delantero del Udinese hab\u00eda levantado ilusi\u00f3n y expectaci\u00f3n en los aficionados chilenos, sin embargo esas esperanzas comenzaron a diluirse cuando el jugador qued\u00f3 fuera del partido ante Paraguay en Asunci\u00f3n, donde la &#8216;Roja&#8217; perdi\u00f3 1-0 frente a Paraguay.<\/p>\n<p>Su ausencia desat\u00f3 todo tipo de rumores y pol\u00e9micas sobre la decisi\u00f3n de convocarlo y el verdadero estado de salud del \u00abNi\u00f1o Maravilla\u00bb, que finalmente se despejaron con el anuncio de su ausencia este mismo lunes.<\/p>\n<p>Si el martes Chile no supera a Ecuador, segundo clasificado y autor de una racha de seis partidos son perder en las Eliminatorias, quedar\u00e1 pr\u00e1cticamente sin opciones de llegar al Mundial 2026. <strong>Fuente: Primicias<\/strong><\/p>\n","protected":false},"excerpt":{"rendered":"<p>El delantero chileno Alexis S\u00e1nchez no estar\u00e1 finalmente en el partido que su pa\u00eds disputar\u00e1 este martes 25 de marzo frente a Ecuador, v\u00e1lidos por las Eliminatorias sudamericanas, debido a problemas f\u00edsicos, inform\u00f3 la federaci\u00f3n de ese pa\u00eds. En un escueto comunicado, la fuente explic\u00f3 que \u00abel cuerpo m\u00e9dico de la selecci\u00f3n chilena informa que el jugador Alexis S\u00e1nchez ha sido liberado de la convocatoria para la presente fecha FIFA\u00bb. \u00abEl jugador presenta una lesi\u00f3n muscular de bajo grado, cuya recuperaci\u00f3n supera los plazos de la presente concentraci\u00f3n, por lo que no estar\u00e1 disponible para el partido frente a Ecuador\u00bb, se\u00f1al\u00f3 sin otros detalles. La convocatoria del delantero del Udinese hab\u00eda levantado ilusi\u00f3n y expectaci\u00f3n en los aficionados chilenos, sin embargo esas esperanzas comenzaron a diluirse cuando el jugador qued\u00f3 fuera del partido ante Paraguay en Asunci\u00f3n, donde la &#8216;Roja&#8217; perdi\u00f3 1-0 frente a Paraguay. Su ausencia desat\u00f3 todo tipo de rumores y pol\u00e9micas sobre la decisi\u00f3n de convocarlo y el verdadero estado de salud del \u00abNi\u00f1o Maravilla\u00bb, que finalmente se despejaron con el anuncio de su ausencia este mismo lunes. Si el martes Chile no supera a Ecuador, segundo clasificado y autor de una racha de seis partidos son perder en las Eliminatorias, quedar\u00e1 pr\u00e1cticamente sin opciones de llegar al Mundial 2026. Fuente: Primicias<\/p>\n","protected":false},"author":1,"featured_media":22239,"comment_status":"open","ping_status":"open","sticky":false,"template":"","format":"standard","meta":{"footnotes":""},"categories":[6,268],"tags":[],"class_list":["post-22238","post","type-post","status-publish","format-standard","has-post-thumbnail","hentry","category-deportes","category-nacionales"],"_links":{"self":[{"href":"https:\/\/www.elamazonico.com\/portal\/wp-json\/wp\/v2\/posts\/22238","targetHints":{"allow":["GET"]}}],"collection":[{"href":"https:\/\/www.elamazonico.com\/portal\/wp-json\/wp\/v2\/posts"}],"about":[{"href":"https:\/\/www.elamazonico.com\/portal\/wp-json\/wp\/v2\/types\/post"}],"author":[{"embeddable":true,"href":"https:\/\/www.elamazonico.com\/portal\/wp-json\/wp\/v2\/users\/1"}],"replies":[{"embeddable":true,"href":"https:\/\/www.elamazonico.com\/portal\/wp-json\/wp\/v2\/comments?post=22238"}],"version-history":[{"count":1,"href":"https:\/\/www.elamazonico.com\/portal\/wp-json\/wp\/v2\/posts\/22238\/revisions"}],"predecessor-version":[{"id":22240,"href":"https:\/\/www.elamazonico.com\/portal\/wp-json\/wp\/v2\/posts\/22238\/revisions\/22240"}],"wp:featuredmedia":[{"embeddable":true,"href":"https:\/\/www.elamazonico.com\/portal\/wp-json\/wp\/v2\/media\/22239"}],"wp:attachment":[{"href":"https:\/\/www.elamazonico.com\/portal\/wp-json\/wp\/v2\/media?parent=22238"}],"wp:term":[{"taxonomy":"category","embeddable":true,"href":"https:\/\/www.elamazonico.com\/portal\/wp-json\/wp\/v2\/categories?post=22238"},{"taxonomy":"post_tag","embeddable":true,"href":"https:\/\/www.elamazonico.com\/portal\/wp-json\/wp\/v2\/tags?post=22238"}],"curies":[{"name":"wp","href":"https:\/\/api.w.org\/{rel}","templated":true}]}}