{"id":22231,"date":"2025-03-25T06:03:17","date_gmt":"2025-03-25T11:03:17","guid":{"rendered":"https:\/\/www.elamazonico.com\/portal\/?p=22231"},"modified":"2025-03-25T06:03:17","modified_gmt":"2025-03-25T11:03:17","slug":"policia-rechaza-liberacion-del-presunto-asesino-del-capitan-darwin-sinmaleza","status":"publish","type":"post","link":"https:\/\/www.elamazonico.com\/portal\/policia-rechaza-liberacion-del-presunto-asesino-del-capitan-darwin-sinmaleza\/","title":{"rendered":"Polic\u00eda rechaza liberaci\u00f3n del presunto asesino del capit\u00e1n Darwin Sinmaleza"},"content":{"rendered":"<div class=\"paragraph texto\">\n<p class=\"p_0\"><b>La Polic\u00eda rechaz\u00f3 este lunes que jueces de la Sala de la Corte Provincial de Justicia del Ca\u00f1ar, con sede en Azogues, hayan revocado la prisi\u00f3n preventiva dictada en contra de Manuel O., presunto responsable en el asesinato del capit\u00e1n\u00a0<a href=\"https:\/\/www.vistazo.com\/actualidad\/nacional\/2025-02-24-prision-preventiva-presunto-asesino-capitan-policia-darwin-sinmaleza-IL8872659\">Darwin Sinmaleza<\/a>.<\/b><\/p>\n<\/div>\n<div class=\"paragraph texto\">\n<p class=\"p_2\">\u201cEsta medida otorgada al\u00a0<b>implicado<\/b>, bajo las condiciones impuestas (presentarse peri\u00f3dicamente a la Fiscal\u00eda, prohibici\u00f3n de salir del pa\u00eds y prohibici\u00f3n de enajenar bienes)<b>, no garantiza la seguridad jur\u00eddic<\/b>a\u201d, consider\u00f3 la instituci\u00f3n en un comunicado difundido en la red social X, en el que tambi\u00e9n manifest\u00f3<b>\u00a0\u201cprofunda preocupaci\u00f3n\u201d.<\/b><\/p>\n<p class=\"p_3\">El presunto asesino del capit\u00e1n fue\u00a0<b>encarcelado provisionalmente\u00a0<\/b>el 24 de febrero de este a\u00f1o, tras acoger el pedido de la Fiscal\u00eda General del Estado durante la audiencia de formulaci\u00f3n de cargos.<\/p>\n<div>\n<div>\n<div class=\"trv-player-container\">\n<div class=\"trv-wrapper\">\n<div id=\"br_video_player_0dc30612e19f010a488cf8f821d3965a7a4d6079\" class=\"trvd_video_player\">\n<div class=\"media-player\">\n<div class=\"trv-video\">\n<div id=\"truvid_ima_container2550\" class=\"truvid_ima_container trv-ima-container-hidden\">\n<div><\/div>\n<\/div>\n<\/div>\n<\/div>\n<\/div>\n<\/div>\n<\/div>\n<\/div>\n<\/div>\n<div class=\"powered-main\">\n<div class=\"powered-by\">El hecho violento ocurri\u00f3 el pasado 21 de febrero, en el sector San Antonio de Paguancay. Un grupo de polic\u00edas, incluido Sinmaleza, respondieron a una <b>denuncia realizada por el representante de una hacienda<\/b>, quien asegur\u00f3 haber sido<b>\u00a0amenazado con armas de fuego por el procesado y otros dos hombres.<\/b><\/div>\n<\/div>\n<p class=\"p_5\">\u201cDe acuerdo a las diligencias investigativas, los presuntos agresores habr\u00edan exigido que los trabajadores\u00a0<b>abandonaran sus labores en la hacienda<\/b>, advirtiendo que, de lo contrario, atentar\u00edan contra sus vidas\u201d, indic\u00f3 la Fiscal\u00eda durante la audiencia referida.<\/p>\n<\/div>\n<div class=\"multimediaMacroWrapper img lateral\">\n<figure class=\"contentMedia art-img\">\n<div><img fetchpriority=\"high\" decoding=\"async\" class=\" lazyloaded\" title=\"Fotograf\u00eda del entierro de Sinmaleza.\" src=\"https:\/\/www.vistazo.com\/placeholder\/svg\/viewbox\/768x480\" sizes=\"100vw\" srcset=\"\/\/www.vistazo.com\/binrepository\/768x480\/0c0\/0d0\/none\/12727\/LNOO\/heriberto-1200-1000-px-1200-x-12_2093743_20250324231556.png 768w,\/\/www.vistazo.com\/binrepository\/640x400\/0c0\/0d0\/none\/12727\/LNOP\/heriberto-1200-1000-px-1200-x-12_2093743_20250324231556.png 640w,\/\/www.vistazo.com\/binrepository\/512x320\/0c0\/0d0\/none\/12727\/LNOQ\/heriberto-1200-1000-px-1200-x-12_2093743_20250324231556.png 512w,\/\/www.vistazo.com\/binrepository\/384x240\/0c0\/0d0\/none\/12727\/LNOK\/heriberto-1200-1000-px-1200-x-12_2093743_20250324231556.png 384w,\/\/www.vistazo.com\/binrepository\/300x188\/0c0\/0d0\/none\/12727\/LNOT\/heriberto-1200-1000-px-1200-x-12_2093743_20250324231556.png 300w\" alt=\"$!Fotograf\u00eda del entierro de Sinmaleza.\" width=\"768\" height=\"480\" data-srcset=\"\/\/www.vistazo.com\/binrepository\/768x480\/0c0\/0d0\/none\/12727\/LNOO\/heriberto-1200-1000-px-1200-x-12_2093743_20250324231556.png 768w,\/\/www.vistazo.com\/binrepository\/640x400\/0c0\/0d0\/none\/12727\/LNOP\/heriberto-1200-1000-px-1200-x-12_2093743_20250324231556.png 640w,\/\/www.vistazo.com\/binrepository\/512x320\/0c0\/0d0\/none\/12727\/LNOQ\/heriberto-1200-1000-px-1200-x-12_2093743_20250324231556.png 512w,\/\/www.vistazo.com\/binrepository\/384x240\/0c0\/0d0\/none\/12727\/LNOK\/heriberto-1200-1000-px-1200-x-12_2093743_20250324231556.png 384w,\/\/www.vistazo.com\/binrepository\/300x188\/0c0\/0d0\/none\/12727\/LNOT\/heriberto-1200-1000-px-1200-x-12_2093743_20250324231556.png 300w\" \/><\/div>\n<div class=\"cutline-byline\"><span class=\"cutline-text\">Fotograf\u00eda del entierro de Sinmaleza.<\/span><\/div>\n<\/figure>\n<\/div>\n<div class=\"paragraph texto\">\n<p class=\"p_6\">Los uniformados fueron\u00a0<b>atacados con armas de fuego\u00a0<\/b>mientras recorr\u00edan la propiedad. Fue en ese momento cuando<b>\u00a0Sinmaleza muri\u00f3 al recibir disparos<\/b>. Por otro lado, tres polic\u00edas y un trabajador de la haciendo quedaron heridos.<\/p>\n<p class=\"p_8\"><b>Los afectados fueron trasladados a una casa de salud<\/b>, mientras que los agentes continuaron con la b\u00fasqueda de los sospechosos en la zona. En una vivienda cercana al lugar de los hechos, capturaron al ahora procesado e incautaron armas de fuego y tel\u00e9fonos celulares.<\/p>\n<p class=\"p_9\">\u201cLa Instituci\u00f3n Policial emplaza al Consejo de la Judicatura, con la finalidad de que<b>\u00a0se investigue el actuar de los jueces<\/b>, pues la gravedad del delito que se le imputa a Manuel O., un asesinato que cobr\u00f3 la vida de un miembro de la instituci\u00f3n policial, no puede quedar en la impunidad\u201d, agreg\u00f3 en el comunicado.<\/p>\n<\/div>\n","protected":false},"excerpt":{"rendered":"<p>La Polic\u00eda rechaz\u00f3 este lunes que jueces de la Sala de la Corte Provincial de Justicia del Ca\u00f1ar, con sede en Azogues, hayan revocado la prisi\u00f3n preventiva dictada en contra de Manuel O., presunto responsable en el asesinato del capit\u00e1n\u00a0Darwin Sinmaleza. \u201cEsta medida otorgada al\u00a0implicado, bajo las condiciones impuestas (presentarse peri\u00f3dicamente a la Fiscal\u00eda, prohibici\u00f3n de salir del pa\u00eds y prohibici\u00f3n de enajenar bienes), no garantiza la seguridad jur\u00eddica\u201d, consider\u00f3 la instituci\u00f3n en un comunicado difundido en la red social X, en el que tambi\u00e9n manifest\u00f3\u00a0\u201cprofunda preocupaci\u00f3n\u201d. El presunto asesino del capit\u00e1n fue\u00a0encarcelado provisionalmente\u00a0el 24 de febrero de este a\u00f1o, tras acoger el pedido de la Fiscal\u00eda General del Estado durante la audiencia de formulaci\u00f3n de cargos. El hecho violento ocurri\u00f3 el pasado 21 de febrero, en el sector San Antonio de Paguancay. Un grupo de polic\u00edas, incluido Sinmaleza, respondieron a una denuncia realizada por el representante de una hacienda, quien asegur\u00f3 haber sido\u00a0amenazado con armas de fuego por el procesado y otros dos hombres. \u201cDe acuerdo a las diligencias investigativas, los presuntos agresores habr\u00edan exigido que los trabajadores\u00a0abandonaran sus labores en la hacienda, advirtiendo que, de lo contrario, atentar\u00edan contra sus vidas\u201d, indic\u00f3 la Fiscal\u00eda durante la audiencia referida. Fotograf\u00eda del entierro de Sinmaleza. Los uniformados fueron\u00a0atacados con armas de fuego\u00a0mientras recorr\u00edan la propiedad. Fue en ese momento cuando\u00a0Sinmaleza muri\u00f3 al recibir disparos. Por otro lado, tres polic\u00edas y un trabajador de la haciendo quedaron heridos. Los afectados fueron trasladados a una casa de salud, mientras que los agentes continuaron con la b\u00fasqueda de los sospechosos en la zona. En una vivienda cercana al lugar de los hechos, capturaron al ahora procesado e incautaron armas de fuego y tel\u00e9fonos celulares. \u201cLa Instituci\u00f3n Policial emplaza al Consejo de la Judicatura, con la finalidad de que\u00a0se investigue el actuar de los jueces, pues la gravedad del delito que se le imputa a Manuel O., un asesinato que cobr\u00f3 la vida de un miembro de la instituci\u00f3n policial, no puede quedar en la impunidad\u201d, agreg\u00f3 en el comunicado.<\/p>\n","protected":false},"author":1,"featured_media":22232,"comment_status":"open","ping_status":"open","sticky":false,"template":"","format":"standard","meta":{"footnotes":""},"categories":[268],"tags":[],"class_list":["post-22231","post","type-post","status-publish","format-standard","has-post-thumbnail","hentry","category-nacionales"],"_links":{"self":[{"href":"https:\/\/www.elamazonico.com\/portal\/wp-json\/wp\/v2\/posts\/22231","targetHints":{"allow":["GET"]}}],"collection":[{"href":"https:\/\/www.elamazonico.com\/portal\/wp-json\/wp\/v2\/posts"}],"about":[{"href":"https:\/\/www.elamazonico.com\/portal\/wp-json\/wp\/v2\/types\/post"}],"author":[{"embeddable":true,"href":"https:\/\/www.elamazonico.com\/portal\/wp-json\/wp\/v2\/users\/1"}],"replies":[{"embeddable":true,"href":"https:\/\/www.elamazonico.com\/portal\/wp-json\/wp\/v2\/comments?post=22231"}],"version-history":[{"count":1,"href":"https:\/\/www.elamazonico.com\/portal\/wp-json\/wp\/v2\/posts\/22231\/revisions"}],"predecessor-version":[{"id":22233,"href":"https:\/\/www.elamazonico.com\/portal\/wp-json\/wp\/v2\/posts\/22231\/revisions\/22233"}],"wp:featuredmedia":[{"embeddable":true,"href":"https:\/\/www.elamazonico.com\/portal\/wp-json\/wp\/v2\/media\/22232"}],"wp:attachment":[{"href":"https:\/\/www.elamazonico.com\/portal\/wp-json\/wp\/v2\/media?parent=22231"}],"wp:term":[{"taxonomy":"category","embeddable":true,"href":"https:\/\/www.elamazonico.com\/portal\/wp-json\/wp\/v2\/categories?post=22231"},{"taxonomy":"post_tag","embeddable":true,"href":"https:\/\/www.elamazonico.com\/portal\/wp-json\/wp\/v2\/tags?post=22231"}],"curies":[{"name":"wp","href":"https:\/\/api.w.org\/{rel}","templated":true}]}}