{"id":22218,"date":"2025-03-24T16:12:20","date_gmt":"2025-03-24T21:12:20","guid":{"rendered":"https:\/\/www.elamazonico.com\/portal\/?p=22218"},"modified":"2025-03-24T16:12:20","modified_gmt":"2025-03-24T21:12:20","slug":"tce-suspende-derechos-politicos-de-veronica-abad","status":"publish","type":"post","link":"https:\/\/www.elamazonico.com\/portal\/tce-suspende-derechos-politicos-de-veronica-abad\/","title":{"rendered":"TCE suspende derechos pol\u00edticos de Ver\u00f3nica Abad"},"content":{"rendered":"<p>Con tres votos a favor, el Pleno del Tribunal Contencioso Electoral (TCE) ratific\u00f3 este lunes 24 de marzo de 2025\u00a0<strong>la sentencia por violencia pol\u00edtica de g\u00e9nero contra Ver\u00f3nica Abad<\/strong>, tras una denuncia presentada por la canciller Gabriela Sommerfeld.<\/p>\n<p>Con ello,\u00a0<strong>Abad perder\u00e1 sus derechos pol\u00edticos por dos a\u00f1os debido a una \u201cinfracci\u00f3n electoral muy grave\u201d<\/strong>\u00a0y deber\u00e1 pagar una multa de 30 salarios b\u00e1sicos unificados (USD 14.100). Adem\u00e1s tendr\u00e1 que ofrecer disculpas p\u00fablicas a Sommerfeld.<\/p>\n<p>En la resoluci\u00f3n se establece una notificaci\u00f3n al Ministerio de Trabajo,\u00a0<strong>en la cual se ratifica la suspensi\u00f3n de los derechos pol\u00edticos de la accionada y se se\u00f1ala una prohibici\u00f3n de ejercer cargos p\u00fablicos durante la vigencia de la sanci\u00f3n<\/strong>. Tambi\u00e9n se enviar\u00e1n copias hacia el Consejo Nacional Electoral (CNE) para su respectiva exclusi\u00f3n del Registro Electoral.<\/p>\n<p>La sentencia de primera instancia hab\u00eda sido emitida por el juez electoral\u00a0<strong>Guillermo Ortega<\/strong>\u00a0el 27 de febrero de 2025, en la que resolvi\u00f3 que Abad hab\u00eda proferido palabras denigrantes y estereotipos de g\u00e9nero en contra de la canciller a trav\u00e9s de medios escritos y digitales.<\/p>\n<p>La defensa de Abad realiz\u00f3 una apelaci\u00f3n, la cual deb\u00eda resolverse el viernes 21 de marzo de 2025. Ese d\u00eda el Pleno del TCE acept\u00f3 -por unanimidad- un pedido del juez subrogante<strong>\u00a0<\/strong>Richard Gonz\u00e1lez, quien solicit\u00f3 m\u00e1s tiempo para revisar y analizar el proyecto de sentencia.<\/p>\n<p>En la votaci\u00f3n de este lunes se pronunciaron a favor de la ratificaci\u00f3n de la sentencia los jueces electorales<strong>\u00a0Joaqu\u00edn Viteri (ponente), Ivonne Coloma y \u00c1ngel Torres<\/strong>. Los magistrados\u00a0<strong>Fernando Mu\u00f1oz y Richard Gonz\u00e1lez<\/strong>\u00a0mantuvieron un voto salvado.<\/p>\n","protected":false},"excerpt":{"rendered":"<p>Con tres votos a favor, el Pleno del Tribunal Contencioso Electoral (TCE) ratific\u00f3 este lunes 24 de marzo de 2025\u00a0la sentencia por violencia pol\u00edtica de g\u00e9nero contra Ver\u00f3nica Abad, tras una denuncia presentada por la canciller Gabriela Sommerfeld. Con ello,\u00a0Abad perder\u00e1 sus derechos pol\u00edticos por dos a\u00f1os debido a una \u201cinfracci\u00f3n electoral muy grave\u201d\u00a0y deber\u00e1 pagar una multa de 30 salarios b\u00e1sicos unificados (USD 14.100). Adem\u00e1s tendr\u00e1 que ofrecer disculpas p\u00fablicas a Sommerfeld. En la resoluci\u00f3n se establece una notificaci\u00f3n al Ministerio de Trabajo,\u00a0en la cual se ratifica la suspensi\u00f3n de los derechos pol\u00edticos de la accionada y se se\u00f1ala una prohibici\u00f3n de ejercer cargos p\u00fablicos durante la vigencia de la sanci\u00f3n. Tambi\u00e9n se enviar\u00e1n copias hacia el Consejo Nacional Electoral (CNE) para su respectiva exclusi\u00f3n del Registro Electoral. La sentencia de primera instancia hab\u00eda sido emitida por el juez electoral\u00a0Guillermo Ortega\u00a0el 27 de febrero de 2025, en la que resolvi\u00f3 que Abad hab\u00eda proferido palabras denigrantes y estereotipos de g\u00e9nero en contra de la canciller a trav\u00e9s de medios escritos y digitales. La defensa de Abad realiz\u00f3 una apelaci\u00f3n, la cual deb\u00eda resolverse el viernes 21 de marzo de 2025. Ese d\u00eda el Pleno del TCE acept\u00f3 -por unanimidad- un pedido del juez subrogante\u00a0Richard Gonz\u00e1lez, quien solicit\u00f3 m\u00e1s tiempo para revisar y analizar el proyecto de sentencia. En la votaci\u00f3n de este lunes se pronunciaron a favor de la ratificaci\u00f3n de la sentencia los jueces electorales\u00a0Joaqu\u00edn Viteri (ponente), Ivonne Coloma y \u00c1ngel Torres. Los magistrados\u00a0Fernando Mu\u00f1oz y Richard Gonz\u00e1lez\u00a0mantuvieron un voto salvado.<\/p>\n","protected":false},"author":1,"featured_media":22219,"comment_status":"open","ping_status":"open","sticky":false,"template":"","format":"standard","meta":{"footnotes":""},"categories":[268],"tags":[],"class_list":["post-22218","post","type-post","status-publish","format-standard","has-post-thumbnail","hentry","category-nacionales"],"_links":{"self":[{"href":"https:\/\/www.elamazonico.com\/portal\/wp-json\/wp\/v2\/posts\/22218","targetHints":{"allow":["GET"]}}],"collection":[{"href":"https:\/\/www.elamazonico.com\/portal\/wp-json\/wp\/v2\/posts"}],"about":[{"href":"https:\/\/www.elamazonico.com\/portal\/wp-json\/wp\/v2\/types\/post"}],"author":[{"embeddable":true,"href":"https:\/\/www.elamazonico.com\/portal\/wp-json\/wp\/v2\/users\/1"}],"replies":[{"embeddable":true,"href":"https:\/\/www.elamazonico.com\/portal\/wp-json\/wp\/v2\/comments?post=22218"}],"version-history":[{"count":1,"href":"https:\/\/www.elamazonico.com\/portal\/wp-json\/wp\/v2\/posts\/22218\/revisions"}],"predecessor-version":[{"id":22220,"href":"https:\/\/www.elamazonico.com\/portal\/wp-json\/wp\/v2\/posts\/22218\/revisions\/22220"}],"wp:featuredmedia":[{"embeddable":true,"href":"https:\/\/www.elamazonico.com\/portal\/wp-json\/wp\/v2\/media\/22219"}],"wp:attachment":[{"href":"https:\/\/www.elamazonico.com\/portal\/wp-json\/wp\/v2\/media?parent=22218"}],"wp:term":[{"taxonomy":"category","embeddable":true,"href":"https:\/\/www.elamazonico.com\/portal\/wp-json\/wp\/v2\/categories?post=22218"},{"taxonomy":"post_tag","embeddable":true,"href":"https:\/\/www.elamazonico.com\/portal\/wp-json\/wp\/v2\/tags?post=22218"}],"curies":[{"name":"wp","href":"https:\/\/api.w.org\/{rel}","templated":true}]}}