{"id":2211,"date":"2022-01-04T11:24:21","date_gmt":"2022-01-04T16:24:21","guid":{"rendered":"https:\/\/www.elamazonico.com\/portal\/?p=2211"},"modified":"2022-01-04T11:24:28","modified_gmt":"2022-01-04T16:24:28","slug":"no-aumentaran-precios-de-los-combustibles-dice-presidente-guillermo-lasso","status":"publish","type":"post","link":"https:\/\/www.elamazonico.com\/portal\/no-aumentaran-precios-de-los-combustibles-dice-presidente-guillermo-lasso\/","title":{"rendered":"\u201cNo aumentar\u00e1n precios de los combustibles\u201d, dice presidente Guillermo Lasso"},"content":{"rendered":"\n<p>El presidente Guillermo Lasso reiter\u00f3 este martes 4 de enero su rechazo a la posici\u00f3n del dirigente ind\u00edgena de la Confederaci\u00f3n de Nacionalidades Ind\u00edgenas del Ecuador\u00a0<strong>(Conaie),<\/strong>\u00a0<strong>Leonidas Iza<\/strong>, a quien acus\u00f3 de intentar\u00a0<strong>\u201ctumbar el gobierno\u201d.\u00a0<\/strong>Lo hizo durante una entrevista con medios de comunicaci\u00f3n desde el Palacio de Gobierno, en Quito.<\/p>\n\n\n\n<p>Asimismo, aprovech\u00f3 este d\u00eda para asegurar que n<strong>o aumentar\u00e1 los precios de los combustibles, y que no se puede \u201cdar gusto\u201d a cada persona.<\/strong><\/p>\n\n\n\n<p>La negativa del jefe de Estado de reducir los precios de los combustibles como lo han solicitado la Conaie y otros colectivos sociales ha propiciado la&nbsp;<strong>convocatoria a movilizaciones indefinidas<\/strong>, que arrancar\u00e1n este mes. Frente a ello,&nbsp;<strong>Lasso&nbsp;<\/strong>asegur\u00f3 este 4 de enero que no aumentar\u00e1 los precios de los combustibles, y que no se puede \u201cdar gusto\u201d a cada persona.<\/p>\n\n\n\n<p>Lasso, adem\u00e1s, advirti\u00f3 que la intenci\u00f3n de Leonidas Iza, presidente de la Conaie, es \u201ctumbar el gobierno y la democracia\u201d con su llamado a las movilizaciones. Lasso exhort\u00f3 a Iza a \u201cmadurar pol\u00edticamente\u201d.<\/p>\n\n\n\n<p>\u201cLo que quiere Leonidas Iza es defender a los ricos del Ecuador, porque con la reforma tributaria se elevaron impuestos solo al 3 % y se redujo al 97 %. Hemos aumentado el salario b\u00e1sico\u2026 Lo que quiere Iza es tumbar la democracia. Esa es una actitud violenta, inaceptable, no cree en el Estado. Creo que Iza debe madurar pol\u00edticamente y los ecuatorianos deben tener claro que hay un enemigo de la democracia que se llama Leonidas Iza, que es un hombre violento; no est\u00e1 de acuerdo con absolutamente nada\u201d, recrimin\u00f3 el presidente Lasso. (I)<\/p>\n\n\n\n<p>El Metro<\/p>\n","protected":false},"excerpt":{"rendered":"<p>El presidente Guillermo Lasso reiter\u00f3 este martes 4 de enero su rechazo a la posici\u00f3n del dirigente ind\u00edgena de la Confederaci\u00f3n de Nacionalidades Ind\u00edgenas del Ecuador\u00a0(Conaie),\u00a0Leonidas Iza, a quien acus\u00f3 de intentar\u00a0\u201ctumbar el gobierno\u201d.\u00a0Lo hizo durante una entrevista con medios de comunicaci\u00f3n desde el Palacio de Gobierno, en Quito. Asimismo, aprovech\u00f3 este d\u00eda para asegurar que no aumentar\u00e1 los precios de los combustibles, y que no se puede \u201cdar gusto\u201d a cada persona. La negativa del jefe de Estado de reducir los precios de los combustibles como lo han solicitado la Conaie y otros colectivos sociales ha propiciado la&nbsp;convocatoria a movilizaciones indefinidas, que arrancar\u00e1n este mes. Frente a ello,&nbsp;Lasso&nbsp;asegur\u00f3 este 4 de enero que no aumentar\u00e1 los precios de los combustibles, y que no se puede \u201cdar gusto\u201d a cada persona. Lasso, adem\u00e1s, advirti\u00f3 que la intenci\u00f3n de Leonidas Iza, presidente de la Conaie, es \u201ctumbar el gobierno y la democracia\u201d con su llamado a las movilizaciones. Lasso exhort\u00f3 a Iza a \u201cmadurar pol\u00edticamente\u201d. \u201cLo que quiere Leonidas Iza es defender a los ricos del Ecuador, porque con la reforma tributaria se elevaron impuestos solo al 3 % y se redujo al 97 %. Hemos aumentado el salario b\u00e1sico\u2026 Lo que quiere Iza es tumbar la democracia. Esa es una actitud violenta, inaceptable, no cree en el Estado. Creo que Iza debe madurar pol\u00edticamente y los ecuatorianos deben tener claro que hay un enemigo de la democracia que se llama Leonidas Iza, que es un hombre violento; no est\u00e1 de acuerdo con absolutamente nada\u201d, recrimin\u00f3 el presidente Lasso. (I) El Metro<\/p>\n","protected":false},"author":1,"featured_media":2212,"comment_status":"open","ping_status":"open","sticky":false,"template":"","format":"standard","meta":{"footnotes":""},"categories":[268],"tags":[],"class_list":["post-2211","post","type-post","status-publish","format-standard","has-post-thumbnail","hentry","category-nacionales"],"_links":{"self":[{"href":"https:\/\/www.elamazonico.com\/portal\/wp-json\/wp\/v2\/posts\/2211","targetHints":{"allow":["GET"]}}],"collection":[{"href":"https:\/\/www.elamazonico.com\/portal\/wp-json\/wp\/v2\/posts"}],"about":[{"href":"https:\/\/www.elamazonico.com\/portal\/wp-json\/wp\/v2\/types\/post"}],"author":[{"embeddable":true,"href":"https:\/\/www.elamazonico.com\/portal\/wp-json\/wp\/v2\/users\/1"}],"replies":[{"embeddable":true,"href":"https:\/\/www.elamazonico.com\/portal\/wp-json\/wp\/v2\/comments?post=2211"}],"version-history":[{"count":1,"href":"https:\/\/www.elamazonico.com\/portal\/wp-json\/wp\/v2\/posts\/2211\/revisions"}],"predecessor-version":[{"id":2213,"href":"https:\/\/www.elamazonico.com\/portal\/wp-json\/wp\/v2\/posts\/2211\/revisions\/2213"}],"wp:featuredmedia":[{"embeddable":true,"href":"https:\/\/www.elamazonico.com\/portal\/wp-json\/wp\/v2\/media\/2212"}],"wp:attachment":[{"href":"https:\/\/www.elamazonico.com\/portal\/wp-json\/wp\/v2\/media?parent=2211"}],"wp:term":[{"taxonomy":"category","embeddable":true,"href":"https:\/\/www.elamazonico.com\/portal\/wp-json\/wp\/v2\/categories?post=2211"},{"taxonomy":"post_tag","embeddable":true,"href":"https:\/\/www.elamazonico.com\/portal\/wp-json\/wp\/v2\/tags?post=2211"}],"curies":[{"name":"wp","href":"https:\/\/api.w.org\/{rel}","templated":true}]}}