{"id":2208,"date":"2022-01-04T11:05:21","date_gmt":"2022-01-04T16:05:21","guid":{"rendered":"https:\/\/www.elamazonico.com\/portal\/?p=2208"},"modified":"2022-01-04T11:05:25","modified_gmt":"2022-01-04T16:05:25","slug":"ecuador-preve-que-nuevo-pico-de-contagios-se-extienda-hasta-mediados-de-enero","status":"publish","type":"post","link":"https:\/\/www.elamazonico.com\/portal\/ecuador-preve-que-nuevo-pico-de-contagios-se-extienda-hasta-mediados-de-enero\/","title":{"rendered":"Ecuador prev\u00e9 que nuevo pico de contagios se extienda hasta mediados de enero"},"content":{"rendered":"\n<p>Ecuador registra un nuevo pico de contagios de COVID-19 a ra\u00edz de las \u00faltimas fiestas locales y navide\u00f1as, que espera se prolongue hasta mediados de enero, lo que ha llevado a las autoridades a reducir el&nbsp;<strong>aforo laboral al 50 %<\/strong>&nbsp;en el sector p\u00fablico.<\/p>\n\n\n\n<p>Tras dejar atr\u00e1s las festividades, los organismos oficiales hicieron este lunes un balance de la situaci\u00f3n para conocer el impacto de las aglomeraciones p\u00fablicas y celebraciones familiares, que en diciembre han triplicado los contagios hasta los 21.730 casos.<\/p>\n\n\n\n<p>Seg\u00fan las estad\u00edsticas oficiales, en octubre se contabilizaron 6.643 casos y en noviembre 9.158.<\/p>\n\n\n\n<p>\u00abTenemos un aumento de casos, es un aumento muy sensible, y esto se refleja en una positividad viral tambi\u00e9n aumentada\u00bb, reconoci\u00f3 la ministra de Salud P\u00fablica,<strong>&nbsp;Ximena Garz\u00f3n<\/strong>.<\/p>\n\n\n\n<p>Pero advirti\u00f3 que a\u00fan es pronto para conclusiones porque el ciclo de contagio iniciado a principios del mes pasado tiene a\u00fan alg\u00fan trecho.<\/p>\n\n\n\n<p>Tambi\u00e9n en los fallecimientos hay un incremento en el \u00faltimo trimestre -189 en octubre, 316 en noviembre y 366 en diciembre- aunque Garz\u00f3n aclar\u00f3 que la presi\u00f3n sobre los hospitales y en particular las UCI, no es paralelo a los contagios, producto de la masiva vacunaci\u00f3n a lo largo de 2021 que ha servido de escudo.<\/p>\n\n\n\n<p>La titular sanitaria aclar\u00f3 que \u00ablas personas que han recibido una sola dosis, o que no tienen ninguna, son las que est\u00e1n llegando a hospitalizaci\u00f3n y requieren cuidados intensivos\u00bb.<\/p>\n\n\n\n<p><strong>QUITO Y GUAYAQUIL LAS M\u00c1S AFECTADAS<\/strong><\/p>\n\n\n\n<p>Las dos ciudades m\u00e1s afectadas son Quito y Guayaquil, las m\u00e1s pobladas del pa\u00eds con alrededor de tres millones de habitantes cada una, y por provincias Guayas, Pichincha, Manab\u00ed, Pastaza y Tungurahua.<\/p>\n\n\n\n<p>Las autoridades de&nbsp;<strong>Guayaquil&nbsp;<\/strong>alertaron este lunes de un \u00abalza acelerada\u00bb con m\u00e1s de 1.700 contagios en la \u00faltima semana de 2021.<\/p>\n\n\n\n<p>Seg\u00fan la informaci\u00f3n ofrecida por el Comit\u00e9 de Operaciones de Emergencia (COE) de la ciudad, las muertes por COVID-19 pasaron de 3 a 5,1 al d\u00eda y el \u00edndice de contagios se ha situado en 5,7 por cada 10.000 habitantes, cuando hace apenas 10 semanas estaba en 0,1.<\/p>\n\n\n\n<p>El director de la Mesa de Salud del COE local, Carlos Farhat, advirti\u00f3 que \u00abde todos los hisopados que se han realizado en estos \u00faltimos d\u00edas en los puntos municipales, el 25 % sale positivo\u00bb.<\/p>\n\n\n\n<p><strong>MEDIDAS PREVENTIVAS<\/strong><\/p>\n\n\n\n<p>A la espera del impacto de los contagios, el COE-Nacional resolvi\u00f3 este lunes limitar al 50 % el aforo en los lugares p\u00fablicos de trabajo y pedir una decisi\u00f3n similar al sector privado.<\/p>\n\n\n\n<p>\u00abLo hacemos por responsabilidad, debemos seguir atendiendo al p\u00fablico pero es importante que la bioseguridad nos acompa\u00f1e a todos los ecuatorianos\u00bb, manifest\u00f3 el ministro de Trabajo, Patricio Donoso, tras la reuni\u00f3n de ese organismo.<\/p>\n\n\n\n<p>Garz\u00f3n inst\u00f3 a medidas m\u00e1s estrictas en los lugares de trabajo y a aquellos que a\u00fan no tienen la pauta completa que acudan a vacunarse porque la positividad ha crecido al 20 % en el caso de las PCR y al 31 % en pruebas de ant\u00edgenos, y los excesos de mortalidad del 9,2 % en noviembre al 13,8 % en diciembre.<\/p>\n\n\n\n<p>Seg\u00fan las estad\u00edsticas oficiales, Ecuador cerr\u00f3 2021 con 549.418 casos de contagio acumulados desde el inicio de la pandemia, un crecimiento de unos 337.000 con respecto al a\u00f1o anterior; y un total de fallecidos de 9.888 personas, entre confirmados por el virus y \u00abprobables\u00bb, en comparaci\u00f3n con los 23.793 de 2020.<\/p>\n\n\n\n<p>Las autoridades informaron que la variante \u00d3micron registra 68 casos en 6 provincias.<\/p>\n\n\n\n<p><strong>COLAS PARA PRUEBAS DIAGN\u00d3STICAS<\/strong><\/p>\n\n\n\n<p>En este primer d\u00eda laborable del a\u00f1o las colas para las pruebas diagn\u00f3sticas de COVID-19 fueron la t\u00f3nica desde primera hora de la ma\u00f1ana en la capital y tambi\u00e9n en Guayaquil.<\/p>\n\n\n\n<p>Tanto si se trataba de test en el interior de los veh\u00edculos junto a grandes centros comerciales, como de forma particular a pie de calle, las largas esperas marcaron la pauta, rondando entre una y dos horas como m\u00ednimo.<\/p>\n\n\n\n<p>Un facultativo de uno de los puestos vehiculares para pruebas de detecci\u00f3n de la COVID-19 en el norte de Quito explic\u00f3 a Efe que en los \u00faltimos d\u00edas se han multiplicado las solicitudes y rondan las 250 diarias.<\/p>\n\n\n\n<p>Por otro lado, en los puntos habilitados por las autoridades sanitarias para aquellas personas con s\u00edntomas o contacto con positivos las colas para realizar los ex\u00e1menes en el sur de Quito se extend\u00edan varias manzanas.<\/p>\n\n\n\n<p>Algunos centros escolares particulares han solicitado por protocolo pruebas PCR o de ant\u00edgenos para que los estudiantes puedan regresar a las aulas, mientras que en otros casos establecimientos educativos, entre ellos guarder\u00edas, han retrasado el retorno presencial de sus escolares, autorizado por el Ministerio de Educaci\u00f3n.<\/p>\n","protected":false},"excerpt":{"rendered":"<p>Ecuador registra un nuevo pico de contagios de COVID-19 a ra\u00edz de las \u00faltimas fiestas locales y navide\u00f1as, que espera se prolongue hasta mediados de enero, lo que ha llevado a las autoridades a reducir el&nbsp;aforo laboral al 50 %&nbsp;en el sector p\u00fablico. Tras dejar atr\u00e1s las festividades, los organismos oficiales hicieron este lunes un balance de la situaci\u00f3n para conocer el impacto de las aglomeraciones p\u00fablicas y celebraciones familiares, que en diciembre han triplicado los contagios hasta los 21.730 casos. Seg\u00fan las estad\u00edsticas oficiales, en octubre se contabilizaron 6.643 casos y en noviembre 9.158. \u00abTenemos un aumento de casos, es un aumento muy sensible, y esto se refleja en una positividad viral tambi\u00e9n aumentada\u00bb, reconoci\u00f3 la ministra de Salud P\u00fablica,&nbsp;Ximena Garz\u00f3n. Pero advirti\u00f3 que a\u00fan es pronto para conclusiones porque el ciclo de contagio iniciado a principios del mes pasado tiene a\u00fan alg\u00fan trecho. Tambi\u00e9n en los fallecimientos hay un incremento en el \u00faltimo trimestre -189 en octubre, 316 en noviembre y 366 en diciembre- aunque Garz\u00f3n aclar\u00f3 que la presi\u00f3n sobre los hospitales y en particular las UCI, no es paralelo a los contagios, producto de la masiva vacunaci\u00f3n a lo largo de 2021 que ha servido de escudo. La titular sanitaria aclar\u00f3 que \u00ablas personas que han recibido una sola dosis, o que no tienen ninguna, son las que est\u00e1n llegando a hospitalizaci\u00f3n y requieren cuidados intensivos\u00bb. QUITO Y GUAYAQUIL LAS M\u00c1S AFECTADAS Las dos ciudades m\u00e1s afectadas son Quito y Guayaquil, las m\u00e1s pobladas del pa\u00eds con alrededor de tres millones de habitantes cada una, y por provincias Guayas, Pichincha, Manab\u00ed, Pastaza y Tungurahua. Las autoridades de&nbsp;Guayaquil&nbsp;alertaron este lunes de un \u00abalza acelerada\u00bb con m\u00e1s de 1.700 contagios en la \u00faltima semana de 2021. Seg\u00fan la informaci\u00f3n ofrecida por el Comit\u00e9 de Operaciones de Emergencia (COE) de la ciudad, las muertes por COVID-19 pasaron de 3 a 5,1 al d\u00eda y el \u00edndice de contagios se ha situado en 5,7 por cada 10.000 habitantes, cuando hace apenas 10 semanas estaba en 0,1. El director de la Mesa de Salud del COE local, Carlos Farhat, advirti\u00f3 que \u00abde todos los hisopados que se han realizado en estos \u00faltimos d\u00edas en los puntos municipales, el 25 % sale positivo\u00bb. MEDIDAS PREVENTIVAS A la espera del impacto de los contagios, el COE-Nacional resolvi\u00f3 este lunes limitar al 50 % el aforo en los lugares p\u00fablicos de trabajo y pedir una decisi\u00f3n similar al sector privado. \u00abLo hacemos por responsabilidad, debemos seguir atendiendo al p\u00fablico pero es importante que la bioseguridad nos acompa\u00f1e a todos los ecuatorianos\u00bb, manifest\u00f3 el ministro de Trabajo, Patricio Donoso, tras la reuni\u00f3n de ese organismo. Garz\u00f3n inst\u00f3 a medidas m\u00e1s estrictas en los lugares de trabajo y a aquellos que a\u00fan no tienen la pauta completa que acudan a vacunarse porque la positividad ha crecido al 20 % en el caso de las PCR y al 31 % en pruebas de ant\u00edgenos, y los excesos de mortalidad del 9,2 % en noviembre al 13,8 % en diciembre. Seg\u00fan las estad\u00edsticas oficiales, Ecuador cerr\u00f3 2021 con 549.418 casos de contagio acumulados desde el inicio de la pandemia, un crecimiento de unos 337.000 con respecto al a\u00f1o anterior; y un total de fallecidos de 9.888 personas, entre confirmados por el virus y \u00abprobables\u00bb, en comparaci\u00f3n con los 23.793 de 2020. Las autoridades informaron que la variante \u00d3micron registra 68 casos en 6 provincias. COLAS PARA PRUEBAS DIAGN\u00d3STICAS En este primer d\u00eda laborable del a\u00f1o las colas para las pruebas diagn\u00f3sticas de COVID-19 fueron la t\u00f3nica desde primera hora de la ma\u00f1ana en la capital y tambi\u00e9n en Guayaquil. Tanto si se trataba de test en el interior de los veh\u00edculos junto a grandes centros comerciales, como de forma particular a pie de calle, las largas esperas marcaron la pauta, rondando entre una y dos horas como m\u00ednimo. Un facultativo de uno de los puestos vehiculares para pruebas de detecci\u00f3n de la COVID-19 en el norte de Quito explic\u00f3 a Efe que en los \u00faltimos d\u00edas se han multiplicado las solicitudes y rondan las 250 diarias. Por otro lado, en los puntos habilitados por las autoridades sanitarias para aquellas personas con s\u00edntomas o contacto con positivos las colas para realizar los ex\u00e1menes en el sur de Quito se extend\u00edan varias manzanas. Algunos centros escolares particulares han solicitado por protocolo pruebas PCR o de ant\u00edgenos para que los estudiantes puedan regresar a las aulas, mientras que en otros casos establecimientos educativos, entre ellos guarder\u00edas, han retrasado el retorno presencial de sus escolares, autorizado por el Ministerio de Educaci\u00f3n.<\/p>\n","protected":false},"author":1,"featured_media":2209,"comment_status":"open","ping_status":"open","sticky":false,"template":"","format":"standard","meta":{"footnotes":""},"categories":[268],"tags":[],"class_list":["post-2208","post","type-post","status-publish","format-standard","has-post-thumbnail","hentry","category-nacionales"],"_links":{"self":[{"href":"https:\/\/www.elamazonico.com\/portal\/wp-json\/wp\/v2\/posts\/2208","targetHints":{"allow":["GET"]}}],"collection":[{"href":"https:\/\/www.elamazonico.com\/portal\/wp-json\/wp\/v2\/posts"}],"about":[{"href":"https:\/\/www.elamazonico.com\/portal\/wp-json\/wp\/v2\/types\/post"}],"author":[{"embeddable":true,"href":"https:\/\/www.elamazonico.com\/portal\/wp-json\/wp\/v2\/users\/1"}],"replies":[{"embeddable":true,"href":"https:\/\/www.elamazonico.com\/portal\/wp-json\/wp\/v2\/comments?post=2208"}],"version-history":[{"count":1,"href":"https:\/\/www.elamazonico.com\/portal\/wp-json\/wp\/v2\/posts\/2208\/revisions"}],"predecessor-version":[{"id":2210,"href":"https:\/\/www.elamazonico.com\/portal\/wp-json\/wp\/v2\/posts\/2208\/revisions\/2210"}],"wp:featuredmedia":[{"embeddable":true,"href":"https:\/\/www.elamazonico.com\/portal\/wp-json\/wp\/v2\/media\/2209"}],"wp:attachment":[{"href":"https:\/\/www.elamazonico.com\/portal\/wp-json\/wp\/v2\/media?parent=2208"}],"wp:term":[{"taxonomy":"category","embeddable":true,"href":"https:\/\/www.elamazonico.com\/portal\/wp-json\/wp\/v2\/categories?post=2208"},{"taxonomy":"post_tag","embeddable":true,"href":"https:\/\/www.elamazonico.com\/portal\/wp-json\/wp\/v2\/tags?post=2208"}],"curies":[{"name":"wp","href":"https:\/\/api.w.org\/{rel}","templated":true}]}}