{"id":2205,"date":"2022-01-04T11:00:07","date_gmt":"2022-01-04T16:00:07","guid":{"rendered":"https:\/\/www.elamazonico.com\/portal\/?p=2205"},"modified":"2022-01-04T11:00:13","modified_gmt":"2022-01-04T16:00:13","slug":"reforma-a-ley-minera-determina-sanciones-a-la-mineria-ilegal","status":"publish","type":"post","link":"https:\/\/www.elamazonico.com\/portal\/reforma-a-ley-minera-determina-sanciones-a-la-mineria-ilegal\/","title":{"rendered":"Reforma a ley minera determina sanciones a la miner\u00eda ilegal"},"content":{"rendered":"\n<p>Washington Varela, presidente de la Comisi\u00f3n de Biodiversidad y Recursos Naturales, a prop\u00f3sito de la reforma a la Ley de Miner\u00eda, dijo que determina&nbsp;sanciones a quienes se dedican a la miner\u00eda ilegal, la protecci\u00f3n de los derechos humanos y la naturaleza. Se espera contar con los votos necesarios para su aprobaci\u00f3n.<\/p>\n\n\n\n<p>La reforma a la Ley de Miner\u00eda promueve la transparencia de la informaci\u00f3n, un manejo adecuado de las regal\u00edas producto de la actividad minera; mayor protecci\u00f3n de los derechos de la naturaleza; adecuada aplicaci\u00f3n de la consulta prelegislativa y desarrollo normativo de la consulta previa, libre e informada; garantiza la capacitaci\u00f3n al personal; dispone el trabajo preferente en las zonas donde se realizan los proyectos mineros y obliga a las empresas a dar un tratamiento de las aguas. (PMB)<\/p>\n","protected":false},"excerpt":{"rendered":"<p>Washington Varela, presidente de la Comisi\u00f3n de Biodiversidad y Recursos Naturales, a prop\u00f3sito de la reforma a la Ley de Miner\u00eda, dijo que determina&nbsp;sanciones a quienes se dedican a la miner\u00eda ilegal, la protecci\u00f3n de los derechos humanos y la naturaleza. Se espera contar con los votos necesarios para su aprobaci\u00f3n. La reforma a la Ley de Miner\u00eda promueve la transparencia de la informaci\u00f3n, un manejo adecuado de las regal\u00edas producto de la actividad minera; mayor protecci\u00f3n de los derechos de la naturaleza; adecuada aplicaci\u00f3n de la consulta prelegislativa y desarrollo normativo de la consulta previa, libre e informada; garantiza la capacitaci\u00f3n al personal; dispone el trabajo preferente en las zonas donde se realizan los proyectos mineros y obliga a las empresas a dar un tratamiento de las aguas. (PMB)<\/p>\n","protected":false},"author":1,"featured_media":2206,"comment_status":"open","ping_status":"open","sticky":false,"template":"","format":"standard","meta":{"footnotes":""},"categories":[268],"tags":[],"class_list":["post-2205","post","type-post","status-publish","format-standard","has-post-thumbnail","hentry","category-nacionales"],"_links":{"self":[{"href":"https:\/\/www.elamazonico.com\/portal\/wp-json\/wp\/v2\/posts\/2205","targetHints":{"allow":["GET"]}}],"collection":[{"href":"https:\/\/www.elamazonico.com\/portal\/wp-json\/wp\/v2\/posts"}],"about":[{"href":"https:\/\/www.elamazonico.com\/portal\/wp-json\/wp\/v2\/types\/post"}],"author":[{"embeddable":true,"href":"https:\/\/www.elamazonico.com\/portal\/wp-json\/wp\/v2\/users\/1"}],"replies":[{"embeddable":true,"href":"https:\/\/www.elamazonico.com\/portal\/wp-json\/wp\/v2\/comments?post=2205"}],"version-history":[{"count":1,"href":"https:\/\/www.elamazonico.com\/portal\/wp-json\/wp\/v2\/posts\/2205\/revisions"}],"predecessor-version":[{"id":2207,"href":"https:\/\/www.elamazonico.com\/portal\/wp-json\/wp\/v2\/posts\/2205\/revisions\/2207"}],"wp:featuredmedia":[{"embeddable":true,"href":"https:\/\/www.elamazonico.com\/portal\/wp-json\/wp\/v2\/media\/2206"}],"wp:attachment":[{"href":"https:\/\/www.elamazonico.com\/portal\/wp-json\/wp\/v2\/media?parent=2205"}],"wp:term":[{"taxonomy":"category","embeddable":true,"href":"https:\/\/www.elamazonico.com\/portal\/wp-json\/wp\/v2\/categories?post=2205"},{"taxonomy":"post_tag","embeddable":true,"href":"https:\/\/www.elamazonico.com\/portal\/wp-json\/wp\/v2\/tags?post=2205"}],"curies":[{"name":"wp","href":"https:\/\/api.w.org\/{rel}","templated":true}]}}