{"id":21941,"date":"2025-03-12T04:01:03","date_gmt":"2025-03-12T09:01:03","guid":{"rendered":"https:\/\/www.elamazonico.com\/portal\/?p=21941"},"modified":"2025-03-11T21:02:29","modified_gmt":"2025-03-12T02:02:29","slug":"gad-parroquial-de-panguintza-fortalece-la-produccion-de-guanabana-con-exitoso-taller-tecnico","status":"publish","type":"post","link":"https:\/\/www.elamazonico.com\/portal\/gad-parroquial-de-panguintza-fortalece-la-produccion-de-guanabana-con-exitoso-taller-tecnico\/","title":{"rendered":"GAD Parroquial de Panguintza fortalece la producci\u00f3n de guan\u00e1bana con exitoso taller t\u00e9cnico"},"content":{"rendered":"<p data-start=\"132\" data-end=\"474\">El <strong data-start=\"135\" data-end=\"211\">Gobierno Aut\u00f3nomo Descentralizado Parroquial Rural (GADPR) de Panguintza<\/strong> llev\u00f3 a cabo con \u00e9xito el <strong data-start=\"238\" data-end=\"289\">taller sobre el manejo adecuado de la guan\u00e1bana<\/strong>, dirigido a los productores de la parroquia. La capacitaci\u00f3n abord\u00f3 aspectos clave para optimizar la producci\u00f3n y mejorar la calidad del cultivo, destacando temas fundamentales como:<\/p>\n<p data-start=\"476\" data-end=\"597\">\u2705 Manejo t\u00e9cnico de la guan\u00e1bana.<br data-start=\"509\" data-end=\"512\" \/>\u2705 Control de plagas y enfermedades.<br data-start=\"547\" data-end=\"550\" \/>\u2705 Fertilizaci\u00f3n y polinizaci\u00f3n de las flores.<\/p>\n<p data-start=\"599\" data-end=\"947\">Durante la jornada, se enfatiz\u00f3 en la aplicaci\u00f3n de <strong data-start=\"651\" data-end=\"687\">Buenas Pr\u00e1cticas Agr\u00edcolas (BPA)<\/strong>, as\u00ed como en estrategias efectivas para incrementar la rentabilidad y sostenibilidad de la producci\u00f3n. La actividad se desarroll\u00f3 en el <strong data-start=\"824\" data-end=\"883\">sector de Piuntza, en la finca del se\u00f1or Amable Quezada<\/strong>, contando con la participaci\u00f3n activa de productores locales.<\/p>\n<p data-start=\"949\" data-end=\"1376\">M\u00f3nica \u00c1lvarez, representante del <strong data-start=\"983\" data-end=\"1001\">GAD Parroquial<\/strong>, expres\u00f3 su agradecimiento a los asistentes y al apoyo brindado por la <strong data-start=\"1073\" data-end=\"1100\">Asociaci\u00f3n Salud y Vida<\/strong>, as\u00ed como por productores independientes que se sumaron a esta iniciativa. Este tipo de capacitaciones refuerzan el compromiso con el desarrollo agr\u00edcola de la parroquia, promoviendo t\u00e9cnicas innovadoras y sostenibles que benefician a los productores y a la econom\u00eda local.<\/p>\n<p data-start=\"1378\" data-end=\"1573\">El <strong data-start=\"1381\" data-end=\"1404\">GADPR de Panguintza<\/strong> continuar\u00e1 impulsando programas de fortalecimiento agr\u00edcola que contribuyan al crecimiento del sector productivo y a la mejora de las condiciones de los agricultores.<\/p>\n","protected":false},"excerpt":{"rendered":"<p>El Gobierno Aut\u00f3nomo Descentralizado Parroquial Rural (GADPR) de Panguintza llev\u00f3 a cabo con \u00e9xito el taller sobre el manejo adecuado de la guan\u00e1bana, dirigido a los productores de la parroquia. La capacitaci\u00f3n abord\u00f3 aspectos clave para optimizar la producci\u00f3n y mejorar la calidad del cultivo, destacando temas fundamentales como: \u2705 Manejo t\u00e9cnico de la guan\u00e1bana.\u2705 Control de plagas y enfermedades.\u2705 Fertilizaci\u00f3n y polinizaci\u00f3n de las flores. Durante la jornada, se enfatiz\u00f3 en la aplicaci\u00f3n de Buenas Pr\u00e1cticas Agr\u00edcolas (BPA), as\u00ed como en estrategias efectivas para incrementar la rentabilidad y sostenibilidad de la producci\u00f3n. La actividad se desarroll\u00f3 en el sector de Piuntza, en la finca del se\u00f1or Amable Quezada, contando con la participaci\u00f3n activa de productores locales. M\u00f3nica \u00c1lvarez, representante del GAD Parroquial, expres\u00f3 su agradecimiento a los asistentes y al apoyo brindado por la Asociaci\u00f3n Salud y Vida, as\u00ed como por productores independientes que se sumaron a esta iniciativa. Este tipo de capacitaciones refuerzan el compromiso con el desarrollo agr\u00edcola de la parroquia, promoviendo t\u00e9cnicas innovadoras y sostenibles que benefician a los productores y a la econom\u00eda local. El GADPR de Panguintza continuar\u00e1 impulsando programas de fortalecimiento agr\u00edcola que contribuyan al crecimiento del sector productivo y a la mejora de las condiciones de los agricultores.<\/p>\n","protected":false},"author":1,"featured_media":21942,"comment_status":"open","ping_status":"open","sticky":false,"template":"","format":"standard","meta":{"footnotes":""},"categories":[243],"tags":[],"class_list":["post-21941","post","type-post","status-publish","format-standard","has-post-thumbnail","hentry","category-noticias-zamora"],"_links":{"self":[{"href":"https:\/\/www.elamazonico.com\/portal\/wp-json\/wp\/v2\/posts\/21941","targetHints":{"allow":["GET"]}}],"collection":[{"href":"https:\/\/www.elamazonico.com\/portal\/wp-json\/wp\/v2\/posts"}],"about":[{"href":"https:\/\/www.elamazonico.com\/portal\/wp-json\/wp\/v2\/types\/post"}],"author":[{"embeddable":true,"href":"https:\/\/www.elamazonico.com\/portal\/wp-json\/wp\/v2\/users\/1"}],"replies":[{"embeddable":true,"href":"https:\/\/www.elamazonico.com\/portal\/wp-json\/wp\/v2\/comments?post=21941"}],"version-history":[{"count":1,"href":"https:\/\/www.elamazonico.com\/portal\/wp-json\/wp\/v2\/posts\/21941\/revisions"}],"predecessor-version":[{"id":21943,"href":"https:\/\/www.elamazonico.com\/portal\/wp-json\/wp\/v2\/posts\/21941\/revisions\/21943"}],"wp:featuredmedia":[{"embeddable":true,"href":"https:\/\/www.elamazonico.com\/portal\/wp-json\/wp\/v2\/media\/21942"}],"wp:attachment":[{"href":"https:\/\/www.elamazonico.com\/portal\/wp-json\/wp\/v2\/media?parent=21941"}],"wp:term":[{"taxonomy":"category","embeddable":true,"href":"https:\/\/www.elamazonico.com\/portal\/wp-json\/wp\/v2\/categories?post=21941"},{"taxonomy":"post_tag","embeddable":true,"href":"https:\/\/www.elamazonico.com\/portal\/wp-json\/wp\/v2\/tags?post=21941"}],"curies":[{"name":"wp","href":"https:\/\/api.w.org\/{rel}","templated":true}]}}