{"id":21848,"date":"2025-03-07T21:21:16","date_gmt":"2025-03-08T02:21:16","guid":{"rendered":"https:\/\/www.elamazonico.com\/portal\/?p=21848"},"modified":"2025-03-07T21:21:16","modified_gmt":"2025-03-08T02:21:16","slug":"se-restablece-el-servicio-de-matriculacion-vehicular-en-zamora-desde-el-lunes-10-de-marzo","status":"publish","type":"post","link":"https:\/\/www.elamazonico.com\/portal\/se-restablece-el-servicio-de-matriculacion-vehicular-en-zamora-desde-el-lunes-10-de-marzo\/","title":{"rendered":"Se restablece el servicio de matriculaci\u00f3n vehicular en Zamora desde el lunes 10 de marzo"},"content":{"rendered":"<p>La Unidad Municipal de Tr\u00e1nsito de Zamora informa a la ciudadan\u00eda que, a partir del lunes 10 de marzo de 2025, se reanudar\u00e1 el proceso de matriculaci\u00f3n vehicular en el cant\u00f3n Zamora, luego de varios meses de suspensi\u00f3n del servicio.<\/p>\n<p>Gracias a las gestiones realizadas en los \u00faltimos d\u00edas, se han obtenido las claves y autorizaciones necesarias para garantizar un tr\u00e1mite \u00e1gil, seguro y eficiente para los usuarios. Este avance representa un importante beneficio para la comunidad, permitiendo regularizar la situaci\u00f3n vehicular de los propietarios en el cant\u00f3n.<\/p>\n<p>El alcalde de Zamora, Manuel Gonz\u00e1lez, extiende una invitaci\u00f3n a todos los ciudadanos de la provincia a hacer uso de los servicios que ofrece la Unidad Municipal de Tr\u00e1nsito de Zamora y a cumplir con este requisito obligatorio para la circulaci\u00f3n vehicular.<\/p>\n","protected":false},"excerpt":{"rendered":"<p>La Unidad Municipal de Tr\u00e1nsito de Zamora informa a la ciudadan\u00eda que, a partir del lunes 10 de marzo de 2025, se reanudar\u00e1 el proceso de matriculaci\u00f3n vehicular en el cant\u00f3n Zamora, luego de varios meses de suspensi\u00f3n del servicio. Gracias a las gestiones realizadas en los \u00faltimos d\u00edas, se han obtenido las claves y autorizaciones necesarias para garantizar un tr\u00e1mite \u00e1gil, seguro y eficiente para los usuarios. Este avance representa un importante beneficio para la comunidad, permitiendo regularizar la situaci\u00f3n vehicular de los propietarios en el cant\u00f3n. El alcalde de Zamora, Manuel Gonz\u00e1lez, extiende una invitaci\u00f3n a todos los ciudadanos de la provincia a hacer uso de los servicios que ofrece la Unidad Municipal de Tr\u00e1nsito de Zamora y a cumplir con este requisito obligatorio para la circulaci\u00f3n vehicular.<\/p>\n","protected":false},"author":1,"featured_media":21849,"comment_status":"open","ping_status":"open","sticky":false,"template":"","format":"standard","meta":{"footnotes":""},"categories":[243],"tags":[],"class_list":["post-21848","post","type-post","status-publish","format-standard","has-post-thumbnail","hentry","category-noticias-zamora"],"_links":{"self":[{"href":"https:\/\/www.elamazonico.com\/portal\/wp-json\/wp\/v2\/posts\/21848","targetHints":{"allow":["GET"]}}],"collection":[{"href":"https:\/\/www.elamazonico.com\/portal\/wp-json\/wp\/v2\/posts"}],"about":[{"href":"https:\/\/www.elamazonico.com\/portal\/wp-json\/wp\/v2\/types\/post"}],"author":[{"embeddable":true,"href":"https:\/\/www.elamazonico.com\/portal\/wp-json\/wp\/v2\/users\/1"}],"replies":[{"embeddable":true,"href":"https:\/\/www.elamazonico.com\/portal\/wp-json\/wp\/v2\/comments?post=21848"}],"version-history":[{"count":1,"href":"https:\/\/www.elamazonico.com\/portal\/wp-json\/wp\/v2\/posts\/21848\/revisions"}],"predecessor-version":[{"id":21850,"href":"https:\/\/www.elamazonico.com\/portal\/wp-json\/wp\/v2\/posts\/21848\/revisions\/21850"}],"wp:featuredmedia":[{"embeddable":true,"href":"https:\/\/www.elamazonico.com\/portal\/wp-json\/wp\/v2\/media\/21849"}],"wp:attachment":[{"href":"https:\/\/www.elamazonico.com\/portal\/wp-json\/wp\/v2\/media?parent=21848"}],"wp:term":[{"taxonomy":"category","embeddable":true,"href":"https:\/\/www.elamazonico.com\/portal\/wp-json\/wp\/v2\/categories?post=21848"},{"taxonomy":"post_tag","embeddable":true,"href":"https:\/\/www.elamazonico.com\/portal\/wp-json\/wp\/v2\/tags?post=21848"}],"curies":[{"name":"wp","href":"https:\/\/api.w.org\/{rel}","templated":true}]}}