{"id":21802,"date":"2025-03-06T11:51:57","date_gmt":"2025-03-06T16:51:57","guid":{"rendered":"https:\/\/www.elamazonico.com\/portal\/?p=21802"},"modified":"2025-03-06T11:51:57","modified_gmt":"2025-03-06T16:51:57","slug":"europa-se-cansa-de-las-amenazas-de-trump-y-busca-dinero-para-defender-a-ucrania-y-al-continente","status":"publish","type":"post","link":"https:\/\/www.elamazonico.com\/portal\/europa-se-cansa-de-las-amenazas-de-trump-y-busca-dinero-para-defender-a-ucrania-y-al-continente\/","title":{"rendered":"Europa se cansa de las amenazas de Trump y busca dinero para defender a Ucrania y al continente"},"content":{"rendered":"<p>La guerra arancelaria, las amenazas por la guerra en Ucrania y las acusaciones del presidente de Estados Unidos, Donald Trump, parece que han cansado a Europa, que este 6 de marzo se re\u00fane en una cumbre de defensa del continente.<\/p>\n<p>Seg\u00fan los principales l\u00edderes\u00a0de la Uni\u00f3n Europea (UE), el deseo del bloque es rearmarse e impulsar su propia capacidad de defensa.<\/p>\n<p>Esto ocurre mientras que el presidente de Ucrania, Volodimir Zelenski, agradeci\u00f3 a los l\u00edderes europeos por no dejar a Kiev \u00absola\u00bb.<\/p>\n<p><strong>Europa quiere gastar m\u00e1s en defensa<\/strong><br \/>\nEl primer ministro polaco, Donald Tusk, afirm\u00f3 que \u00abEuropa ha perdido mucho tiempo pero todo puede cambiar hoy\u00bb, e hizo un llamamiento para \u00abretomar la carrera armament\u00edstica con Rusia\u00bb y \u00abganarla\u00bb.<\/p>\n<p>El canciller saliente de Alemania, Olaf Scholz, defendi\u00f3 la necesidad de que la Uni\u00f3n Europea modifique sus reglas de estabilidad presupuestaria para que los Veintisiete (como se conoce al grupo de los pa\u00edses del bloque) puedan aumentar su gasto en defensa \u00aba largo plazo\u00bb y no \u00fanicamente los pr\u00f3ximos a\u00f1os.<\/p>\n<p>Subray\u00f3 que la cumbre se celebra en \u00abun momento importante para Europa\u00bb, en el que \u00abhay que garantizar que se mantenga el apoyo a Ucrania\u00bb, tanto econ\u00f3mica como militarmente.<\/p>\n<p><strong>\u00bfApoyo de Estados Unidos?<\/strong><br \/>\nScholz pidi\u00f3 tambi\u00e9n \u00abcabeza fr\u00eda\u00bb para garantizar el apoyo de Estados Unidos a Kiev, justo cuando el presidente Donald Trump acaba de congelar el apoyo militar y en materia de inteligencia.<\/p>\n<p>En una cadena realizada el 5 de marzo de 2025, el presidente de Francia, Emmanuel Macron, expres\u00f3 que si bien quiere \u00abcreer que Estados Unidos permanecer\u00e1 a nuestro lado, necesitamos estar listos si ese no es el caso\u00bb.<\/p>\n<p>Adem\u00e1s, en la ma\u00f1ana del 6 de marzo, el ministro de Defensa franc\u00e9s, S\u00e9bastien Lecornu, afirm\u00f3 que Francia ya comparte su inteligencia militar con Ucrania, despu\u00e9s que Estados Unidos congel\u00f3 su ayuda a Kiev.<\/p>\n<p>Estos son los hechos que arrinconan a Zelenski, quien ahora busca una tregua entre Ucrania y Rusia<\/p>\n<p><strong>Disuasi\u00f3n nuclear de Francia<\/strong><br \/>\nMacron inform\u00f3 que ha decidido \u00ababrir el debate estrat\u00e9gico en la protecci\u00f3n de nuestra disuasi\u00f3n de nuestros aliados en el continente europeo\u00bb.<\/p>\n<p>\u00abNuestra disuasi\u00f3n nuclear nos protege, es completa soberana, francesa de principio a fin [&#8230;] Esto nos protege mucho m\u00e1s que nuestros vecinos\u00bb, afirm\u00f3.<\/p>\n<p>Adem\u00e1s, propuso enviar tropas europeas a Ucrania en caso de lograrse un acuerdo de paz con Rusia, uno que Estados Unidos pretende liderar, aunque tanto Bruselas como Kiev exigen estar presentes en las negociaciones, que hasta ahora Washington y Mosc\u00fa han abordado de manera bilateral.<\/p>\n<p><strong>Plan multimillonario para rearmar a Europa<\/strong><br \/>\nLa primera ministra danesa, Mette Frederiksen, dijo que para ella \u00ablo m\u00e1s importante ahora es rearmar Europa\u00bb.<\/p>\n<p>\u00abNo tenemos mucho tiempo. Hay que gastar y gastar en defensa y disuasi\u00f3n, ese es el mensaje. Y a la vez seguir apoyando a Ucrania. Queremos paz y no se puede lograr sin una paz sostenible en Ucrania\u00bb, coment\u00f3.<\/p>\n<p>Precisamente en el marco de la Cumbre de la UE, y como antesala a la misma, la presidenta de la Comisi\u00f3n Europea, Urusla Von der Leyen, hab\u00eda anunciado el plan ReArm Europe, con el que se quiere poner a disposici\u00f3n casi USD 865.000 millones\u00a0para mejorar la defensa del continente.<\/p>\n<p><strong>\u00bfAyuda de tropas turcas?<\/strong><br \/>\nA la par de la Cumbre del bloque europeo, el Ministerio de Defensa de Turqu\u00eda, expres\u00f3 que su pa\u00eds est\u00e1 dispuesto a desplegar a tropas en Ucrania de ser necesario, con el objetivo de garantizar la paz.<\/p>\n<p>\u00abLa cuesti\u00f3n de contribuir a una misi\u00f3n (&#8230;) se evaluar\u00e1 con todas las partes interesadas si se considera necesario para el establecimiento de la estabilidad y la paz regionales\u00bb, indic\u00f3 un comunicado del ministerio.<\/p>\n<p>El ej\u00e9rcito de Turqu\u00eda es el segundo mayor de la OTAN, solo superado por Estados Unidos en cantidad de soldados, aviones, tanques y buques. F<strong>uente: Primicias<\/strong><\/p>\n","protected":false},"excerpt":{"rendered":"<p>La guerra arancelaria, las amenazas por la guerra en Ucrania y las acusaciones del presidente de Estados Unidos, Donald Trump, parece que han cansado a Europa, que este 6 de marzo se re\u00fane en una cumbre de defensa del continente. Seg\u00fan los principales l\u00edderes\u00a0de la Uni\u00f3n Europea (UE), el deseo del bloque es rearmarse e impulsar su propia capacidad de defensa. Esto ocurre mientras que el presidente de Ucrania, Volodimir Zelenski, agradeci\u00f3 a los l\u00edderes europeos por no dejar a Kiev \u00absola\u00bb. Europa quiere gastar m\u00e1s en defensa El primer ministro polaco, Donald Tusk, afirm\u00f3 que \u00abEuropa ha perdido mucho tiempo pero todo puede cambiar hoy\u00bb, e hizo un llamamiento para \u00abretomar la carrera armament\u00edstica con Rusia\u00bb y \u00abganarla\u00bb. El canciller saliente de Alemania, Olaf Scholz, defendi\u00f3 la necesidad de que la Uni\u00f3n Europea modifique sus reglas de estabilidad presupuestaria para que los Veintisiete (como se conoce al grupo de los pa\u00edses del bloque) puedan aumentar su gasto en defensa \u00aba largo plazo\u00bb y no \u00fanicamente los pr\u00f3ximos a\u00f1os. Subray\u00f3 que la cumbre se celebra en \u00abun momento importante para Europa\u00bb, en el que \u00abhay que garantizar que se mantenga el apoyo a Ucrania\u00bb, tanto econ\u00f3mica como militarmente. \u00bfApoyo de Estados Unidos? Scholz pidi\u00f3 tambi\u00e9n \u00abcabeza fr\u00eda\u00bb para garantizar el apoyo de Estados Unidos a Kiev, justo cuando el presidente Donald Trump acaba de congelar el apoyo militar y en materia de inteligencia. En una cadena realizada el 5 de marzo de 2025, el presidente de Francia, Emmanuel Macron, expres\u00f3 que si bien quiere \u00abcreer que Estados Unidos permanecer\u00e1 a nuestro lado, necesitamos estar listos si ese no es el caso\u00bb. Adem\u00e1s, en la ma\u00f1ana del 6 de marzo, el ministro de Defensa franc\u00e9s, S\u00e9bastien Lecornu, afirm\u00f3 que Francia ya comparte su inteligencia militar con Ucrania, despu\u00e9s que Estados Unidos congel\u00f3 su ayuda a Kiev. Estos son los hechos que arrinconan a Zelenski, quien ahora busca una tregua entre Ucrania y Rusia Disuasi\u00f3n nuclear de Francia Macron inform\u00f3 que ha decidido \u00ababrir el debate estrat\u00e9gico en la protecci\u00f3n de nuestra disuasi\u00f3n de nuestros aliados en el continente europeo\u00bb. \u00abNuestra disuasi\u00f3n nuclear nos protege, es completa soberana, francesa de principio a fin [&#8230;] Esto nos protege mucho m\u00e1s que nuestros vecinos\u00bb, afirm\u00f3. Adem\u00e1s, propuso enviar tropas europeas a Ucrania en caso de lograrse un acuerdo de paz con Rusia, uno que Estados Unidos pretende liderar, aunque tanto Bruselas como Kiev exigen estar presentes en las negociaciones, que hasta ahora Washington y Mosc\u00fa han abordado de manera bilateral. Plan multimillonario para rearmar a Europa La primera ministra danesa, Mette Frederiksen, dijo que para ella \u00ablo m\u00e1s importante ahora es rearmar Europa\u00bb. \u00abNo tenemos mucho tiempo. Hay que gastar y gastar en defensa y disuasi\u00f3n, ese es el mensaje. Y a la vez seguir apoyando a Ucrania. Queremos paz y no se puede lograr sin una paz sostenible en Ucrania\u00bb, coment\u00f3. Precisamente en el marco de la Cumbre de la UE, y como antesala a la misma, la presidenta de la Comisi\u00f3n Europea, Urusla Von der Leyen, hab\u00eda anunciado el plan ReArm Europe, con el que se quiere poner a disposici\u00f3n casi USD 865.000 millones\u00a0para mejorar la defensa del continente. \u00bfAyuda de tropas turcas? A la par de la Cumbre del bloque europeo, el Ministerio de Defensa de Turqu\u00eda, expres\u00f3 que su pa\u00eds est\u00e1 dispuesto a desplegar a tropas en Ucrania de ser necesario, con el objetivo de garantizar la paz. \u00abLa cuesti\u00f3n de contribuir a una misi\u00f3n (&#8230;) se evaluar\u00e1 con todas las partes interesadas si se considera necesario para el establecimiento de la estabilidad y la paz regionales\u00bb, indic\u00f3 un comunicado del ministerio. El ej\u00e9rcito de Turqu\u00eda es el segundo mayor de la OTAN, solo superado por Estados Unidos en cantidad de soldados, aviones, tanques y buques. Fuente: Primicias<\/p>\n","protected":false},"author":1,"featured_media":21803,"comment_status":"open","ping_status":"open","sticky":false,"template":"","format":"standard","meta":{"footnotes":""},"categories":[5],"tags":[],"class_list":["post-21802","post","type-post","status-publish","format-standard","has-post-thumbnail","hentry","category-internacionales"],"_links":{"self":[{"href":"https:\/\/www.elamazonico.com\/portal\/wp-json\/wp\/v2\/posts\/21802","targetHints":{"allow":["GET"]}}],"collection":[{"href":"https:\/\/www.elamazonico.com\/portal\/wp-json\/wp\/v2\/posts"}],"about":[{"href":"https:\/\/www.elamazonico.com\/portal\/wp-json\/wp\/v2\/types\/post"}],"author":[{"embeddable":true,"href":"https:\/\/www.elamazonico.com\/portal\/wp-json\/wp\/v2\/users\/1"}],"replies":[{"embeddable":true,"href":"https:\/\/www.elamazonico.com\/portal\/wp-json\/wp\/v2\/comments?post=21802"}],"version-history":[{"count":1,"href":"https:\/\/www.elamazonico.com\/portal\/wp-json\/wp\/v2\/posts\/21802\/revisions"}],"predecessor-version":[{"id":21804,"href":"https:\/\/www.elamazonico.com\/portal\/wp-json\/wp\/v2\/posts\/21802\/revisions\/21804"}],"wp:featuredmedia":[{"embeddable":true,"href":"https:\/\/www.elamazonico.com\/portal\/wp-json\/wp\/v2\/media\/21803"}],"wp:attachment":[{"href":"https:\/\/www.elamazonico.com\/portal\/wp-json\/wp\/v2\/media?parent=21802"}],"wp:term":[{"taxonomy":"category","embeddable":true,"href":"https:\/\/www.elamazonico.com\/portal\/wp-json\/wp\/v2\/categories?post=21802"},{"taxonomy":"post_tag","embeddable":true,"href":"https:\/\/www.elamazonico.com\/portal\/wp-json\/wp\/v2\/tags?post=21802"}],"curies":[{"name":"wp","href":"https:\/\/api.w.org\/{rel}","templated":true}]}}