{"id":21724,"date":"2025-03-05T08:02:56","date_gmt":"2025-03-05T13:02:56","guid":{"rendered":"https:\/\/www.elamazonico.com\/portal\/?p=21724"},"modified":"2025-03-05T08:02:56","modified_gmt":"2025-03-05T13:02:56","slug":"la-violencia-se-agudiza-entre-las-bandas-criminales-ecuatorianas-que-no-logran-encontrar-nuevos-liderazgos","status":"publish","type":"post","link":"https:\/\/www.elamazonico.com\/portal\/la-violencia-se-agudiza-entre-las-bandas-criminales-ecuatorianas-que-no-logran-encontrar-nuevos-liderazgos\/","title":{"rendered":"La violencia se agudiza entre las bandas criminales ecuatorianas, que no logran encontrar nuevos liderazgos"},"content":{"rendered":"<p>Ecuador lleva m\u00e1s de cuatro a\u00f1os en su peor crisis de seguridad. Las muertes violentas siguen en sus \u00edndices m\u00e1s altos. Y tres Gobierno -Len\u00edn Moreno, Guillermo Lasso y Daniel Noboa- han coincidido a que esto se debe a una guerra de bandas narcodelictivas.<\/p>\n<p>Todo empez\u00f3 en 2020. A finales de ese a\u00f1o, en Manab\u00ed, fue asesinado alias &#8216;Rasqui\u00f1a&#8217;, quien era el jefe m\u00e1ximo de Los Choneros, la banda m\u00e1s poderosa del pa\u00eds. A su alrededor, esa agrupaci\u00f3n hab\u00eda formado varios grupos armados: Los Lobos, Los Tiguerones y Los Chone Killers, estaban a la cabeza.<\/p>\n<p>Tras la muerte de &#8216;Rasqui\u00f1a&#8217;, cabecillas de Los Choneros y de sus grupos armados como &#8216;Fito&#8217;, &#8216;JR&#8217;, &#8216;Pipo&#8217;, &#8216;Negro Willy&#8217; y el &#8216;Patr\u00f3n Norero&#8217; quisieron asumir ese liderazgo. Esto genero una disputa que dej\u00f3 cientos de asesinatos, sobre todo, en las c\u00e1rceles, que fueron el escenario del primer episodio de esta guerra.<\/p>\n<p>Desde esa \u00e9poca, varios de estos cabecillas fueron cayendo. Norero y &#8216;JR&#8217; fueron asesinados en 2022 y 2023, respectivamente. Mientras que a lo largo de 2024, los dem\u00e1s cabecillas han ido complicando su situaci\u00f3n por fugas, asesinatos o encarcelamientos.<\/p>\n<p>Agentes de inteligencia policial, consultados por PRIMICIAS en reserva, explican que esta situaci\u00f3n ha causado que las bandas delictivas vivan en una constante reorganizaci\u00f3n en busca de nuevos cabecillas. Y esta b\u00fasqueda, generalmente, se hace a trav\u00e9s de la violencia.<\/p>\n<p>Por esta raz\u00f3n, explican los uniformados la guerra -en los \u00faltimos meses- se ha llevado a la calle. Diferentes facciones de distintas bandas delictivas conviven en determinados territorios, ocurriendo repetidas masacres que, incluso, ha cobrado vidas de decenas de v\u00edctimas colaterales, incluyendo ni\u00f1os.<\/p>\n<p>Es as\u00ed que desde mayo de 2024, las muertes violentas han empezado a crecer nuevamente -luego de una discreta reducci\u00f3n a inicios de ese a\u00f1o-. La causa, seg\u00fan la Polic\u00eda, son estos enfrentamientos.<\/p>\n<p>&nbsp;<\/p>\n<p><img decoding=\"async\" src=\"https:\/\/imagenes.primicias.ec\/files\/exploded_image_400_600\/uploads\/2024\/05\/30\/665932a9eb756.jpeg\" alt=\"fito despiece\" \/><\/p>\n<p><strong>La fuga de Fito<\/strong><\/p>\n<p>A inicios de enero de 2024, las autoridades aceptaron que Adolfo Mac\u00edas Villamar, alias &#8216;Fito&#8217;, cabecilla m\u00e1ximo de Los Choneros,\u00a0se hab\u00eda fugado de la C\u00e1rcel Regional del Guayas, a finales de diciembre del a\u00f1o anterior.<\/p>\n<p>La evasi\u00f3n del cabecilla manabita desat\u00f3 una ola de violencia en las prisiones y calles del pa\u00eds, lo que llev\u00f3 al presidente Daniel Noboa a declarar la existencia de un conflicto armado interno, que se mantiene vigente, pero que no ha sido suficiente para frenar la escalda de violencia, que ha llegado a su expresi\u00f3n m\u00e1xima en el arranque de 2021.<\/p>\n<p>Un a\u00f1o de la fuga de alias &#8216;Fito&#8217;, l\u00edder de Los Choneros, que desat\u00f3 una ola criminal<\/p>\n<p><img decoding=\"async\" src=\"https:\/\/imagenes.primicias.ec\/files\/exploded_image_400_600\/uploads\/2025\/02\/28\/67c243cfd526d.jpeg\" alt=\"pipo despiece\" \/><\/p>\n<p><strong>La &#8216;reaparici\u00f3n&#8217; de Pipo<\/strong><\/p>\n<p>Desde 2020, Wilmer Chavarr\u00eda Barr\u00e9, alias &#8216;Pipo&#8217;, cabecilla m\u00e1ximo de Los Lobos, est\u00e1 oficialmente muerto. Sin embargo, casi desde la misma \u00e9poca, la Polic\u00eda empez\u00f3 a sospechar que la boleta de defunci\u00f3n que se registr\u00f3 en la pandemia era falsa.<\/p>\n<p>En marzo de 2024, durante los descubrimientos del caso Met\u00e1stasis, una serie de chats revelaron que este narcotraficante fingi\u00f3 su muerte, oper\u00f3 su rostro para cambiar de apariencia y viaj\u00f3 a Europa, desde d\u00f3nde sigue operando.<\/p>\n<p>Cambio de rostro y orden de matar a tres capos desde Europa: as\u00ed se reconstruye la historia de &#8216;Pipo&#8217;, cabecilla de Los Lobos<\/p>\n<p><img decoding=\"async\" src=\"https:\/\/imagenes.primicias.ec\/files\/exploded_image_400_600\/uploads\/2025\/02\/28\/67c245033ff30.jpeg\" alt=\"despiece saoco\" \/><\/p>\n<p><strong>Las disidencias<\/strong><\/p>\n<p>Los espacios de poder dejados por &#8216;Fito&#8217; y &#8216;Pipo&#8217;, en Los Choneros y Los Lobos (las organizaciones delictivas ecuatorianas m\u00e1s poderosas), hicieron que nuevos grupos surgieran, desde el interior de las propias organizaciones para buscar liderazgo.<\/p>\n<p>Por ejemplo, en Manab\u00ed empez\u00f3 a operar Los Pepes, un grupo aliado al Cartel de Jalisco de M\u00e9xico y que se dedic\u00f3 a eliminar a miembros de Los Choneros. Mientras que en El Oro, los Sao-Box, una disidencia de Los Lobos comandada por alias &#8216;Saoco&#8217; (foto), libran una violenta guerra contra sus excompa\u00f1eros para ganar espacio en el mundo criminal.<\/p>\n<p>Qu\u00e9 es Sao-Box, la disidencia de Los Lobos<\/p>\n<p><img decoding=\"async\" src=\"https:\/\/imagenes.primicias.ec\/files\/exploded_image_400_600\/uploads\/2025\/02\/28\/67c24659ea614.jpeg\" alt=\"ngro willy despiece\" \/><\/p>\n<p><strong>La ca\u00edda del &#8216;Comandante Willy&#8217;<\/strong><\/p>\n<p>En octubre de 2024, una operaci\u00f3n policial de Ecuador y Espa\u00f1a, permiti\u00f3 la captura en Catalu\u00f1a de Willian Alc\u00edvar, alias &#8216;Comandante Willy&#8217;, el m\u00e1ximo cabecilla de Los Tiguerones, quien es sindicado como ide\u00f3logo del ataque terrorista en TC Televisi\u00f3n. As\u00ed como de su hermano, alias &#8216;Ronco&#8217;, segundo al mando de esa organizaci\u00f3n.<\/p>\n<p>Los hermanos Alc\u00edvar est\u00e1n a\u00fan Espa\u00f1a, mientras se tramita su extradici\u00f3n. Sin embargo, hasta ahora no se conoce qui\u00e9n ha asumido el liderazgo de ese grupo criminal, que ha ido perdiendo espacio.<\/p>\n<p>Con papeles venezolanos: as\u00ed fue como el &#8216;Comandante Willy&#8217; entr\u00f3 a Espa\u00f1a<\/p>\n<p><img decoding=\"async\" src=\"https:\/\/imagenes.primicias.ec\/files\/exploded_image_400_600\/uploads\/2025\/02\/28\/67c2482c8660d.jpeg\" alt=\"ben 10 despiece\" \/><\/p>\n<p><strong>&#8216;Ben 10&#8217; y &#8216;Trompudo&#8217;, asesinados<\/strong><\/p>\n<p>El 30 de diciembre de 2024, en Cali (Colombia), fueron asesinados Antonio Benjam\u00edn y Terry Israel Camacho Pacheco, conocidos con los alias de &#8216;Ben 10&#8217; (foto) y &#8216;Trompudo&#8217;, cabecillas de Los Chone Killers, una de las bandas m\u00e1s importantes en Ecuador, debido a su brazo armado lleno de sicarios en todo el pa\u00eds.<\/p>\n<p>Los hermanos Camacho tuvieron un papel importante en el inicio de la guerra de las bandas criminales, en 2021. Su organizaci\u00f3n naci\u00f3 como un brazo armado de Los Choneros, pero luego quisieron eliminarlos.<\/p>\n<p>Tras cr\u00edmenes de \u2018Ben 10\u2019 y \u2018Trompudo Israel\u2019, tres cabecillas de Chone Killers emergen como sus sucesores<\/p>\n<p><img decoding=\"async\" src=\"https:\/\/imagenes.primicias.ec\/files\/exploded_image_400_600\/uploads\/2025\/02\/28\/67c248c9939df.jpeg\" alt=\"gordomendoza despiece\" \/><\/p>\n<p>Nuevos cabecillas ca\u00eddos<\/p>\n<p>La guerra que se libra en Ecuador por generar nuevos liderazgos fuertes, en las bandas narcodelictivas ha generado ataques y asesinatos de varios de los cabecillas que han querido asumir esas posici\u00f3n. Otros, en cambio, han sido encarcelados.<\/p>\n<p>En Los Choneros, por ejemplo, alias &#8216;Gordo Mendoza&#8217; (foto) gan\u00f3 poder, por su cercan\u00eda con &#8216;Fito&#8217;, pero fue asesinado en enero de 2025. En febrero de ese a\u00f1o, &#8216;Saoco&#8217; fue baleado en Colombia. Mientras que &#8216;Invivible&#8217;, &#8216;Chino&#8217; y &#8216;Maduro&#8217;, nuevos jefes de Los Lobos, est\u00e1n presos en La Roca.<\/p>\n<p>Alias &#8216;Gordo Mendoza&#8217;, integrante del grupo criminal Los \u00c1guilas, fue asesinado. <strong>Fuente: Primicias<\/strong><\/p>\n","protected":false},"excerpt":{"rendered":"<p>Ecuador lleva m\u00e1s de cuatro a\u00f1os en su peor crisis de seguridad. Las muertes violentas siguen en sus \u00edndices m\u00e1s altos. Y tres Gobierno -Len\u00edn Moreno, Guillermo Lasso y Daniel Noboa- han coincidido a que esto se debe a una guerra de bandas narcodelictivas. Todo empez\u00f3 en 2020. A finales de ese a\u00f1o, en Manab\u00ed, fue asesinado alias &#8216;Rasqui\u00f1a&#8217;, quien era el jefe m\u00e1ximo de Los Choneros, la banda m\u00e1s poderosa del pa\u00eds. A su alrededor, esa agrupaci\u00f3n hab\u00eda formado varios grupos armados: Los Lobos, Los Tiguerones y Los Chone Killers, estaban a la cabeza. Tras la muerte de &#8216;Rasqui\u00f1a&#8217;, cabecillas de Los Choneros y de sus grupos armados como &#8216;Fito&#8217;, &#8216;JR&#8217;, &#8216;Pipo&#8217;, &#8216;Negro Willy&#8217; y el &#8216;Patr\u00f3n Norero&#8217; quisieron asumir ese liderazgo. Esto genero una disputa que dej\u00f3 cientos de asesinatos, sobre todo, en las c\u00e1rceles, que fueron el escenario del primer episodio de esta guerra. Desde esa \u00e9poca, varios de estos cabecillas fueron cayendo. Norero y &#8216;JR&#8217; fueron asesinados en 2022 y 2023, respectivamente. Mientras que a lo largo de 2024, los dem\u00e1s cabecillas han ido complicando su situaci\u00f3n por fugas, asesinatos o encarcelamientos. Agentes de inteligencia policial, consultados por PRIMICIAS en reserva, explican que esta situaci\u00f3n ha causado que las bandas delictivas vivan en una constante reorganizaci\u00f3n en busca de nuevos cabecillas. Y esta b\u00fasqueda, generalmente, se hace a trav\u00e9s de la violencia. Por esta raz\u00f3n, explican los uniformados la guerra -en los \u00faltimos meses- se ha llevado a la calle. Diferentes facciones de distintas bandas delictivas conviven en determinados territorios, ocurriendo repetidas masacres que, incluso, ha cobrado vidas de decenas de v\u00edctimas colaterales, incluyendo ni\u00f1os. Es as\u00ed que desde mayo de 2024, las muertes violentas han empezado a crecer nuevamente -luego de una discreta reducci\u00f3n a inicios de ese a\u00f1o-. La causa, seg\u00fan la Polic\u00eda, son estos enfrentamientos. &nbsp; La fuga de Fito A inicios de enero de 2024, las autoridades aceptaron que Adolfo Mac\u00edas Villamar, alias &#8216;Fito&#8217;, cabecilla m\u00e1ximo de Los Choneros,\u00a0se hab\u00eda fugado de la C\u00e1rcel Regional del Guayas, a finales de diciembre del a\u00f1o anterior. La evasi\u00f3n del cabecilla manabita desat\u00f3 una ola de violencia en las prisiones y calles del pa\u00eds, lo que llev\u00f3 al presidente Daniel Noboa a declarar la existencia de un conflicto armado interno, que se mantiene vigente, pero que no ha sido suficiente para frenar la escalda de violencia, que ha llegado a su expresi\u00f3n m\u00e1xima en el arranque de 2021. Un a\u00f1o de la fuga de alias &#8216;Fito&#8217;, l\u00edder de Los Choneros, que desat\u00f3 una ola criminal La &#8216;reaparici\u00f3n&#8217; de Pipo Desde 2020, Wilmer Chavarr\u00eda Barr\u00e9, alias &#8216;Pipo&#8217;, cabecilla m\u00e1ximo de Los Lobos, est\u00e1 oficialmente muerto. Sin embargo, casi desde la misma \u00e9poca, la Polic\u00eda empez\u00f3 a sospechar que la boleta de defunci\u00f3n que se registr\u00f3 en la pandemia era falsa. En marzo de 2024, durante los descubrimientos del caso Met\u00e1stasis, una serie de chats revelaron que este narcotraficante fingi\u00f3 su muerte, oper\u00f3 su rostro para cambiar de apariencia y viaj\u00f3 a Europa, desde d\u00f3nde sigue operando. Cambio de rostro y orden de matar a tres capos desde Europa: as\u00ed se reconstruye la historia de &#8216;Pipo&#8217;, cabecilla de Los Lobos Las disidencias Los espacios de poder dejados por &#8216;Fito&#8217; y &#8216;Pipo&#8217;, en Los Choneros y Los Lobos (las organizaciones delictivas ecuatorianas m\u00e1s poderosas), hicieron que nuevos grupos surgieran, desde el interior de las propias organizaciones para buscar liderazgo. Por ejemplo, en Manab\u00ed empez\u00f3 a operar Los Pepes, un grupo aliado al Cartel de Jalisco de M\u00e9xico y que se dedic\u00f3 a eliminar a miembros de Los Choneros. Mientras que en El Oro, los Sao-Box, una disidencia de Los Lobos comandada por alias &#8216;Saoco&#8217; (foto), libran una violenta guerra contra sus excompa\u00f1eros para ganar espacio en el mundo criminal. Qu\u00e9 es Sao-Box, la disidencia de Los Lobos La ca\u00edda del &#8216;Comandante Willy&#8217; En octubre de 2024, una operaci\u00f3n policial de Ecuador y Espa\u00f1a, permiti\u00f3 la captura en Catalu\u00f1a de Willian Alc\u00edvar, alias &#8216;Comandante Willy&#8217;, el m\u00e1ximo cabecilla de Los Tiguerones, quien es sindicado como ide\u00f3logo del ataque terrorista en TC Televisi\u00f3n. As\u00ed como de su hermano, alias &#8216;Ronco&#8217;, segundo al mando de esa organizaci\u00f3n. Los hermanos Alc\u00edvar est\u00e1n a\u00fan Espa\u00f1a, mientras se tramita su extradici\u00f3n. Sin embargo, hasta ahora no se conoce qui\u00e9n ha asumido el liderazgo de ese grupo criminal, que ha ido perdiendo espacio. Con papeles venezolanos: as\u00ed fue como el &#8216;Comandante Willy&#8217; entr\u00f3 a Espa\u00f1a &#8216;Ben 10&#8217; y &#8216;Trompudo&#8217;, asesinados El 30 de diciembre de 2024, en Cali (Colombia), fueron asesinados Antonio Benjam\u00edn y Terry Israel Camacho Pacheco, conocidos con los alias de &#8216;Ben 10&#8217; (foto) y &#8216;Trompudo&#8217;, cabecillas de Los Chone Killers, una de las bandas m\u00e1s importantes en Ecuador, debido a su brazo armado lleno de sicarios en todo el pa\u00eds. Los hermanos Camacho tuvieron un papel importante en el inicio de la guerra de las bandas criminales, en 2021. Su organizaci\u00f3n naci\u00f3 como un brazo armado de Los Choneros, pero luego quisieron eliminarlos. Tras cr\u00edmenes de \u2018Ben 10\u2019 y \u2018Trompudo Israel\u2019, tres cabecillas de Chone Killers emergen como sus sucesores Nuevos cabecillas ca\u00eddos La guerra que se libra en Ecuador por generar nuevos liderazgos fuertes, en las bandas narcodelictivas ha generado ataques y asesinatos de varios de los cabecillas que han querido asumir esas posici\u00f3n. Otros, en cambio, han sido encarcelados. En Los Choneros, por ejemplo, alias &#8216;Gordo Mendoza&#8217; (foto) gan\u00f3 poder, por su cercan\u00eda con &#8216;Fito&#8217;, pero fue asesinado en enero de 2025. En febrero de ese a\u00f1o, &#8216;Saoco&#8217; fue baleado en Colombia. Mientras que &#8216;Invivible&#8217;, &#8216;Chino&#8217; y &#8216;Maduro&#8217;, nuevos jefes de Los Lobos, est\u00e1n presos en La Roca. Alias &#8216;Gordo Mendoza&#8217;, integrante del grupo criminal Los \u00c1guilas, fue asesinado. Fuente: Primicias<\/p>\n","protected":false},"author":1,"featured_media":21725,"comment_status":"open","ping_status":"open","sticky":false,"template":"","format":"standard","meta":{"footnotes":""},"categories":[268],"tags":[],"class_list":["post-21724","post","type-post","status-publish","format-standard","has-post-thumbnail","hentry","category-nacionales"],"_links":{"self":[{"href":"https:\/\/www.elamazonico.com\/portal\/wp-json\/wp\/v2\/posts\/21724","targetHints":{"allow":["GET"]}}],"collection":[{"href":"https:\/\/www.elamazonico.com\/portal\/wp-json\/wp\/v2\/posts"}],"about":[{"href":"https:\/\/www.elamazonico.com\/portal\/wp-json\/wp\/v2\/types\/post"}],"author":[{"embeddable":true,"href":"https:\/\/www.elamazonico.com\/portal\/wp-json\/wp\/v2\/users\/1"}],"replies":[{"embeddable":true,"href":"https:\/\/www.elamazonico.com\/portal\/wp-json\/wp\/v2\/comments?post=21724"}],"version-history":[{"count":1,"href":"https:\/\/www.elamazonico.com\/portal\/wp-json\/wp\/v2\/posts\/21724\/revisions"}],"predecessor-version":[{"id":21726,"href":"https:\/\/www.elamazonico.com\/portal\/wp-json\/wp\/v2\/posts\/21724\/revisions\/21726"}],"wp:featuredmedia":[{"embeddable":true,"href":"https:\/\/www.elamazonico.com\/portal\/wp-json\/wp\/v2\/media\/21725"}],"wp:attachment":[{"href":"https:\/\/www.elamazonico.com\/portal\/wp-json\/wp\/v2\/media?parent=21724"}],"wp:term":[{"taxonomy":"category","embeddable":true,"href":"https:\/\/www.elamazonico.com\/portal\/wp-json\/wp\/v2\/categories?post=21724"},{"taxonomy":"post_tag","embeddable":true,"href":"https:\/\/www.elamazonico.com\/portal\/wp-json\/wp\/v2\/tags?post=21724"}],"curies":[{"name":"wp","href":"https:\/\/api.w.org\/{rel}","templated":true}]}}