{"id":21715,"date":"2025-03-04T21:14:33","date_gmt":"2025-03-05T02:14:33","guid":{"rendered":"https:\/\/www.elamazonico.com\/portal\/?p=21715"},"modified":"2025-03-04T21:14:33","modified_gmt":"2025-03-05T02:14:33","slug":"canada-reacciona-por-aranceles-y-dice-que-estados-unidos-lanzo-una-guerra-comercial","status":"publish","type":"post","link":"https:\/\/www.elamazonico.com\/portal\/canada-reacciona-por-aranceles-y-dice-que-estados-unidos-lanzo-una-guerra-comercial\/","title":{"rendered":"Canad\u00e1 reacciona por aranceles y dice que Estados Unidos \u00ablanz\u00f3 una guerra comercial\u00bb"},"content":{"rendered":"<p>El primer ministro canadiense, Justin Trudeau, dijo que el presidente estadounidense, Donald Trump, busca socavar \u00abla econom\u00eda canadiense\u00bb para luego \u00abhablar de la anexi\u00f3n\u00bb del pa\u00eds.<\/p>\n<p>En este contexto, \u00abno s\u00e9 qu\u00e9 negociaci\u00f3n podr\u00edamos sostener\u00bb con Estados Unidos, afirm\u00f3 el jefe de gobierno canadiense, quien agreg\u00f3 que el pretexto del ingreso de fentanilo por las fronteras, que Trump utiliz\u00f3 para justificar los aranceles contra Canad\u00e1, es \u00abcompletamente injustificado\u00bb.<\/p>\n<p>Estados Unidos \u00ablanz\u00f3 una guerra comercial\u00bb y Canad\u00e1 \u00abno retroceder\u00e1\u00bb, a\u00f1adi\u00f3 el primer ministro, este 4 de marzo de 2025, pocas horas despu\u00e9s de que entraran en vigor las medidas aduaneras de Donald Trump.<\/p>\n<p>Trudeau estim\u00f3 que se trata de una decisi\u00f3n \u00abest\u00fapida\u00bb de parte del presidente estadounidense y reiter\u00f3 que nada \u00abjustifica\u00bb estas medidas.<\/p>\n<p>Los productos importados desde Canad\u00e1 y M\u00e9xico, socios de Estados Unidos en el acuerdo de libre comercio de Am\u00e9rica del Norte, tendr\u00e1n aranceles de 25%. En el caso de China, la subida es de un 20% adicional a lo ya existente.<\/p>\n<p>Trump presion\u00f3 con los aranceles para que Canad\u00e1 y M\u00e9xico aumenten la vigilancia de sus fronteras. Ambos pa\u00edses tomaron medidas en el \u00faltimo mes, pero no dejaron satisfecho al magnate republicano.<\/p>\n<p>Poco antes de expirar el plazo para alcanzar un entendimiento, el magnate republicano declar\u00f3 que no hab\u00eda \u00abmargen\u00bb de maniobra para evitar los aranceles que impuso inicialmente el 3 de febrero, antes de pausarlos por un mes en busca de soluciones a los problemas migratorios y la entrada de drogas en Estados Unidos.<\/p>\n<p>Los aranceles afectar\u00e1n a m\u00e1s de USD 918.000 millones en importaciones estadounidenses de Canad\u00e1 y M\u00e9xico. Estos pa\u00edses han anunciado medidas de represalia. <strong>Fuente: Primicias<\/strong><\/p>\n","protected":false},"excerpt":{"rendered":"<p>El primer ministro canadiense, Justin Trudeau, dijo que el presidente estadounidense, Donald Trump, busca socavar \u00abla econom\u00eda canadiense\u00bb para luego \u00abhablar de la anexi\u00f3n\u00bb del pa\u00eds. En este contexto, \u00abno s\u00e9 qu\u00e9 negociaci\u00f3n podr\u00edamos sostener\u00bb con Estados Unidos, afirm\u00f3 el jefe de gobierno canadiense, quien agreg\u00f3 que el pretexto del ingreso de fentanilo por las fronteras, que Trump utiliz\u00f3 para justificar los aranceles contra Canad\u00e1, es \u00abcompletamente injustificado\u00bb. Estados Unidos \u00ablanz\u00f3 una guerra comercial\u00bb y Canad\u00e1 \u00abno retroceder\u00e1\u00bb, a\u00f1adi\u00f3 el primer ministro, este 4 de marzo de 2025, pocas horas despu\u00e9s de que entraran en vigor las medidas aduaneras de Donald Trump. Trudeau estim\u00f3 que se trata de una decisi\u00f3n \u00abest\u00fapida\u00bb de parte del presidente estadounidense y reiter\u00f3 que nada \u00abjustifica\u00bb estas medidas. Los productos importados desde Canad\u00e1 y M\u00e9xico, socios de Estados Unidos en el acuerdo de libre comercio de Am\u00e9rica del Norte, tendr\u00e1n aranceles de 25%. En el caso de China, la subida es de un 20% adicional a lo ya existente. Trump presion\u00f3 con los aranceles para que Canad\u00e1 y M\u00e9xico aumenten la vigilancia de sus fronteras. Ambos pa\u00edses tomaron medidas en el \u00faltimo mes, pero no dejaron satisfecho al magnate republicano. Poco antes de expirar el plazo para alcanzar un entendimiento, el magnate republicano declar\u00f3 que no hab\u00eda \u00abmargen\u00bb de maniobra para evitar los aranceles que impuso inicialmente el 3 de febrero, antes de pausarlos por un mes en busca de soluciones a los problemas migratorios y la entrada de drogas en Estados Unidos. Los aranceles afectar\u00e1n a m\u00e1s de USD 918.000 millones en importaciones estadounidenses de Canad\u00e1 y M\u00e9xico. Estos pa\u00edses han anunciado medidas de represalia. Fuente: Primicias<\/p>\n","protected":false},"author":1,"featured_media":21716,"comment_status":"open","ping_status":"open","sticky":false,"template":"","format":"standard","meta":{"footnotes":""},"categories":[5],"tags":[],"class_list":["post-21715","post","type-post","status-publish","format-standard","has-post-thumbnail","hentry","category-internacionales"],"_links":{"self":[{"href":"https:\/\/www.elamazonico.com\/portal\/wp-json\/wp\/v2\/posts\/21715","targetHints":{"allow":["GET"]}}],"collection":[{"href":"https:\/\/www.elamazonico.com\/portal\/wp-json\/wp\/v2\/posts"}],"about":[{"href":"https:\/\/www.elamazonico.com\/portal\/wp-json\/wp\/v2\/types\/post"}],"author":[{"embeddable":true,"href":"https:\/\/www.elamazonico.com\/portal\/wp-json\/wp\/v2\/users\/1"}],"replies":[{"embeddable":true,"href":"https:\/\/www.elamazonico.com\/portal\/wp-json\/wp\/v2\/comments?post=21715"}],"version-history":[{"count":1,"href":"https:\/\/www.elamazonico.com\/portal\/wp-json\/wp\/v2\/posts\/21715\/revisions"}],"predecessor-version":[{"id":21717,"href":"https:\/\/www.elamazonico.com\/portal\/wp-json\/wp\/v2\/posts\/21715\/revisions\/21717"}],"wp:featuredmedia":[{"embeddable":true,"href":"https:\/\/www.elamazonico.com\/portal\/wp-json\/wp\/v2\/media\/21716"}],"wp:attachment":[{"href":"https:\/\/www.elamazonico.com\/portal\/wp-json\/wp\/v2\/media?parent=21715"}],"wp:term":[{"taxonomy":"category","embeddable":true,"href":"https:\/\/www.elamazonico.com\/portal\/wp-json\/wp\/v2\/categories?post=21715"},{"taxonomy":"post_tag","embeddable":true,"href":"https:\/\/www.elamazonico.com\/portal\/wp-json\/wp\/v2\/tags?post=21715"}],"curies":[{"name":"wp","href":"https:\/\/api.w.org\/{rel}","templated":true}]}}