{"id":21706,"date":"2025-03-04T21:02:19","date_gmt":"2025-03-05T02:02:19","guid":{"rendered":"https:\/\/www.elamazonico.com\/portal\/?p=21706"},"modified":"2025-03-04T21:02:19","modified_gmt":"2025-03-05T02:02:19","slug":"excesos-y-violencia-empanan-las-festividades-de-carnaval-en-guaranda-y-banos","status":"publish","type":"post","link":"https:\/\/www.elamazonico.com\/portal\/excesos-y-violencia-empanan-las-festividades-de-carnaval-en-guaranda-y-banos\/","title":{"rendered":"Excesos y violencia empa\u00f1an las festividades de carnaval en Guaranda y Ba\u00f1os"},"content":{"rendered":"<p>El carnaval, una celebraci\u00f3n de alegr\u00eda y tradici\u00f3n en la mayor\u00eda de las ciudades de Ecuador, se vio opacado por la faltas de respeto y descontrol en Guaranda y Ba\u00f1os.<\/p>\n<p>El irrespeto a quienes no quer\u00edan participar en los juegos del feriado gener\u00f3 incidentes violentos y lamentables escenas en pleno festejo.<\/p>\n<p><strong>Ri\u00f1a en Guaranda durante el Pawkar Raymi<\/strong><br \/>\nEn Guaranda, la celebraci\u00f3n del Pawkar Raymi, el s\u00e1bado 1 de marzo, termin\u00f3 en una trifulca en pleno concierto.\u00a0Un grupo de personas, aparentemente bajo los efectos del alcohol, empez\u00f3 a lanzarse botellas de cerveza, palos y golpes, desatando el caos.<\/p>\n<p>Quienes no estaban involucrados tuvieron que refugiarse para evitar ser alcanzados por la violencia.\u00a0Los animadores del evento pidieron la intervenci\u00f3n de la Polic\u00eda, que tard\u00f3 m\u00e1s de cinco minutos en controlar la ri\u00f1a.<\/p>\n<p>Varios agentes resultaron lesionados en el intento de dispersar a los revoltosos\u00a0y dos personas fueron retenidas por esc\u00e1ndalo p\u00fablico.<\/p>\n<p>Seg\u00fan la Polic\u00eda de Guaranda, este fue el \u00fanico incidente reportado durante el feriado, el cual requiri\u00f3 la intervenci\u00f3n de la Unidad de Mantenimiento del Orden (UMO) y el Servicio Urbano.<\/p>\n<p><strong>Agresi\u00f3n a un reportero en plena transmisi\u00f3n<\/strong><br \/>\nOtro hecho ocurri\u00f3 el domingo 2 de marzo, cuando el reportero de TV Centro, Andy Calero, fue agredido mientras transmit\u00eda en vivo el desfile de Carnaval.<\/p>\n<p>Un hombre le llen\u00f3 el rostro de espuma de carnaval (carioca), lo que provoc\u00f3 la reacci\u00f3n del periodista, quien persigui\u00f3 al agresor y le propin\u00f3 un puntapi\u00e9.<\/p>\n<p>Tras el incidente, Calero pidi\u00f3 disculpas y recalc\u00f3 la importancia de respetar a quienes no desean jugar, recordando que \u00e9l estaba cumpliendo con su labor period\u00edstica.<\/p>\n<p>Durante el mismo desfile, otro hecho de violencia se registr\u00f3 cuando un hombre en estado et\u00edlico intent\u00f3 agredir a un chagra que desfilaba a caballo.<\/p>\n<p>El jinete reaccion\u00f3 golpe\u00e1ndolo en el rostro y el hombre, al intentar sujetarse de las riendas del caballo, termin\u00f3 siendo arrastrado varios metros por el animal.<\/p>\n<p><strong>Ni la reina se salv\u00f3 en Ba\u00f1os\u00a0<\/strong><br \/>\nEn Ba\u00f1os de Agua Santa, el descontrol en el Carnaval tambi\u00e9n fue evidente. Las calles se convirtieron en una \u00abbatalla campal\u00bb en la que, adem\u00e1s de agua y espuma, algunos usaron excremento de animales para agredir a los transe\u00fantes.<\/p>\n<p>El ciudadano Fabricio Naranjo lament\u00f3 la degradaci\u00f3n de la celebraci\u00f3n y la falta de respeto que se ha ido normalizando en los \u00faltimos a\u00f1os.<\/p>\n<p>Jos\u00e9 Gavil\u00e1n, otro testigo de los excesos, denunci\u00f3 que incluso la reina del Carnaval fue blanco de agresiones.<\/p>\n<p>Desde las terrazas de las casas, le lanzaron agua y espuma, sin importar su investidura ni el respeto que merece cualquier persona que no desee participar del juego.<\/p>\n<p>El abuso del alcohol, la agresividad y la imposici\u00f3n del juego sobre los dem\u00e1s generan desorden y empa\u00f1an lo que deber\u00eda ser una celebraci\u00f3n de alegr\u00eda y unidad en el pa\u00eds. <strong>Fuente: Primicias<\/strong><\/p>\n","protected":false},"excerpt":{"rendered":"<p>El carnaval, una celebraci\u00f3n de alegr\u00eda y tradici\u00f3n en la mayor\u00eda de las ciudades de Ecuador, se vio opacado por la faltas de respeto y descontrol en Guaranda y Ba\u00f1os. El irrespeto a quienes no quer\u00edan participar en los juegos del feriado gener\u00f3 incidentes violentos y lamentables escenas en pleno festejo. Ri\u00f1a en Guaranda durante el Pawkar Raymi En Guaranda, la celebraci\u00f3n del Pawkar Raymi, el s\u00e1bado 1 de marzo, termin\u00f3 en una trifulca en pleno concierto.\u00a0Un grupo de personas, aparentemente bajo los efectos del alcohol, empez\u00f3 a lanzarse botellas de cerveza, palos y golpes, desatando el caos. Quienes no estaban involucrados tuvieron que refugiarse para evitar ser alcanzados por la violencia.\u00a0Los animadores del evento pidieron la intervenci\u00f3n de la Polic\u00eda, que tard\u00f3 m\u00e1s de cinco minutos en controlar la ri\u00f1a. Varios agentes resultaron lesionados en el intento de dispersar a los revoltosos\u00a0y dos personas fueron retenidas por esc\u00e1ndalo p\u00fablico. Seg\u00fan la Polic\u00eda de Guaranda, este fue el \u00fanico incidente reportado durante el feriado, el cual requiri\u00f3 la intervenci\u00f3n de la Unidad de Mantenimiento del Orden (UMO) y el Servicio Urbano. Agresi\u00f3n a un reportero en plena transmisi\u00f3n Otro hecho ocurri\u00f3 el domingo 2 de marzo, cuando el reportero de TV Centro, Andy Calero, fue agredido mientras transmit\u00eda en vivo el desfile de Carnaval. Un hombre le llen\u00f3 el rostro de espuma de carnaval (carioca), lo que provoc\u00f3 la reacci\u00f3n del periodista, quien persigui\u00f3 al agresor y le propin\u00f3 un puntapi\u00e9. Tras el incidente, Calero pidi\u00f3 disculpas y recalc\u00f3 la importancia de respetar a quienes no desean jugar, recordando que \u00e9l estaba cumpliendo con su labor period\u00edstica. Durante el mismo desfile, otro hecho de violencia se registr\u00f3 cuando un hombre en estado et\u00edlico intent\u00f3 agredir a un chagra que desfilaba a caballo. El jinete reaccion\u00f3 golpe\u00e1ndolo en el rostro y el hombre, al intentar sujetarse de las riendas del caballo, termin\u00f3 siendo arrastrado varios metros por el animal. Ni la reina se salv\u00f3 en Ba\u00f1os\u00a0 En Ba\u00f1os de Agua Santa, el descontrol en el Carnaval tambi\u00e9n fue evidente. Las calles se convirtieron en una \u00abbatalla campal\u00bb en la que, adem\u00e1s de agua y espuma, algunos usaron excremento de animales para agredir a los transe\u00fantes. El ciudadano Fabricio Naranjo lament\u00f3 la degradaci\u00f3n de la celebraci\u00f3n y la falta de respeto que se ha ido normalizando en los \u00faltimos a\u00f1os. Jos\u00e9 Gavil\u00e1n, otro testigo de los excesos, denunci\u00f3 que incluso la reina del Carnaval fue blanco de agresiones. Desde las terrazas de las casas, le lanzaron agua y espuma, sin importar su investidura ni el respeto que merece cualquier persona que no desee participar del juego. El abuso del alcohol, la agresividad y la imposici\u00f3n del juego sobre los dem\u00e1s generan desorden y empa\u00f1an lo que deber\u00eda ser una celebraci\u00f3n de alegr\u00eda y unidad en el pa\u00eds. Fuente: Primicias<\/p>\n","protected":false},"author":1,"featured_media":21707,"comment_status":"open","ping_status":"open","sticky":false,"template":"","format":"standard","meta":{"footnotes":""},"categories":[268],"tags":[],"class_list":["post-21706","post","type-post","status-publish","format-standard","has-post-thumbnail","hentry","category-nacionales"],"_links":{"self":[{"href":"https:\/\/www.elamazonico.com\/portal\/wp-json\/wp\/v2\/posts\/21706","targetHints":{"allow":["GET"]}}],"collection":[{"href":"https:\/\/www.elamazonico.com\/portal\/wp-json\/wp\/v2\/posts"}],"about":[{"href":"https:\/\/www.elamazonico.com\/portal\/wp-json\/wp\/v2\/types\/post"}],"author":[{"embeddable":true,"href":"https:\/\/www.elamazonico.com\/portal\/wp-json\/wp\/v2\/users\/1"}],"replies":[{"embeddable":true,"href":"https:\/\/www.elamazonico.com\/portal\/wp-json\/wp\/v2\/comments?post=21706"}],"version-history":[{"count":1,"href":"https:\/\/www.elamazonico.com\/portal\/wp-json\/wp\/v2\/posts\/21706\/revisions"}],"predecessor-version":[{"id":21708,"href":"https:\/\/www.elamazonico.com\/portal\/wp-json\/wp\/v2\/posts\/21706\/revisions\/21708"}],"wp:featuredmedia":[{"embeddable":true,"href":"https:\/\/www.elamazonico.com\/portal\/wp-json\/wp\/v2\/media\/21707"}],"wp:attachment":[{"href":"https:\/\/www.elamazonico.com\/portal\/wp-json\/wp\/v2\/media?parent=21706"}],"wp:term":[{"taxonomy":"category","embeddable":true,"href":"https:\/\/www.elamazonico.com\/portal\/wp-json\/wp\/v2\/categories?post=21706"},{"taxonomy":"post_tag","embeddable":true,"href":"https:\/\/www.elamazonico.com\/portal\/wp-json\/wp\/v2\/tags?post=21706"}],"curies":[{"name":"wp","href":"https:\/\/api.w.org\/{rel}","templated":true}]}}