{"id":21696,"date":"2025-03-04T11:21:03","date_gmt":"2025-03-04T16:21:03","guid":{"rendered":"https:\/\/www.elamazonico.com\/portal\/?p=21696"},"modified":"2025-03-04T11:21:03","modified_gmt":"2025-03-04T16:21:03","slug":"la-presidenta-de-mexico-califica-de-ofensiva-y-difamatoria-la-declaracion-de-la-casa-blanca-sobre-aranceles","status":"publish","type":"post","link":"https:\/\/www.elamazonico.com\/portal\/la-presidenta-de-mexico-califica-de-ofensiva-y-difamatoria-la-declaracion-de-la-casa-blanca-sobre-aranceles\/","title":{"rendered":"La presidenta de M\u00e9xico califica de \u00abofensiva y difamatoria\u00bb la declaraci\u00f3n de la Casa Blanca sobre aranceles"},"content":{"rendered":"<p>La presidenta de M\u00e9xico, Claudia Sheinbaum, respondi\u00f3 este martes a los aranceles estadounidenses y calific\u00f3 de \u00abofensiva y difamatoria\u00bb la declaraci\u00f3n de la Casa Blanca del 3 de marzo.<\/p>\n<p>\u00abAnoche, la Casa Blanca public\u00f3 una declaraci\u00f3n ofensiva y difamatoria sin sustancia sobre el gobierno mexicano que negamos y condenamos categ\u00f3ricamente\u00bb, dijo Sheinbaum en una conferencia de prensa en Ciudad de M\u00e9xico.<\/p>\n<div class=\"x_elementToProof\" data-olk-copy-source=\"MessageBody\">Sheinbaum convoc\u00f3 tambi\u00e9n a un mitin el pr\u00f3ximo 9 de mayo en donde dar\u00e1 a conocer la respuesta de su gobierno a la decisi\u00f3n de EE.UU.<\/div>\n<p>El presidente estadounidense, Donald Trump, dijo el lunes que los aranceles del 25% sobre M\u00e9xico y Canad\u00e1 seguir\u00e1n adelante como estaba previsto, y dijo que los dos principales socios comerciales de Estados Unidos \u201cno ten\u00edan margen\u201d para negociar para evitar los grav\u00e1menes.<\/p>\n<p>Trump dijo que estaba usando los aranceles para \u201ccastigar\u201d a los pa\u00edses que, como \u00e9l mismo dijo, estaban tomando de la econom\u00eda estadounidense sin dar lo suficiente a cambio.<\/p>\n","protected":false},"excerpt":{"rendered":"<p>La presidenta de M\u00e9xico, Claudia Sheinbaum, respondi\u00f3 este martes a los aranceles estadounidenses y calific\u00f3 de \u00abofensiva y difamatoria\u00bb la declaraci\u00f3n de la Casa Blanca del 3 de marzo. \u00abAnoche, la Casa Blanca public\u00f3 una declaraci\u00f3n ofensiva y difamatoria sin sustancia sobre el gobierno mexicano que negamos y condenamos categ\u00f3ricamente\u00bb, dijo Sheinbaum en una conferencia de prensa en Ciudad de M\u00e9xico. Sheinbaum convoc\u00f3 tambi\u00e9n a un mitin el pr\u00f3ximo 9 de mayo en donde dar\u00e1 a conocer la respuesta de su gobierno a la decisi\u00f3n de EE.UU. El presidente estadounidense, Donald Trump, dijo el lunes que los aranceles del 25% sobre M\u00e9xico y Canad\u00e1 seguir\u00e1n adelante como estaba previsto, y dijo que los dos principales socios comerciales de Estados Unidos \u201cno ten\u00edan margen\u201d para negociar para evitar los grav\u00e1menes. Trump dijo que estaba usando los aranceles para \u201ccastigar\u201d a los pa\u00edses que, como \u00e9l mismo dijo, estaban tomando de la econom\u00eda estadounidense sin dar lo suficiente a cambio.<\/p>\n","protected":false},"author":1,"featured_media":21697,"comment_status":"open","ping_status":"open","sticky":false,"template":"","format":"standard","meta":{"footnotes":""},"categories":[5],"tags":[],"class_list":["post-21696","post","type-post","status-publish","format-standard","has-post-thumbnail","hentry","category-internacionales"],"_links":{"self":[{"href":"https:\/\/www.elamazonico.com\/portal\/wp-json\/wp\/v2\/posts\/21696","targetHints":{"allow":["GET"]}}],"collection":[{"href":"https:\/\/www.elamazonico.com\/portal\/wp-json\/wp\/v2\/posts"}],"about":[{"href":"https:\/\/www.elamazonico.com\/portal\/wp-json\/wp\/v2\/types\/post"}],"author":[{"embeddable":true,"href":"https:\/\/www.elamazonico.com\/portal\/wp-json\/wp\/v2\/users\/1"}],"replies":[{"embeddable":true,"href":"https:\/\/www.elamazonico.com\/portal\/wp-json\/wp\/v2\/comments?post=21696"}],"version-history":[{"count":1,"href":"https:\/\/www.elamazonico.com\/portal\/wp-json\/wp\/v2\/posts\/21696\/revisions"}],"predecessor-version":[{"id":21698,"href":"https:\/\/www.elamazonico.com\/portal\/wp-json\/wp\/v2\/posts\/21696\/revisions\/21698"}],"wp:featuredmedia":[{"embeddable":true,"href":"https:\/\/www.elamazonico.com\/portal\/wp-json\/wp\/v2\/media\/21697"}],"wp:attachment":[{"href":"https:\/\/www.elamazonico.com\/portal\/wp-json\/wp\/v2\/media?parent=21696"}],"wp:term":[{"taxonomy":"category","embeddable":true,"href":"https:\/\/www.elamazonico.com\/portal\/wp-json\/wp\/v2\/categories?post=21696"},{"taxonomy":"post_tag","embeddable":true,"href":"https:\/\/www.elamazonico.com\/portal\/wp-json\/wp\/v2\/tags?post=21696"}],"curies":[{"name":"wp","href":"https:\/\/api.w.org\/{rel}","templated":true}]}}