{"id":21693,"date":"2025-03-04T10:56:03","date_gmt":"2025-03-04T15:56:03","guid":{"rendered":"https:\/\/www.elamazonico.com\/portal\/?p=21693"},"modified":"2025-03-04T10:56:03","modified_gmt":"2025-03-04T15:56:03","slug":"daniel-noboa-extiende-estado-de-excepcion-en-siete-provincias-y-dos-cantones-por-grave-conmocion-interna","status":"publish","type":"post","link":"https:\/\/www.elamazonico.com\/portal\/daniel-noboa-extiende-estado-de-excepcion-en-siete-provincias-y-dos-cantones-por-grave-conmocion-interna\/","title":{"rendered":"Daniel Noboa extiende estado de excepci\u00f3n en siete provincias y dos cantones por grave conmoci\u00f3n interna"},"content":{"rendered":"<div class=\"paragraph texto\">\n<p class=\"p_0\">El presidente de la Rep\u00fablica,\u00a0<b><a href=\"https:\/\/www.vistazo.com\/cronologia\/-\/meta\/daniel-noboa\" target=\"_blank\" rel=\"noopener noreferrer\">Daniel Noboa<\/a><\/b>, extendi\u00f3 por treinta d\u00edas m\u00e1s el\u00a0<b>estado\u00a0<\/b>de\u00a0<b>excepci\u00f3n\u00a0<\/b>en\u00a0<b>siete provincias y dos cantones<\/b>, a trav\u00e9s del Decreto Ejecutivo No. 552, firmado este lunes 3 de marzo de 2025.<\/p>\n<p class=\"p_1\">La medida rige en Guayas, Los R\u00edos, Manab\u00ed, Orellana, Santa Elena, El Oro, Sucumb\u00edos; el Distrito Metropolitano de Quito de la provincia de Pichincha, y el cant\u00f3n Camilo Ponce Enr\u00edquez de la provincia de Azuay, por\u00a0<b>grave conmoci\u00f3n interna.<\/b><\/p>\n<p class=\"p_3\">El primer mandatario enfatiz\u00f3 que el\u00a0<b>objetivo final<\/b>\u00a0del estado de excepci\u00f3n es garantizar el orden p\u00fablico, la paz social y la convivencia pac\u00edfica de los ciudadanos.<\/p>\n<div class=\"Center2Display\">\n<div id=\"Center2\" data-google-query-id=\"CJLR3Nfk8IsDFXAvTwgd5aUiuw\">\n<div id=\"google_ads_iframe_\/21839199781\/Vistazo\/Vistazo_Center2_0__container__\">Adem\u00e1s, Noboa record\u00f3 la <b>obligaci\u00f3n<\/b>\u00a0establecida en el art\u00edculo 166 de la Constituci\u00f3n de la Rep\u00fablica que dispone: \u201c(&#8230;) las servidoras y servidores p\u00fablicos ser\u00e1n responsables por cualquier\u00a0<b>abuso\u00a0<\/b>que hubieran cometido en el ejercicio de sus\u00a0<b>facultades\u00a0<\/b>durante la vigencia del estado de excepci\u00f3n\u201d.<\/div>\n<\/div>\n<\/div>\n<p class=\"p_5\">Asimismo, se comunica a la ciudadan\u00eda sobre \u00abla\u00a0<b>limitaci\u00f3n\u00a0<\/b>del derecho a la inviolabilidad de\u00a0<b>domicilio<\/b>, inviolabilidad de correspondencia, y restricci\u00f3n de la libertad de tr\u00e1nsito\u00bb.<\/p>\n<p class=\"p_6\">Por \u00faltimo, se dispuso la notificaci\u00f3n del decreto a la Asamblea Nacional, a la Corte Constitucional, a la Organizaci\u00f3n de las Naciones Unidas (ONU) y a la Organizaci\u00f3n de los Estados Americanos (OEA).<\/p>\n<\/div>\n<h2 class=\"h2vistazo\">Ola de violencia en Ecuador<\/h2>\n<div class=\"paragraph texto\">\n<p class=\"p_7\">Masacres por disputas de territorio entre bandas criminales, sicariatos, asaltos que terminan en muertes o balas perdidas que alcanzan a v\u00edctimas colaterales son ya parte del diario vivir de los ecuatorianos, que en enero pasado vivieron el inicio de a\u00f1o m\u00e1s violento desde que se tienen registros.<\/p>\n<p class=\"p_8\">Seg\u00fan cifras del Ministerio del Interior, en\u00a0<b>enero\u00a0<\/b>de este a\u00f1o se registraron\u00a0<b>781 homicidios<\/b>, 276 m\u00e1s que los 505 registrados en 2024, y 247 m\u00e1s que los 534 de 2023, a\u00f1o en el que Ecuador se situ\u00f3 a la cabeza en el \u00edndice de muertes violentas de Latinoam\u00e9rica.<\/p>\n<p class=\"p_9\">El n\u00famero de\u00a0<b>asesinatos\u00a0<\/b>de enero de 2025 tambi\u00e9n es el m\u00e1s alto desde que asumi\u00f3 el poder en noviembre de 2023 el presidente Noboa, que busca la reelecci\u00f3n en la segunda vuelta electoral, programada para el 13 de abril, en la que se enfrentar\u00e1 Luisa Gonz\u00e1lez, del movimiento Revoluci\u00f3n Ciudadana.<\/p>\n<p class=\"p_10\">En diciembre de 2023, que cerraba como el m\u00e1s violento de la historia del pa\u00eds con picos de hasta 800 homicidios mensuales, se registraron 756 cr\u00edmenes, y la cifra disminuy\u00f3 a 505 en enero de 2024 tras la declaraci\u00f3n de \u00ab<b>conflicto armado interno<\/b>\u00bb para luchar contra las bandas criminales, causantes de esta escalada de violencia.<\/p>\n<p class=\"p_11\">Para enfrentar a estos grupos delictivos, dedicados principalmente al narcotr\u00e1fico, las extorsiones y la miner\u00eda ilegal, entre otras actividades il\u00edcitas, Noboa decret\u00f3 sucesivos\u00a0<b>estados de excepci\u00f3n<\/b>\u00a0para incorporar a las Fuerzas Armadas al combate contra la criminalidad, incluida la militarizaci\u00f3n de c\u00e1rceles controladas por estas bandas criminales.<\/p>\n<p class=\"p_12\">Las estad\u00edsticas oficiales se\u00f1alan que las muertes violentas cayeron a 387 en febrero de 2024, pero los homicidios volvieron poco a poco a subir con el transcurso de los meses hasta pasar los 600 en junio y los 700 en diciembre, pese al estado de excepci\u00f3n en las provincias con mayor \u00edndice delictivo del pa\u00eds.<\/p>\n<\/div>\n","protected":false},"excerpt":{"rendered":"<p>El presidente de la Rep\u00fablica,\u00a0Daniel Noboa, extendi\u00f3 por treinta d\u00edas m\u00e1s el\u00a0estado\u00a0de\u00a0excepci\u00f3n\u00a0en\u00a0siete provincias y dos cantones, a trav\u00e9s del Decreto Ejecutivo No. 552, firmado este lunes 3 de marzo de 2025. La medida rige en Guayas, Los R\u00edos, Manab\u00ed, Orellana, Santa Elena, El Oro, Sucumb\u00edos; el Distrito Metropolitano de Quito de la provincia de Pichincha, y el cant\u00f3n Camilo Ponce Enr\u00edquez de la provincia de Azuay, por\u00a0grave conmoci\u00f3n interna. El primer mandatario enfatiz\u00f3 que el\u00a0objetivo final\u00a0del estado de excepci\u00f3n es garantizar el orden p\u00fablico, la paz social y la convivencia pac\u00edfica de los ciudadanos. Adem\u00e1s, Noboa record\u00f3 la obligaci\u00f3n\u00a0establecida en el art\u00edculo 166 de la Constituci\u00f3n de la Rep\u00fablica que dispone: \u201c(&#8230;) las servidoras y servidores p\u00fablicos ser\u00e1n responsables por cualquier\u00a0abuso\u00a0que hubieran cometido en el ejercicio de sus\u00a0facultades\u00a0durante la vigencia del estado de excepci\u00f3n\u201d. Asimismo, se comunica a la ciudadan\u00eda sobre \u00abla\u00a0limitaci\u00f3n\u00a0del derecho a la inviolabilidad de\u00a0domicilio, inviolabilidad de correspondencia, y restricci\u00f3n de la libertad de tr\u00e1nsito\u00bb. Por \u00faltimo, se dispuso la notificaci\u00f3n del decreto a la Asamblea Nacional, a la Corte Constitucional, a la Organizaci\u00f3n de las Naciones Unidas (ONU) y a la Organizaci\u00f3n de los Estados Americanos (OEA). Ola de violencia en Ecuador Masacres por disputas de territorio entre bandas criminales, sicariatos, asaltos que terminan en muertes o balas perdidas que alcanzan a v\u00edctimas colaterales son ya parte del diario vivir de los ecuatorianos, que en enero pasado vivieron el inicio de a\u00f1o m\u00e1s violento desde que se tienen registros. Seg\u00fan cifras del Ministerio del Interior, en\u00a0enero\u00a0de este a\u00f1o se registraron\u00a0781 homicidios, 276 m\u00e1s que los 505 registrados en 2024, y 247 m\u00e1s que los 534 de 2023, a\u00f1o en el que Ecuador se situ\u00f3 a la cabeza en el \u00edndice de muertes violentas de Latinoam\u00e9rica. El n\u00famero de\u00a0asesinatos\u00a0de enero de 2025 tambi\u00e9n es el m\u00e1s alto desde que asumi\u00f3 el poder en noviembre de 2023 el presidente Noboa, que busca la reelecci\u00f3n en la segunda vuelta electoral, programada para el 13 de abril, en la que se enfrentar\u00e1 Luisa Gonz\u00e1lez, del movimiento Revoluci\u00f3n Ciudadana. En diciembre de 2023, que cerraba como el m\u00e1s violento de la historia del pa\u00eds con picos de hasta 800 homicidios mensuales, se registraron 756 cr\u00edmenes, y la cifra disminuy\u00f3 a 505 en enero de 2024 tras la declaraci\u00f3n de \u00abconflicto armado interno\u00bb para luchar contra las bandas criminales, causantes de esta escalada de violencia. Para enfrentar a estos grupos delictivos, dedicados principalmente al narcotr\u00e1fico, las extorsiones y la miner\u00eda ilegal, entre otras actividades il\u00edcitas, Noboa decret\u00f3 sucesivos\u00a0estados de excepci\u00f3n\u00a0para incorporar a las Fuerzas Armadas al combate contra la criminalidad, incluida la militarizaci\u00f3n de c\u00e1rceles controladas por estas bandas criminales. Las estad\u00edsticas oficiales se\u00f1alan que las muertes violentas cayeron a 387 en febrero de 2024, pero los homicidios volvieron poco a poco a subir con el transcurso de los meses hasta pasar los 600 en junio y los 700 en diciembre, pese al estado de excepci\u00f3n en las provincias con mayor \u00edndice delictivo del pa\u00eds.<\/p>\n","protected":false},"author":1,"featured_media":21694,"comment_status":"open","ping_status":"open","sticky":false,"template":"","format":"standard","meta":{"footnotes":""},"categories":[268],"tags":[],"class_list":["post-21693","post","type-post","status-publish","format-standard","has-post-thumbnail","hentry","category-nacionales"],"_links":{"self":[{"href":"https:\/\/www.elamazonico.com\/portal\/wp-json\/wp\/v2\/posts\/21693","targetHints":{"allow":["GET"]}}],"collection":[{"href":"https:\/\/www.elamazonico.com\/portal\/wp-json\/wp\/v2\/posts"}],"about":[{"href":"https:\/\/www.elamazonico.com\/portal\/wp-json\/wp\/v2\/types\/post"}],"author":[{"embeddable":true,"href":"https:\/\/www.elamazonico.com\/portal\/wp-json\/wp\/v2\/users\/1"}],"replies":[{"embeddable":true,"href":"https:\/\/www.elamazonico.com\/portal\/wp-json\/wp\/v2\/comments?post=21693"}],"version-history":[{"count":1,"href":"https:\/\/www.elamazonico.com\/portal\/wp-json\/wp\/v2\/posts\/21693\/revisions"}],"predecessor-version":[{"id":21695,"href":"https:\/\/www.elamazonico.com\/portal\/wp-json\/wp\/v2\/posts\/21693\/revisions\/21695"}],"wp:featuredmedia":[{"embeddable":true,"href":"https:\/\/www.elamazonico.com\/portal\/wp-json\/wp\/v2\/media\/21694"}],"wp:attachment":[{"href":"https:\/\/www.elamazonico.com\/portal\/wp-json\/wp\/v2\/media?parent=21693"}],"wp:term":[{"taxonomy":"category","embeddable":true,"href":"https:\/\/www.elamazonico.com\/portal\/wp-json\/wp\/v2\/categories?post=21693"},{"taxonomy":"post_tag","embeddable":true,"href":"https:\/\/www.elamazonico.com\/portal\/wp-json\/wp\/v2\/tags?post=21693"}],"curies":[{"name":"wp","href":"https:\/\/api.w.org\/{rel}","templated":true}]}}