{"id":21671,"date":"2025-03-03T20:08:15","date_gmt":"2025-03-04T01:08:15","guid":{"rendered":"https:\/\/www.elamazonico.com\/portal\/?p=21671"},"modified":"2025-03-03T20:08:15","modified_gmt":"2025-03-04T01:08:15","slug":"abogado-de-aquiles-alvarez-en-el-caso-triple-a-anuncia-que-recibio-amenazas-y-que-se-aparta-de-la-causa","status":"publish","type":"post","link":"https:\/\/www.elamazonico.com\/portal\/abogado-de-aquiles-alvarez-en-el-caso-triple-a-anuncia-que-recibio-amenazas-y-que-se-aparta-de-la-causa\/","title":{"rendered":"Abogado de Aquiles Alvarez en el caso Triple A anuncia que recibi\u00f3 amenazas y que se aparta de la causa"},"content":{"rendered":"<p>El abogado Emilio Santacruz denunci\u00f3 que ha recibido amenazas contra su vida y asegura que \u00e9stas estar\u00edan vinculadas al trabajo que ha realizado como abogado defensor del alcalde de Guayaquil, Aquiles Alvarez, en el llamado caso Triple A, que investiga a las empresas del funcionario por el delito de comercializaci\u00f3n ilegal de hidrocarburos en zonas fronterizas.<\/p>\n<p>\u201cHe sido objeto de graves amenazas, tanto contra mi vida e integridad, as\u00ed como contra la integridad de mi familia, amenazas que espec\u00edficamente se encuentran relacionadas al patrocinio que he ejercido a favor de mi cliente, el se\u00f1or alcalde de Guayaquil, Aquiles Alvarez, dentro del caso denominado AAA\u201d, se\u00f1al\u00f3 el abogado en su cuenta de X, la tarde de este lunes 3 de marzo de 2025.<\/p>\n<p>En su comunicado, adem\u00e1s, anunci\u00f3 su decisi\u00f3n de renunciar a la defensa t\u00e9cnica del caso en el que se desempe\u00f1aba como abogado patrocinador.<\/p>\n<blockquote><p>\u201cLamento profundamente apartarme de la representaci\u00f3n jur\u00eddica de Aquiles, dentro de esta injusta e infundada causa, pero dada la dif\u00edcil situaci\u00f3n de inseguridad que atraviesa el pa\u00eds, no puedo dejar de prestar atenci\u00f3n a estas amenazas y as\u00ed proteger mi integridad y la de mi familia\u201d. Emilio Santacruz, abogado<\/p><\/blockquote>\n<p>Santacruz anunci\u00f3 que presentar\u00e1 la denuncia formalmente en la Fiscal\u00eda para que se realicen las investigaciones respectivas.<\/p>\n<p>En el caso Triple A, la Fiscal\u00eda solicit\u00f3 la vinculaci\u00f3n del alcalde Aquiles Alvarez al proceso iniciado por el delito de comercializaci\u00f3n ilegal de combustible y en el que constan como procesadas diez empresas y directivos de las compa\u00f1\u00edas.<\/p>\n<p>Un juez acogi\u00f3 el pedido de la Fiscal\u00eda y dispuso que la audiencia en la que se vincular\u00e1 al alcalde se realice este mi\u00e9rcoles 5 de marzo a las 10:00, ah\u00ed tambi\u00e9n se prev\u00e9 vincular a otras nueve personas.<\/p>\n<p>No obstante, el alcalde ha se\u00f1alado que se encuentra \u201crecontra tranquilo\u201d respecto a esta investigaci\u00f3n de la Fiscal\u00eda, que lo indaga por su rol como gerente de la empresa Copedesa y otras compa\u00f1\u00edas, cargos que cumpli\u00f3 antes de resultar electo como alcalde de Guayaquil. <strong>Fuente: Primicias<\/strong><\/p>\n","protected":false},"excerpt":{"rendered":"<p>El abogado Emilio Santacruz denunci\u00f3 que ha recibido amenazas contra su vida y asegura que \u00e9stas estar\u00edan vinculadas al trabajo que ha realizado como abogado defensor del alcalde de Guayaquil, Aquiles Alvarez, en el llamado caso Triple A, que investiga a las empresas del funcionario por el delito de comercializaci\u00f3n ilegal de hidrocarburos en zonas fronterizas. \u201cHe sido objeto de graves amenazas, tanto contra mi vida e integridad, as\u00ed como contra la integridad de mi familia, amenazas que espec\u00edficamente se encuentran relacionadas al patrocinio que he ejercido a favor de mi cliente, el se\u00f1or alcalde de Guayaquil, Aquiles Alvarez, dentro del caso denominado AAA\u201d, se\u00f1al\u00f3 el abogado en su cuenta de X, la tarde de este lunes 3 de marzo de 2025. En su comunicado, adem\u00e1s, anunci\u00f3 su decisi\u00f3n de renunciar a la defensa t\u00e9cnica del caso en el que se desempe\u00f1aba como abogado patrocinador. \u201cLamento profundamente apartarme de la representaci\u00f3n jur\u00eddica de Aquiles, dentro de esta injusta e infundada causa, pero dada la dif\u00edcil situaci\u00f3n de inseguridad que atraviesa el pa\u00eds, no puedo dejar de prestar atenci\u00f3n a estas amenazas y as\u00ed proteger mi integridad y la de mi familia\u201d. Emilio Santacruz, abogado Santacruz anunci\u00f3 que presentar\u00e1 la denuncia formalmente en la Fiscal\u00eda para que se realicen las investigaciones respectivas. En el caso Triple A, la Fiscal\u00eda solicit\u00f3 la vinculaci\u00f3n del alcalde Aquiles Alvarez al proceso iniciado por el delito de comercializaci\u00f3n ilegal de combustible y en el que constan como procesadas diez empresas y directivos de las compa\u00f1\u00edas. Un juez acogi\u00f3 el pedido de la Fiscal\u00eda y dispuso que la audiencia en la que se vincular\u00e1 al alcalde se realice este mi\u00e9rcoles 5 de marzo a las 10:00, ah\u00ed tambi\u00e9n se prev\u00e9 vincular a otras nueve personas. No obstante, el alcalde ha se\u00f1alado que se encuentra \u201crecontra tranquilo\u201d respecto a esta investigaci\u00f3n de la Fiscal\u00eda, que lo indaga por su rol como gerente de la empresa Copedesa y otras compa\u00f1\u00edas, cargos que cumpli\u00f3 antes de resultar electo como alcalde de Guayaquil. Fuente: Primicias<\/p>\n","protected":false},"author":1,"featured_media":21672,"comment_status":"open","ping_status":"open","sticky":false,"template":"","format":"standard","meta":{"footnotes":""},"categories":[268],"tags":[],"class_list":["post-21671","post","type-post","status-publish","format-standard","has-post-thumbnail","hentry","category-nacionales"],"_links":{"self":[{"href":"https:\/\/www.elamazonico.com\/portal\/wp-json\/wp\/v2\/posts\/21671","targetHints":{"allow":["GET"]}}],"collection":[{"href":"https:\/\/www.elamazonico.com\/portal\/wp-json\/wp\/v2\/posts"}],"about":[{"href":"https:\/\/www.elamazonico.com\/portal\/wp-json\/wp\/v2\/types\/post"}],"author":[{"embeddable":true,"href":"https:\/\/www.elamazonico.com\/portal\/wp-json\/wp\/v2\/users\/1"}],"replies":[{"embeddable":true,"href":"https:\/\/www.elamazonico.com\/portal\/wp-json\/wp\/v2\/comments?post=21671"}],"version-history":[{"count":1,"href":"https:\/\/www.elamazonico.com\/portal\/wp-json\/wp\/v2\/posts\/21671\/revisions"}],"predecessor-version":[{"id":21673,"href":"https:\/\/www.elamazonico.com\/portal\/wp-json\/wp\/v2\/posts\/21671\/revisions\/21673"}],"wp:featuredmedia":[{"embeddable":true,"href":"https:\/\/www.elamazonico.com\/portal\/wp-json\/wp\/v2\/media\/21672"}],"wp:attachment":[{"href":"https:\/\/www.elamazonico.com\/portal\/wp-json\/wp\/v2\/media?parent=21671"}],"wp:term":[{"taxonomy":"category","embeddable":true,"href":"https:\/\/www.elamazonico.com\/portal\/wp-json\/wp\/v2\/categories?post=21671"},{"taxonomy":"post_tag","embeddable":true,"href":"https:\/\/www.elamazonico.com\/portal\/wp-json\/wp\/v2\/tags?post=21671"}],"curies":[{"name":"wp","href":"https:\/\/api.w.org\/{rel}","templated":true}]}}