{"id":21665,"date":"2025-03-03T20:01:43","date_gmt":"2025-03-04T01:01:43","guid":{"rendered":"https:\/\/www.elamazonico.com\/portal\/?p=21665"},"modified":"2025-03-03T20:01:43","modified_gmt":"2025-03-04T01:01:43","slug":"jorge-guzman-nos-han-dejado-una-tragedia","status":"publish","type":"post","link":"https:\/\/www.elamazonico.com\/portal\/jorge-guzman-nos-han-dejado-una-tragedia\/","title":{"rendered":"Jorge Guzm\u00e1n: \u00abNos han dejado una tragedia\u00bb"},"content":{"rendered":"<p>El presidente de Emelec,\u00a0<strong>Jorge Guzm\u00e1n,<\/strong>\u00a0fue directo. \u00c9l dijo que heredar\u00e1 un equipo en una terrible situaci\u00f3n econ\u00f3mica. Sin embargo, advirti\u00f3, sab\u00eda en lo que se met\u00eda y que est\u00e1 preparado para encarar el reto.<\/p>\n<p>\u00abEste directorio (saliente) se va por la puerta de atr\u00e1s. Ha dejado una\u00a0<strong>tragedia<\/strong>\u00a0para el club, una herencia mal dada y asumimos esto porque somos valientes\u00bb, inici\u00f3 Guzm\u00e1n.<\/p>\n<p>Seg\u00fan \u00e9l, hay muchas cosas m\u00e1s por descubrir sobre la realidad econ\u00f3mica del equipo. \u00abDetr\u00e1s de esta cortina de acero con la que se ha cubierto la verdad en\u00a0<strong>Emelec<\/strong>, todav\u00eda hay m\u00e1s, pero estamos preparados, a nosotros nadie nos va a sacar en esta lucha que tenemos\u201d, agreg\u00f3.<\/p>\n<p>Guzm\u00e1n sostiene que \u00abse ha rescatado el club\u00bb despu\u00e9s de \u00ab<strong>tantas trabas legales<\/strong>\u00bb que se quisieron poner antes de las elecciones.<\/p>\n<p>\u00abHoy rescatamos a Emelec. Hemos vencido a un grupo de personas que se hab\u00edan\u00a0<strong>apoderado<\/strong>\u00a0del club y que hab\u00edan decidido que ninguna de las dos listas estaba en condiciones de asumir a Emelec. Los candidatos que nos presentamos fuimos valientes para asumir este reto\u00bb, concluy\u00f3.<\/p>\n<p>Guzm\u00e1n asumir\u00e1 la presidencia una vez que el directorio quede habilitado en el Ministerio del Deporte. <strong>Fuente: El Tel\u00e9grafo<\/strong><\/p>\n","protected":false},"excerpt":{"rendered":"<p>El presidente de Emelec,\u00a0Jorge Guzm\u00e1n,\u00a0fue directo. \u00c9l dijo que heredar\u00e1 un equipo en una terrible situaci\u00f3n econ\u00f3mica. Sin embargo, advirti\u00f3, sab\u00eda en lo que se met\u00eda y que est\u00e1 preparado para encarar el reto. \u00abEste directorio (saliente) se va por la puerta de atr\u00e1s. Ha dejado una\u00a0tragedia\u00a0para el club, una herencia mal dada y asumimos esto porque somos valientes\u00bb, inici\u00f3 Guzm\u00e1n. Seg\u00fan \u00e9l, hay muchas cosas m\u00e1s por descubrir sobre la realidad econ\u00f3mica del equipo. \u00abDetr\u00e1s de esta cortina de acero con la que se ha cubierto la verdad en\u00a0Emelec, todav\u00eda hay m\u00e1s, pero estamos preparados, a nosotros nadie nos va a sacar en esta lucha que tenemos\u201d, agreg\u00f3. Guzm\u00e1n sostiene que \u00abse ha rescatado el club\u00bb despu\u00e9s de \u00abtantas trabas legales\u00bb que se quisieron poner antes de las elecciones. \u00abHoy rescatamos a Emelec. Hemos vencido a un grupo de personas que se hab\u00edan\u00a0apoderado\u00a0del club y que hab\u00edan decidido que ninguna de las dos listas estaba en condiciones de asumir a Emelec. Los candidatos que nos presentamos fuimos valientes para asumir este reto\u00bb, concluy\u00f3. Guzm\u00e1n asumir\u00e1 la presidencia una vez que el directorio quede habilitado en el Ministerio del Deporte. Fuente: El Tel\u00e9grafo<\/p>\n","protected":false},"author":1,"featured_media":21666,"comment_status":"open","ping_status":"open","sticky":false,"template":"","format":"standard","meta":{"footnotes":""},"categories":[6],"tags":[],"class_list":["post-21665","post","type-post","status-publish","format-standard","has-post-thumbnail","hentry","category-deportes"],"_links":{"self":[{"href":"https:\/\/www.elamazonico.com\/portal\/wp-json\/wp\/v2\/posts\/21665","targetHints":{"allow":["GET"]}}],"collection":[{"href":"https:\/\/www.elamazonico.com\/portal\/wp-json\/wp\/v2\/posts"}],"about":[{"href":"https:\/\/www.elamazonico.com\/portal\/wp-json\/wp\/v2\/types\/post"}],"author":[{"embeddable":true,"href":"https:\/\/www.elamazonico.com\/portal\/wp-json\/wp\/v2\/users\/1"}],"replies":[{"embeddable":true,"href":"https:\/\/www.elamazonico.com\/portal\/wp-json\/wp\/v2\/comments?post=21665"}],"version-history":[{"count":1,"href":"https:\/\/www.elamazonico.com\/portal\/wp-json\/wp\/v2\/posts\/21665\/revisions"}],"predecessor-version":[{"id":21667,"href":"https:\/\/www.elamazonico.com\/portal\/wp-json\/wp\/v2\/posts\/21665\/revisions\/21667"}],"wp:featuredmedia":[{"embeddable":true,"href":"https:\/\/www.elamazonico.com\/portal\/wp-json\/wp\/v2\/media\/21666"}],"wp:attachment":[{"href":"https:\/\/www.elamazonico.com\/portal\/wp-json\/wp\/v2\/media?parent=21665"}],"wp:term":[{"taxonomy":"category","embeddable":true,"href":"https:\/\/www.elamazonico.com\/portal\/wp-json\/wp\/v2\/categories?post=21665"},{"taxonomy":"post_tag","embeddable":true,"href":"https:\/\/www.elamazonico.com\/portal\/wp-json\/wp\/v2\/tags?post=21665"}],"curies":[{"name":"wp","href":"https:\/\/api.w.org\/{rel}","templated":true}]}}