{"id":21662,"date":"2025-03-03T19:59:49","date_gmt":"2025-03-04T00:59:49","guid":{"rendered":"https:\/\/www.elamazonico.com\/portal\/?p=21662"},"modified":"2025-03-03T19:59:52","modified_gmt":"2025-03-04T00:59:52","slug":"djorkaeff-reasco-es-el-nuevo-jugador-de-el-nacional","status":"publish","type":"post","link":"https:\/\/www.elamazonico.com\/portal\/djorkaeff-reasco-es-el-nuevo-jugador-de-el-nacional\/","title":{"rendered":"Djorkaeff Reasco es el nuevo jugador de El Nacional"},"content":{"rendered":"<p><strong>El delantero ecuatoriano Djorkaeff Reasco es el nuevo jugador de El Nacional<\/strong>. El cuadro militar anunci\u00f3 la incorporaci\u00f3n del mundialista, que tendr\u00e1 un contrato hasta el final de la temporada.<\/p>\n<p><strong>Reasco proviene de Barcelona SC<\/strong>, equipo con el que no logr\u00f3 consolidarse y donde apenas anot\u00f3 un gol en toda la temporada 2024.<\/p>\n<p>Antes, el futbolista pas\u00f3 por Instituto de C\u00f3rdoba y Newell&#8217;s Old Boys de Argentina, as\u00ed como Liga de Quito.\u00a0<strong>Este fue el \u00faltimo club donde destac\u00f3 el ariete de 26 a\u00f1os<\/strong>, tras marcar siete tantos en la temporada 2021.<\/p>\n<p>Reasco tambi\u00e9n form\u00f3 parte de la n\u00f3mina del DT\u00a0<strong>Gustavo Alfaro<\/strong>\u00a0para jugar en la Copa Mundial de Qatar 2022, en la que Ecuador cay\u00f3 en la primera ronda.<\/p>\n<p>El Nacional, por su parte, solo participar\u00e1 este a\u00f1o en los torneos locales,\u00a0<strong>luego de ser eliminado por Barcelona SC<\/strong> en la segunda fase previa de la Copa Libertadores.\u00a0 <strong>Fuente: El Tel\u00e9grafo<\/strong><\/p>\n","protected":false},"excerpt":{"rendered":"<p>El delantero ecuatoriano Djorkaeff Reasco es el nuevo jugador de El Nacional. El cuadro militar anunci\u00f3 la incorporaci\u00f3n del mundialista, que tendr\u00e1 un contrato hasta el final de la temporada. Reasco proviene de Barcelona SC, equipo con el que no logr\u00f3 consolidarse y donde apenas anot\u00f3 un gol en toda la temporada 2024. Antes, el futbolista pas\u00f3 por Instituto de C\u00f3rdoba y Newell&#8217;s Old Boys de Argentina, as\u00ed como Liga de Quito.\u00a0Este fue el \u00faltimo club donde destac\u00f3 el ariete de 26 a\u00f1os, tras marcar siete tantos en la temporada 2021. Reasco tambi\u00e9n form\u00f3 parte de la n\u00f3mina del DT\u00a0Gustavo Alfaro\u00a0para jugar en la Copa Mundial de Qatar 2022, en la que Ecuador cay\u00f3 en la primera ronda. El Nacional, por su parte, solo participar\u00e1 este a\u00f1o en los torneos locales,\u00a0luego de ser eliminado por Barcelona SC en la segunda fase previa de la Copa Libertadores.\u00a0 Fuente: El Tel\u00e9grafo<\/p>\n","protected":false},"author":1,"featured_media":21663,"comment_status":"open","ping_status":"open","sticky":false,"template":"","format":"standard","meta":{"footnotes":""},"categories":[6],"tags":[],"class_list":["post-21662","post","type-post","status-publish","format-standard","has-post-thumbnail","hentry","category-deportes"],"_links":{"self":[{"href":"https:\/\/www.elamazonico.com\/portal\/wp-json\/wp\/v2\/posts\/21662","targetHints":{"allow":["GET"]}}],"collection":[{"href":"https:\/\/www.elamazonico.com\/portal\/wp-json\/wp\/v2\/posts"}],"about":[{"href":"https:\/\/www.elamazonico.com\/portal\/wp-json\/wp\/v2\/types\/post"}],"author":[{"embeddable":true,"href":"https:\/\/www.elamazonico.com\/portal\/wp-json\/wp\/v2\/users\/1"}],"replies":[{"embeddable":true,"href":"https:\/\/www.elamazonico.com\/portal\/wp-json\/wp\/v2\/comments?post=21662"}],"version-history":[{"count":1,"href":"https:\/\/www.elamazonico.com\/portal\/wp-json\/wp\/v2\/posts\/21662\/revisions"}],"predecessor-version":[{"id":21664,"href":"https:\/\/www.elamazonico.com\/portal\/wp-json\/wp\/v2\/posts\/21662\/revisions\/21664"}],"wp:featuredmedia":[{"embeddable":true,"href":"https:\/\/www.elamazonico.com\/portal\/wp-json\/wp\/v2\/media\/21663"}],"wp:attachment":[{"href":"https:\/\/www.elamazonico.com\/portal\/wp-json\/wp\/v2\/media?parent=21662"}],"wp:term":[{"taxonomy":"category","embeddable":true,"href":"https:\/\/www.elamazonico.com\/portal\/wp-json\/wp\/v2\/categories?post=21662"},{"taxonomy":"post_tag","embeddable":true,"href":"https:\/\/www.elamazonico.com\/portal\/wp-json\/wp\/v2\/tags?post=21662"}],"curies":[{"name":"wp","href":"https:\/\/api.w.org\/{rel}","templated":true}]}}