{"id":21658,"date":"2025-03-03T19:56:59","date_gmt":"2025-03-04T00:56:59","guid":{"rendered":"https:\/\/www.elamazonico.com\/portal\/?p=21658"},"modified":"2025-03-03T19:57:43","modified_gmt":"2025-03-04T00:57:43","slug":"canton-santa-rosa-de-el-oro-en-emergencia-por-desbordamiento-de-rios","status":"publish","type":"post","link":"https:\/\/www.elamazonico.com\/portal\/canton-santa-rosa-de-el-oro-en-emergencia-por-desbordamiento-de-rios\/","title":{"rendered":"Cant\u00f3n Santa Rosa de El Oro en emergencia por desbordamiento de r\u00edos"},"content":{"rendered":"<div class=\"paragraph texto\">\n<p class=\"p_0\">El cant\u00f3n\u00a0<b>Santa Rosa<\/b>, en la provincia de El Oro,\u00a0<b>fue declarado en emergencia este lunes 3 de marzo de 2025<\/b>\u00a0debido al desbordamiento de r\u00edos y canales de aguas lluvias.<\/p>\n<p class=\"p_0\">Seg\u00fan un bolet\u00edn del municipio, las intensas precipitaciones entre la noche del domingo 2 y la madrugada del lunes 3 de marzo provocaron el desbordamiento del\u00a0<b>r\u00edo Santa Rosa<\/b>, inundando principalmente el barrio\u00a0<b>Primero de Enero.<\/b><\/p>\n<p class=\"p_1\">\n<\/div>\n<div class=\"multimediaMacroWrapper img lateral\">\n<figure class=\"contentMedia art-img\">\n<div><img fetchpriority=\"high\" decoding=\"async\" class=\" lazyloaded\" title=\"Las lluvias en Santa Rosa provocaron la inundaci\u00f3n de r\u00edos y han dejado comunidades anegadas.\" src=\"https:\/\/www.vistazo.com\/placeholder\/svg\/viewbox\/768x432\" sizes=\"100vw\" srcset=\"\/\/www.vistazo.com\/binrepository\/768x432\/0c0\/0d0\/none\/12727\/PYHK\/2025-03-03-santa-rosa-2_2052017_20250303192249.jpg 768w,\/\/www.vistazo.com\/binrepository\/640x360\/0c0\/0d0\/none\/12727\/PYHF\/2025-03-03-santa-rosa-2_2052017_20250303192249.jpg 640w,\/\/www.vistazo.com\/binrepository\/512x288\/0c0\/0d0\/none\/12727\/PYHC\/2025-03-03-santa-rosa-2_2052017_20250303192249.jpg 512w,\/\/www.vistazo.com\/binrepository\/384x216\/0c0\/0d0\/none\/12727\/PYHI\/2025-03-03-santa-rosa-2_2052017_20250303192249.jpg 384w,\/\/www.vistazo.com\/binrepository\/300x169\/0c0\/0d0\/none\/12727\/PYHL\/2025-03-03-santa-rosa-2_2052017_20250303192249.jpg 300w\" alt=\"$!Las lluvias en Santa Rosa provocaron la inundaci\u00f3n de r\u00edos y han dejado comunidades anegadas.\" width=\"768\" height=\"432\" data-srcset=\"\/\/www.vistazo.com\/binrepository\/768x432\/0c0\/0d0\/none\/12727\/PYHK\/2025-03-03-santa-rosa-2_2052017_20250303192249.jpg 768w,\/\/www.vistazo.com\/binrepository\/640x360\/0c0\/0d0\/none\/12727\/PYHF\/2025-03-03-santa-rosa-2_2052017_20250303192249.jpg 640w,\/\/www.vistazo.com\/binrepository\/512x288\/0c0\/0d0\/none\/12727\/PYHC\/2025-03-03-santa-rosa-2_2052017_20250303192249.jpg 512w,\/\/www.vistazo.com\/binrepository\/384x216\/0c0\/0d0\/none\/12727\/PYHI\/2025-03-03-santa-rosa-2_2052017_20250303192249.jpg 384w,\/\/www.vistazo.com\/binrepository\/300x169\/0c0\/0d0\/none\/12727\/PYHL\/2025-03-03-santa-rosa-2_2052017_20250303192249.jpg 300w\" \/><\/div>\n<div class=\"cutline-byline\"><span class=\"cutline-text\">Las lluvias en Santa Rosa provocaron la inundaci\u00f3n de r\u00edos y han dejado comunidades anegadas.<\/span>\u00a0<span class=\"byline-image\">(Foto: Municipio de Santa Rosa.)<\/span><\/div>\n<\/figure>\n<\/div>\n<div class=\"paragraph texto\">\n<p class=\"p_3\">Otras zonas afectadas incluyen los barrios\u00a0<b>29 de Noviembre, Los Helechos, Miguel Concha \u00c1lvarez, Ernesto Nieto y Fausto Ram\u00f3n.<\/b>\u00a0Tambi\u00e9n se registraron anegaciones en las avenidas\u00a0<b>Sixto Dur\u00e1n Ball\u00e9n, Filomeno Pesantes, Quito e Imbabura<\/b>, adem\u00e1s de la calle Eloy Alfaro.<\/p>\n<div>\n<div>\n<div class=\"trv-player-container\">\n<div class=\"trv-wrapper\">\n<div id=\"br_video_player_248dcaf9d6f1ffd7b2a2aa3973603c5a7a4d6079\" class=\"trvd_video_player trvdfloater trv-right\">\n<div class=\"media-player\">\n<div class=\"trv-video\">\n<div id=\"truvid_ima_container64760\" class=\"truvid_ima_container\">\n<div>El<b>\u00a0r\u00edo Pital\u00a0<\/b>tambi\u00e9n se sali\u00f3 de su cauce, afectando el acceso a<b>\u00a0Santa Rosa<\/b>\u00a0a la altura de la gasolinera\u00a0<b>La Victoria<\/b>, en la parroquia\u00a0<b>El Retiro<\/b>, jurisdicci\u00f3n de Machala.<\/div>\n<\/div>\n<\/div>\n<\/div>\n<\/div>\n<\/div>\n<\/div>\n<\/div>\n<\/div>\n<\/div>\n<div class=\"paragraph texto\">\n<p class=\"p_5\">Las autoridades activaron protocolos de emergencia y desplegaron maquinaria de brazo largo en el puente diagonal al<b>\u00a0colegio Zoila Ugarte de Land\u00edvar<\/b>\u00a0para retirar la palizada y evitar el represamiento del agua.<\/p>\n<\/div>\n<div class=\"html_text\">\n<div class=\"twitter-tweet twitter-tweet-rendered\"><iframe id=\"twitter-widget-0\" class=\"\" title=\"X Post\" src=\"https:\/\/platform.twitter.com\/embed\/Tweet.html?dnt=false&amp;embedId=twitter-widget-0&amp;features=eyJ0ZndfdGltZWxpbmVfbGlzdCI6eyJidWNrZXQiOltdLCJ2ZXJzaW9uIjpudWxsfSwidGZ3X2ZvbGxvd2VyX2NvdW50X3N1bnNldCI6eyJidWNrZXQiOnRydWUsInZlcnNpb24iOm51bGx9LCJ0ZndfdHdlZXRfZWRpdF9iYWNrZW5kIjp7ImJ1Y2tldCI6Im9uIiwidmVyc2lvbiI6bnVsbH0sInRmd19yZWZzcmNfc2Vzc2lvbiI6eyJidWNrZXQiOiJvbiIsInZlcnNpb24iOm51bGx9LCJ0ZndfZm9zbnJfc29mdF9pbnRlcnZlbnRpb25zX2VuYWJsZWQiOnsiYnVja2V0Ijoib24iLCJ2ZXJzaW9uIjpudWxsfSwidGZ3X21peGVkX21lZGlhXzE1ODk3Ijp7ImJ1Y2tldCI6InRyZWF0bWVudCIsInZlcnNpb24iOm51bGx9LCJ0ZndfZXhwZXJpbWVudHNfY29va2llX2V4cGlyYXRpb24iOnsiYnVja2V0IjoxMjA5NjAwLCJ2ZXJzaW9uIjpudWxsfSwidGZ3X3Nob3dfYmlyZHdhdGNoX3Bpdm90c19lbmFibGVkIjp7ImJ1Y2tldCI6Im9uIiwidmVyc2lvbiI6bnVsbH0sInRmd19kdXBsaWNhdGVfc2NyaWJlc190b19zZXR0aW5ncyI6eyJidWNrZXQiOiJvbiIsInZlcnNpb24iOm51bGx9LCJ0ZndfdXNlX3Byb2ZpbGVfaW1hZ2Vfc2hhcGVfZW5hYmxlZCI6eyJidWNrZXQiOiJvbiIsInZlcnNpb24iOm51bGx9LCJ0ZndfdmlkZW9faGxzX2R5bmFtaWNfbWFuaWZlc3RzXzE1MDgyIjp7ImJ1Y2tldCI6InRydWVfYml0cmF0ZSIsInZlcnNpb24iOm51bGx9LCJ0ZndfbGVnYWN5X3RpbWVsaW5lX3N1bnNldCI6eyJidWNrZXQiOnRydWUsInZlcnNpb24iOm51bGx9LCJ0ZndfdHdlZXRfZWRpdF9mcm9udGVuZCI6eyJidWNrZXQiOiJvbiIsInZlcnNpb24iOm51bGx9fQ%3D%3D&amp;frame=false&amp;hideCard=false&amp;hideThread=false&amp;id=1896648691437781148&amp;lang=es&amp;origin=https%3A%2F%2Fwww.vistazo.com%2Factualidad%2Fnacional%2F2025-03-03-canton-santa-rosa-el-oro-emergencia-desbordamiento-de-rios-XY8908536&amp;sessionId=beee735f730c1384ed2d690424fe4f0d2dbc7377&amp;theme=light&amp;widgetsVersion=2615f7e52b7e0%3A1702314776716&amp;width=550px\" frameborder=\"0\" scrolling=\"no\" allowfullscreen=\"allowfullscreen\" data-tweet-id=\"1896648691437781148\" data-mce-fragment=\"1\"><\/iframe><\/div>\n<\/div>\n<h2 class=\"h2vistazo\">Emergencia en Santa Rosa: m\u00e1s de mil familias afectadas por fuertes lluvias<\/h2>\n<div class=\"paragraph texto\">\n<p class=\"p_6\">Un informe preliminar estima que\u00a0<b>m\u00e1s de 1.000 familias han resultado afectadas por el invierno.<\/b>\u00a0Actualmente, hay 4<b>2 albergues habilitados en Santa Rosa.<\/b><\/p>\n<p class=\"p_7\">Con esta declaraci\u00f3n, el cant\u00f3n se suma a<b>\u00a0Pi\u00f1as y Portovelo<\/b>, que tambi\u00e9n han sido declarados en emergencia debido a las fuertes lluvias.<\/p>\n<\/div>\n","protected":false},"excerpt":{"rendered":"<p>El cant\u00f3n\u00a0Santa Rosa, en la provincia de El Oro,\u00a0fue declarado en emergencia este lunes 3 de marzo de 2025\u00a0debido al desbordamiento de r\u00edos y canales de aguas lluvias. Seg\u00fan un bolet\u00edn del municipio, las intensas precipitaciones entre la noche del domingo 2 y la madrugada del lunes 3 de marzo provocaron el desbordamiento del\u00a0r\u00edo Santa Rosa, inundando principalmente el barrio\u00a0Primero de Enero. Las lluvias en Santa Rosa provocaron la inundaci\u00f3n de r\u00edos y han dejado comunidades anegadas.\u00a0(Foto: Municipio de Santa Rosa.) Otras zonas afectadas incluyen los barrios\u00a029 de Noviembre, Los Helechos, Miguel Concha \u00c1lvarez, Ernesto Nieto y Fausto Ram\u00f3n.\u00a0Tambi\u00e9n se registraron anegaciones en las avenidas\u00a0Sixto Dur\u00e1n Ball\u00e9n, Filomeno Pesantes, Quito e Imbabura, adem\u00e1s de la calle Eloy Alfaro. El\u00a0r\u00edo Pital\u00a0tambi\u00e9n se sali\u00f3 de su cauce, afectando el acceso a\u00a0Santa Rosa\u00a0a la altura de la gasolinera\u00a0La Victoria, en la parroquia\u00a0El Retiro, jurisdicci\u00f3n de Machala. Las autoridades activaron protocolos de emergencia y desplegaron maquinaria de brazo largo en el puente diagonal al\u00a0colegio Zoila Ugarte de Land\u00edvar\u00a0para retirar la palizada y evitar el represamiento del agua. Emergencia en Santa Rosa: m\u00e1s de mil familias afectadas por fuertes lluvias Un informe preliminar estima que\u00a0m\u00e1s de 1.000 familias han resultado afectadas por el invierno.\u00a0Actualmente, hay 42 albergues habilitados en Santa Rosa. Con esta declaraci\u00f3n, el cant\u00f3n se suma a\u00a0Pi\u00f1as y Portovelo, que tambi\u00e9n han sido declarados en emergencia debido a las fuertes lluvias.<\/p>\n","protected":false},"author":1,"featured_media":21659,"comment_status":"open","ping_status":"open","sticky":false,"template":"","format":"standard","meta":{"footnotes":""},"categories":[268],"tags":[],"class_list":["post-21658","post","type-post","status-publish","format-standard","has-post-thumbnail","hentry","category-nacionales"],"_links":{"self":[{"href":"https:\/\/www.elamazonico.com\/portal\/wp-json\/wp\/v2\/posts\/21658","targetHints":{"allow":["GET"]}}],"collection":[{"href":"https:\/\/www.elamazonico.com\/portal\/wp-json\/wp\/v2\/posts"}],"about":[{"href":"https:\/\/www.elamazonico.com\/portal\/wp-json\/wp\/v2\/types\/post"}],"author":[{"embeddable":true,"href":"https:\/\/www.elamazonico.com\/portal\/wp-json\/wp\/v2\/users\/1"}],"replies":[{"embeddable":true,"href":"https:\/\/www.elamazonico.com\/portal\/wp-json\/wp\/v2\/comments?post=21658"}],"version-history":[{"count":1,"href":"https:\/\/www.elamazonico.com\/portal\/wp-json\/wp\/v2\/posts\/21658\/revisions"}],"predecessor-version":[{"id":21660,"href":"https:\/\/www.elamazonico.com\/portal\/wp-json\/wp\/v2\/posts\/21658\/revisions\/21660"}],"wp:featuredmedia":[{"embeddable":true,"href":"https:\/\/www.elamazonico.com\/portal\/wp-json\/wp\/v2\/media\/21659"}],"wp:attachment":[{"href":"https:\/\/www.elamazonico.com\/portal\/wp-json\/wp\/v2\/media?parent=21658"}],"wp:term":[{"taxonomy":"category","embeddable":true,"href":"https:\/\/www.elamazonico.com\/portal\/wp-json\/wp\/v2\/categories?post=21658"},{"taxonomy":"post_tag","embeddable":true,"href":"https:\/\/www.elamazonico.com\/portal\/wp-json\/wp\/v2\/tags?post=21658"}],"curies":[{"name":"wp","href":"https:\/\/api.w.org\/{rel}","templated":true}]}}