{"id":21652,"date":"2025-03-03T19:50:00","date_gmt":"2025-03-04T00:50:00","guid":{"rendered":"https:\/\/www.elamazonico.com\/portal\/?p=21652"},"modified":"2025-03-03T19:50:00","modified_gmt":"2025-03-04T00:50:00","slug":"noboa-recorre-zona-afectada-por-aluvion-en-pinas","status":"publish","type":"post","link":"https:\/\/www.elamazonico.com\/portal\/noboa-recorre-zona-afectada-por-aluvion-en-pinas\/","title":{"rendered":"Noboa recorre zona afectada por aluvi\u00f3n en Pi\u00f1as"},"content":{"rendered":"<div class=\"paragraph texto\">\n<p class=\"p_0\">El presidente de la Rep\u00fablica, Daniel Noboa, visit\u00f3 este lunes 3 de marzo de 2025 el\u00a0<b><a href=\"https:\/\/www.vistazo.com\/cronologia\/-\/meta\/deslave-en-pinas\" target=\"_blank\" rel=\"noopener noreferrer\">cant\u00f3n Pi\u00f1as<\/a><\/b>, en el sur del pa\u00eds, donde el pasado viernes\u00a0<b>dos personas fallecieron y m\u00e1s de 400 resultaron afectadas<\/b>\u00a0tras un aluvi\u00f3n causado por las intensas lluvias que azotan Ecuador desde enero.<\/p>\n<p class=\"p_2\">Durante su recorrido, Noboa acudi\u00f3 a un albergue temporal ubicado en el coliseo\u00a0<b>Jos\u00e9 Gallardo Moscoso<\/b>, donde convers\u00f3 con los damnificados y evalu\u00f3 la situaci\u00f3n.<\/p>\n<\/div>\n<div class=\"multimediaMacroWrapper img lateral\">\n<figure class=\"contentMedia art-img\">\n<div><img fetchpriority=\"high\" decoding=\"async\" class=\" lazyloaded\" title=\"El presidente Daniel Noboa junto a la alcaldesa de Pi\u00f1as, Teresa Feij\u00f3o, durante la visita a la zona del aluvi\u00f3n el lunes 3 de marzo.\" src=\"https:\/\/www.vistazo.com\/placeholder\/svg\/viewbox\/768x512\" sizes=\"100vw\" srcset=\"\/\/www.vistazo.com\/binrepository\/768x512\/0c0\/0d0\/none\/12727\/BAND\/2025-03-03-noboa-pinas-alcaldesa-feijo_2051842_20250303172942.jpg 768w,\/\/www.vistazo.com\/binrepository\/640x427\/0c0\/0d0\/none\/12727\/BANP\/2025-03-03-noboa-pinas-alcaldesa-feijo_2051842_20250303172942.jpg 640w,\/\/www.vistazo.com\/binrepository\/512x341\/0c0\/0d0\/none\/12727\/BANM\/2025-03-03-noboa-pinas-alcaldesa-feijo_2051842_20250303172942.jpg 512w,\/\/www.vistazo.com\/binrepository\/384x256\/0c0\/0d0\/none\/12727\/BANC\/2025-03-03-noboa-pinas-alcaldesa-feijo_2051842_20250303172942.jpg 384w,\/\/www.vistazo.com\/binrepository\/300x200\/0c0\/0d0\/none\/12727\/BANN\/2025-03-03-noboa-pinas-alcaldesa-feijo_2051842_20250303172942.jpg 300w\" alt=\"$!El presidente Daniel Noboa junto a la alcaldesa de Pi\u00f1as, Teresa Feij\u00f3o, durante la visita a la zona del aluvi\u00f3n el lunes 3 de marzo.\" width=\"768\" height=\"512\" data-srcset=\"\/\/www.vistazo.com\/binrepository\/768x512\/0c0\/0d0\/none\/12727\/BAND\/2025-03-03-noboa-pinas-alcaldesa-feijo_2051842_20250303172942.jpg 768w,\/\/www.vistazo.com\/binrepository\/640x427\/0c0\/0d0\/none\/12727\/BANP\/2025-03-03-noboa-pinas-alcaldesa-feijo_2051842_20250303172942.jpg 640w,\/\/www.vistazo.com\/binrepository\/512x341\/0c0\/0d0\/none\/12727\/BANM\/2025-03-03-noboa-pinas-alcaldesa-feijo_2051842_20250303172942.jpg 512w,\/\/www.vistazo.com\/binrepository\/384x256\/0c0\/0d0\/none\/12727\/BANC\/2025-03-03-noboa-pinas-alcaldesa-feijo_2051842_20250303172942.jpg 384w,\/\/www.vistazo.com\/binrepository\/300x200\/0c0\/0d0\/none\/12727\/BANN\/2025-03-03-noboa-pinas-alcaldesa-feijo_2051842_20250303172942.jpg 300w\" \/><\/div>\n<div class=\"cutline-byline\"><span class=\"cutline-text\">El presidente Daniel Noboa junto a la alcaldesa de Pi\u00f1as, Teresa Feij\u00f3o, durante la visita a la zona del aluvi\u00f3n el lunes 3 de marzo.\u00a0<\/span><span class=\"byline-image\">(Foto: Flickr Presidencia\/ Mauricio Torres)<\/span><\/div>\n<\/figure>\n<\/div>\n<div class=\"paragraph texto\">\n<p class=\"p_3\">Por su parte, el ministro de Desarrollo Urbano y Vivienda<b>, Humberto Plaza<\/b>, confirm\u00f3 que se prev\u00e9\u00a0<b>la construcci\u00f3n de 150 viviendas<\/b>\u00a0en un terreno municipal\u00a0<b>para reubicar a las familias<\/b>\u00a0que perdieron sus hogares.<\/p>\n<div class=\"Center2Display\"><\/div>\n<\/div>\n<h2 class=\"h2vistazo\">Pi\u00f1as sigue en emergencia por lluvias y deslizamientos<\/h2>\n<div class=\"multimediaMacroWrapper img lateral\">\n<figure class=\"contentMedia art-img\">\n<div><img decoding=\"async\" class=\" lazyloaded\" title=\"Vista de la zona del desastre en el cant\u00f3n Pi\u00f1as.\" src=\"https:\/\/www.vistazo.com\/placeholder\/svg\/viewbox\/768x432\" sizes=\"100vw\" srcset=\"\/\/www.vistazo.com\/binrepository\/768x432\/0c0\/0d0\/none\/12727\/MIXF\/2025-03-03-pinas-en-emergencia-2_2051849_20250303173558.jpg 768w,\/\/www.vistazo.com\/binrepository\/640x360\/0c0\/0d0\/none\/12727\/MIXQ\/2025-03-03-pinas-en-emergencia-2_2051849_20250303173558.jpg 640w,\/\/www.vistazo.com\/binrepository\/512x288\/0c0\/0d0\/none\/12727\/MIXN\/2025-03-03-pinas-en-emergencia-2_2051849_20250303173558.jpg 512w,\/\/www.vistazo.com\/binrepository\/384x216\/0c0\/0d0\/none\/12727\/MIXL\/2025-03-03-pinas-en-emergencia-2_2051849_20250303173558.jpg 384w,\/\/www.vistazo.com\/binrepository\/300x169\/0c0\/0d0\/none\/12727\/MIXG\/2025-03-03-pinas-en-emergencia-2_2051849_20250303173558.jpg 300w\" alt=\"$!Vista de la zona del desastre en el cant\u00f3n Pi\u00f1as.\" width=\"768\" height=\"432\" data-srcset=\"\/\/www.vistazo.com\/binrepository\/768x432\/0c0\/0d0\/none\/12727\/MIXF\/2025-03-03-pinas-en-emergencia-2_2051849_20250303173558.jpg 768w,\/\/www.vistazo.com\/binrepository\/640x360\/0c0\/0d0\/none\/12727\/MIXQ\/2025-03-03-pinas-en-emergencia-2_2051849_20250303173558.jpg 640w,\/\/www.vistazo.com\/binrepository\/512x288\/0c0\/0d0\/none\/12727\/MIXN\/2025-03-03-pinas-en-emergencia-2_2051849_20250303173558.jpg 512w,\/\/www.vistazo.com\/binrepository\/384x216\/0c0\/0d0\/none\/12727\/MIXL\/2025-03-03-pinas-en-emergencia-2_2051849_20250303173558.jpg 384w,\/\/www.vistazo.com\/binrepository\/300x169\/0c0\/0d0\/none\/12727\/MIXG\/2025-03-03-pinas-en-emergencia-2_2051849_20250303173558.jpg 300w\" \/><\/div>\n<div class=\"cutline-byline\"><span class=\"cutline-text\">Vista de la zona del desastre en el cant\u00f3n Pi\u00f1as.\u00a0<\/span><span class=\"byline-image\">(Foto: Facebook Municipio de Pi\u00f1as.)<\/span><\/div>\n<\/figure>\n<\/div>\n<div class=\"paragraph texto\">\n<p class=\"p_4\">El desbordamiento del\u00a0<b>r\u00edo San Roque<\/b>\u00a0afect\u00f3 a varios sectores de Pi\u00f1as. En rueda de prensa, el secretario de<b>\u00a0Gesti\u00f3n de Riesgos, Jorge Carrillo Tutiv\u00e9n,<\/b>\u00a0inform\u00f3 que desde el 24 de febrero se han registrado\u00a0<b>14 eventos adversos\u00a0<\/b>en el cant\u00f3n, provocados por lluvias de variada intensidad, fuertes vientos y tormentas el\u00e9ctricas.<\/p>\n<\/div>\n<div class=\"paragraph texto\">\n<p class=\"p_5\">\u00abSe han reportado\u00a0<b>12 deslizamientos y dos aluviones<\/b>, ocurridos el 24 y el 28 de febrero\u00bb, indic\u00f3 la autoridad. Entre las comunidades m\u00e1s afectadas mencion\u00f3<b>\u00a0Capiro, Zaracay y San Roque.<\/b>\u00a0Hasta el momento, se registran<b>\u00a0137 familias afectadas, 91 damnificadas, 20 viviendas destruidas y dos fallecidos<\/b>, mientras que un tercer deceso est\u00e1 en proceso de confirmaci\u00f3n.ron que hay cinco albergues activos para acoger a los damnificados, entre ellos:<\/p>\n<\/div>\n<ul>\n<li class=\"bulletvistazo\">Coliseo Jos\u00e9 Gallardo Moscoso<\/li>\n<li class=\"bulletvistazo\">Albergue San Vicente de Pa\u00fal<\/li>\n<li class=\"bulletvistazo\">Escuela San Jos\u00e9<\/li>\n<li class=\"bulletvistazo\">Refugio de una compa\u00f1\u00eda de transporte pesado<\/li>\n<\/ul>\n<div class=\"multimediaMacroWrapper img lateral\">\n<figure class=\"contentMedia art-img\">\n<div><img decoding=\"async\" class=\" lazyloaded\" title=\"El Coliseo Jos\u00e9 Gallardo Moscoso brinda refugio en Pi\u00f1as a los damnificados.\" src=\"https:\/\/www.vistazo.com\/placeholder\/svg\/viewbox\/768x512\" sizes=\"100vw\" srcset=\"\/\/www.vistazo.com\/binrepository\/768x512\/0c0\/0d0\/none\/12727\/YVCT\/2025-03-03-pinas-en-emergencia_2051854_20250303173559.jpg 768w,\/\/www.vistazo.com\/binrepository\/640x427\/0c0\/0d0\/none\/12727\/YVCX\/2025-03-03-pinas-en-emergencia_2051854_20250303173559.jpg 640w,\/\/www.vistazo.com\/binrepository\/512x341\/0c0\/0d0\/none\/12727\/YVCU\/2025-03-03-pinas-en-emergencia_2051854_20250303173559.jpg 512w,\/\/www.vistazo.com\/binrepository\/384x256\/0c0\/0d0\/none\/12727\/YVCS\/2025-03-03-pinas-en-emergencia_2051854_20250303173559.jpg 384w,\/\/www.vistazo.com\/binrepository\/300x200\/0c0\/0d0\/none\/12727\/YVCV\/2025-03-03-pinas-en-emergencia_2051854_20250303173559.jpg 300w\" alt=\"$!El Coliseo Jos\u00e9 Gallardo Moscoso brinda refugio en Pi\u00f1as a los damnificados.\" width=\"768\" height=\"512\" data-srcset=\"\/\/www.vistazo.com\/binrepository\/768x512\/0c0\/0d0\/none\/12727\/YVCT\/2025-03-03-pinas-en-emergencia_2051854_20250303173559.jpg 768w,\/\/www.vistazo.com\/binrepository\/640x427\/0c0\/0d0\/none\/12727\/YVCX\/2025-03-03-pinas-en-emergencia_2051854_20250303173559.jpg 640w,\/\/www.vistazo.com\/binrepository\/512x341\/0c0\/0d0\/none\/12727\/YVCU\/2025-03-03-pinas-en-emergencia_2051854_20250303173559.jpg 512w,\/\/www.vistazo.com\/binrepository\/384x256\/0c0\/0d0\/none\/12727\/YVCS\/2025-03-03-pinas-en-emergencia_2051854_20250303173559.jpg 384w,\/\/www.vistazo.com\/binrepository\/300x200\/0c0\/0d0\/none\/12727\/YVCV\/2025-03-03-pinas-en-emergencia_2051854_20250303173559.jpg 300w\" \/><\/div>\n<div class=\"cutline-byline\"><\/div>\n<\/figure>\n<\/div>\n<div class=\"paragraph texto\">\n<p class=\"p_7\">Por otro lado, la alcaldesa de\u00a0<b>Pi\u00f1as<\/b>,\u00a0<b>Teresa Feij\u00f3o<\/b>, se\u00f1al\u00f3 en rueda de prensa que el\u00a0<b>sistema de alcantarillado y agua potable<\/b>\u00a0est\u00e1 colapsado debido a que\u00a0<i>\u00abcumpli\u00f3 su vida \u00fatil\u00bb<\/i>.<\/p>\n<p class=\"p_8\">Hasta el momento, las lluvias han dejado un saldo de\u00a0<b>14 fallecidos y m\u00e1s de 73.000 afectados a nivel nacional<\/b>. <strong>Fuente: Vistazo<\/strong><\/p>\n<\/div>\n","protected":false},"excerpt":{"rendered":"<p>El presidente de la Rep\u00fablica, Daniel Noboa, visit\u00f3 este lunes 3 de marzo de 2025 el\u00a0cant\u00f3n Pi\u00f1as, en el sur del pa\u00eds, donde el pasado viernes\u00a0dos personas fallecieron y m\u00e1s de 400 resultaron afectadas\u00a0tras un aluvi\u00f3n causado por las intensas lluvias que azotan Ecuador desde enero. Durante su recorrido, Noboa acudi\u00f3 a un albergue temporal ubicado en el coliseo\u00a0Jos\u00e9 Gallardo Moscoso, donde convers\u00f3 con los damnificados y evalu\u00f3 la situaci\u00f3n. El presidente Daniel Noboa junto a la alcaldesa de Pi\u00f1as, Teresa Feij\u00f3o, durante la visita a la zona del aluvi\u00f3n el lunes 3 de marzo.\u00a0(Foto: Flickr Presidencia\/ Mauricio Torres) Por su parte, el ministro de Desarrollo Urbano y Vivienda, Humberto Plaza, confirm\u00f3 que se prev\u00e9\u00a0la construcci\u00f3n de 150 viviendas\u00a0en un terreno municipal\u00a0para reubicar a las familias\u00a0que perdieron sus hogares. Pi\u00f1as sigue en emergencia por lluvias y deslizamientos Vista de la zona del desastre en el cant\u00f3n Pi\u00f1as.\u00a0(Foto: Facebook Municipio de Pi\u00f1as.) El desbordamiento del\u00a0r\u00edo San Roque\u00a0afect\u00f3 a varios sectores de Pi\u00f1as. En rueda de prensa, el secretario de\u00a0Gesti\u00f3n de Riesgos, Jorge Carrillo Tutiv\u00e9n,\u00a0inform\u00f3 que desde el 24 de febrero se han registrado\u00a014 eventos adversos\u00a0en el cant\u00f3n, provocados por lluvias de variada intensidad, fuertes vientos y tormentas el\u00e9ctricas. \u00abSe han reportado\u00a012 deslizamientos y dos aluviones, ocurridos el 24 y el 28 de febrero\u00bb, indic\u00f3 la autoridad. Entre las comunidades m\u00e1s afectadas mencion\u00f3\u00a0Capiro, Zaracay y San Roque.\u00a0Hasta el momento, se registran\u00a0137 familias afectadas, 91 damnificadas, 20 viviendas destruidas y dos fallecidos, mientras que un tercer deceso est\u00e1 en proceso de confirmaci\u00f3n.ron que hay cinco albergues activos para acoger a los damnificados, entre ellos: Coliseo Jos\u00e9 Gallardo Moscoso Albergue San Vicente de Pa\u00fal Escuela San Jos\u00e9 Refugio de una compa\u00f1\u00eda de transporte pesado Por otro lado, la alcaldesa de\u00a0Pi\u00f1as,\u00a0Teresa Feij\u00f3o, se\u00f1al\u00f3 en rueda de prensa que el\u00a0sistema de alcantarillado y agua potable\u00a0est\u00e1 colapsado debido a que\u00a0\u00abcumpli\u00f3 su vida \u00fatil\u00bb. Hasta el momento, las lluvias han dejado un saldo de\u00a014 fallecidos y m\u00e1s de 73.000 afectados a nivel nacional. Fuente: Vistazo<\/p>\n","protected":false},"author":1,"featured_media":21653,"comment_status":"open","ping_status":"open","sticky":false,"template":"","format":"standard","meta":{"footnotes":""},"categories":[268],"tags":[],"class_list":["post-21652","post","type-post","status-publish","format-standard","has-post-thumbnail","hentry","category-nacionales"],"_links":{"self":[{"href":"https:\/\/www.elamazonico.com\/portal\/wp-json\/wp\/v2\/posts\/21652","targetHints":{"allow":["GET"]}}],"collection":[{"href":"https:\/\/www.elamazonico.com\/portal\/wp-json\/wp\/v2\/posts"}],"about":[{"href":"https:\/\/www.elamazonico.com\/portal\/wp-json\/wp\/v2\/types\/post"}],"author":[{"embeddable":true,"href":"https:\/\/www.elamazonico.com\/portal\/wp-json\/wp\/v2\/users\/1"}],"replies":[{"embeddable":true,"href":"https:\/\/www.elamazonico.com\/portal\/wp-json\/wp\/v2\/comments?post=21652"}],"version-history":[{"count":1,"href":"https:\/\/www.elamazonico.com\/portal\/wp-json\/wp\/v2\/posts\/21652\/revisions"}],"predecessor-version":[{"id":21654,"href":"https:\/\/www.elamazonico.com\/portal\/wp-json\/wp\/v2\/posts\/21652\/revisions\/21654"}],"wp:featuredmedia":[{"embeddable":true,"href":"https:\/\/www.elamazonico.com\/portal\/wp-json\/wp\/v2\/media\/21653"}],"wp:attachment":[{"href":"https:\/\/www.elamazonico.com\/portal\/wp-json\/wp\/v2\/media?parent=21652"}],"wp:term":[{"taxonomy":"category","embeddable":true,"href":"https:\/\/www.elamazonico.com\/portal\/wp-json\/wp\/v2\/categories?post=21652"},{"taxonomy":"post_tag","embeddable":true,"href":"https:\/\/www.elamazonico.com\/portal\/wp-json\/wp\/v2\/tags?post=21652"}],"curies":[{"name":"wp","href":"https:\/\/api.w.org\/{rel}","templated":true}]}}