{"id":21624,"date":"2025-02-27T16:27:59","date_gmt":"2025-02-27T21:27:59","guid":{"rendered":"https:\/\/www.elamazonico.com\/portal\/?p=21624"},"modified":"2025-02-27T16:27:59","modified_gmt":"2025-02-27T21:27:59","slug":"mariana-sofia-jurado-esto-se-detallo-sobre-el-hallazgo-de-la-joven-modelo-en-quito-y-la-presunta-causa-de-su-muerte","status":"publish","type":"post","link":"https:\/\/www.elamazonico.com\/portal\/mariana-sofia-jurado-esto-se-detallo-sobre-el-hallazgo-de-la-joven-modelo-en-quito-y-la-presunta-causa-de-su-muerte\/","title":{"rendered":"Mariana Sof\u00eda Jurado: esto se detall\u00f3 sobre el hallazgo de la joven modelo en Quito y la presunta causa de su muerte"},"content":{"rendered":"<div class=\"paragraph texto\">\n<p class=\"p_0\">La muerte de\u00a0<b><a href=\"https:\/\/www.vistazo.com\/actualidad\/nacional\/2025-02-26-mariana-sofia-jurado-hallada-sin-vida-en-quito-desaparecida-FF8887601\" target=\"_blank\" rel=\"noopener noreferrer\">Mariana Sof\u00eda Jurado<\/a><\/b>, la joven modelo de 20 a\u00f1os que fue reportada como desaparecida y posteriormente hallada sin vida en\u00a0<b>Quito<\/b>, ha dado lugar a una hip\u00f3tesis sobre las circunstancias de su fallecimiento.<\/p>\n<p class=\"p_1\">Mariana hab\u00eda sido vista por \u00faltima vez el 24 de febrero, en el\u00a0<b>barrio La Cocha<\/b>, situado en la parroquia\u00a0<b>La Merced<\/b>, donde fue encontrado su cuerpo.\u00a0<b>Vest\u00eda un buzo de pijama a cuadros, una blusa negra y un pantal\u00f3n jean claro.<\/b><\/p>\n<p class=\"p_2\"><strong>\u00bfQu\u00e9 se sabe de la muerte de Mariana Jurado?<\/strong><\/p>\n<\/div>\n<div class=\"paragraph texto\">\n<p class=\"p_3\">La capit\u00e1n\u00a0<b>Vanessa Arcos<\/b>, jefa de la Unidad de Personas Desaparecidas del Distrito Metropolitano de Quito (subrogante), dio detalles sobre el hallazgo del cuerpo de Mariana Sof\u00eda Jurado Mar\u00edn.<\/p>\n<div>\n<div>\n<div class=\"trv-player-container\">\n<div class=\"trv-wrapper\">\n<div id=\"br_video_player_1bbcc652c8ec034a42aaf8f821d3965a7a4d6079\" class=\"trvd_video_player\">\n<div class=\"media-player\">\n<div class=\"trv-video\">\n<div id=\"truvid_ima_container95914\" class=\"truvid_ima_container trv-ima-container-hidden\">\n<div><\/div>\n<\/div>\n<\/div>\n<\/div>\n<\/div>\n<\/div>\n<\/div>\n<\/div>\n<\/div>\n<div class=\"powered-main\">\n<div class=\"powered-by\">Arcos relat\u00f3 que, la Polic\u00eda Nacional y <b>Dinased\u00a0<\/b>tuvo conocimiento de la desaparici\u00f3n de la ciudadana, el 25 de febrero de 2025. \u00abLa\u00a0<b>hermana\u00a0<\/b>acudi\u00f3 a nuestras instalaciones, ya que present\u00f3 la\u00a0<b>denuncia\u00a0<\/b>en la\u00a0<b>Fiscal\u00eda\u00a0<\/b>No. 6 de Pichincha\u00bb, indic\u00f3.<\/div>\n<\/div>\n<p class=\"p_5\">En ese momento se activ\u00f3 el protocolo de personas desaparecidas y se difundi\u00f3 el\u00a0<b>afiche\u00a0<\/b>para su m\u00e1xima difusi\u00f3n en los medios de comunicaci\u00f3n.<\/p>\n<\/div>\n<div class=\"multimediaMacroWrapper img lateral\">\n<figure class=\"contentMedia art-img\">\n<div><img fetchpriority=\"high\" decoding=\"async\" class=\" lazyloaded\" title=\"Mariana Sof\u00eda Jurado: esto se detall\u00f3 sobre el hallazgo de la joven modelo en Quito y la presunta causa de su muerte\" src=\"https:\/\/www.vistazo.com\/placeholder\/svg\/viewbox\/768x951\" sizes=\"100vw\" srcset=\"\/\/www.vistazo.com\/binrepository\/768x951\/0c0\/0d0\/none\/12727\/TXJR\/gkr7gafxyaayhua_2045802_20250227142456.jpg 768w,\/\/www.vistazo.com\/binrepository\/640x793\/0c0\/0d0\/none\/12727\/TXHK\/gkr7gafxyaayhua_2045802_20250227142456.jpg 640w,\/\/www.vistazo.com\/binrepository\/512x634\/0c0\/0d0\/none\/12727\/TXOT\/gkr7gafxyaayhua_2045802_20250227142456.jpg 512w,\/\/www.vistazo.com\/binrepository\/384x476\/0c0\/0d0\/none\/12727\/TXMK\/gkr7gafxyaayhua_2045802_20250227142456.jpg 384w,\/\/www.vistazo.com\/binrepository\/300x371\/0c0\/0d0\/none\/12727\/TXJP\/gkr7gafxyaayhua_2045802_20250227142456.jpg 300w\" alt=\"$!Mariana Sof\u00eda Jurado: esto se detall\u00f3 sobre el hallazgo de la joven modelo en Quito y la presunta causa de su muerte\" width=\"768\" height=\"951\" data-srcset=\"\/\/www.vistazo.com\/binrepository\/768x951\/0c0\/0d0\/none\/12727\/TXJR\/gkr7gafxyaayhua_2045802_20250227142456.jpg 768w,\/\/www.vistazo.com\/binrepository\/640x793\/0c0\/0d0\/none\/12727\/TXHK\/gkr7gafxyaayhua_2045802_20250227142456.jpg 640w,\/\/www.vistazo.com\/binrepository\/512x634\/0c0\/0d0\/none\/12727\/TXOT\/gkr7gafxyaayhua_2045802_20250227142456.jpg 512w,\/\/www.vistazo.com\/binrepository\/384x476\/0c0\/0d0\/none\/12727\/TXMK\/gkr7gafxyaayhua_2045802_20250227142456.jpg 384w,\/\/www.vistazo.com\/binrepository\/300x371\/0c0\/0d0\/none\/12727\/TXJP\/gkr7gafxyaayhua_2045802_20250227142456.jpg 300w\" \/><\/div>\n<\/figure>\n<\/div>\n<div class=\"paragraph texto\">\n<p class=\"p_6\">\u00abEs as\u00ed que el d\u00eda mi\u00e9rcoles 26 de febrero, por una llamada del\u00a0<b>ECU 911<\/b>, se report\u00f3 que moradores del sector\u00a0<b>La Merced<\/b>, espec\u00edficamente en el barrio Vergel, encontraron una persona sin vida de sexo femenino\u00bb, dijo la uniformada.<\/p>\n<p class=\"p_7\">Enseguida, los agentes se trasladaron con los familiares al sector de\u00a0<b>El Vergel<\/b>, donde ellos reconocieron el\u00a0<b>cad\u00e1ver\u00a0<\/b>de Mariana Jurado,<\/p>\n<p class=\"p_8\">Tras ello, se activaron los procedimientos policiales y legales, a cargo de los ejes investigativo y preventivo.<\/p>\n<p class=\"p_9\">Por \u00faltimo, el cuerpo de la joven fue trasladado hasta el laboratorio de Medicina Legal, para realizar el examen t\u00e9cnico-cient\u00edfico, que determinar\u00e1 la\u00a0<b>causa\u00a0<\/b>de\u00a0<b>muerte\u00a0<\/b>de la ciudadana antes reportada como desaparecida.<\/p>\n<p class=\"p_10\">No obstante, las primeras investigaciones sugieren un posible\u00a0<b>suicidio<\/b>. La Polic\u00eda inform\u00f3 que, al recibir la denuncia de un familiar, se conoci\u00f3 que la joven, aparentemente, atravesaba un episodio\u00a0<b>depresivo<\/b>.<\/p>\n<p class=\"p_11\">\u00abLas primeras indagaciones policiales indicar\u00edan de que se trata de un presunto suicidio; sin embargo, el caso sigue su curso de investigaci\u00f3n\u00bb, puntualiz\u00f3 la instituci\u00f3n. <strong>Fuente: Vistazo<\/strong><\/p>\n<\/div>\n","protected":false},"excerpt":{"rendered":"<p>La muerte de\u00a0Mariana Sof\u00eda Jurado, la joven modelo de 20 a\u00f1os que fue reportada como desaparecida y posteriormente hallada sin vida en\u00a0Quito, ha dado lugar a una hip\u00f3tesis sobre las circunstancias de su fallecimiento. Mariana hab\u00eda sido vista por \u00faltima vez el 24 de febrero, en el\u00a0barrio La Cocha, situado en la parroquia\u00a0La Merced, donde fue encontrado su cuerpo.\u00a0Vest\u00eda un buzo de pijama a cuadros, una blusa negra y un pantal\u00f3n jean claro. \u00bfQu\u00e9 se sabe de la muerte de Mariana Jurado? La capit\u00e1n\u00a0Vanessa Arcos, jefa de la Unidad de Personas Desaparecidas del Distrito Metropolitano de Quito (subrogante), dio detalles sobre el hallazgo del cuerpo de Mariana Sof\u00eda Jurado Mar\u00edn. Arcos relat\u00f3 que, la Polic\u00eda Nacional y Dinased\u00a0tuvo conocimiento de la desaparici\u00f3n de la ciudadana, el 25 de febrero de 2025. \u00abLa\u00a0hermana\u00a0acudi\u00f3 a nuestras instalaciones, ya que present\u00f3 la\u00a0denuncia\u00a0en la\u00a0Fiscal\u00eda\u00a0No. 6 de Pichincha\u00bb, indic\u00f3. En ese momento se activ\u00f3 el protocolo de personas desaparecidas y se difundi\u00f3 el\u00a0afiche\u00a0para su m\u00e1xima difusi\u00f3n en los medios de comunicaci\u00f3n. \u00abEs as\u00ed que el d\u00eda mi\u00e9rcoles 26 de febrero, por una llamada del\u00a0ECU 911, se report\u00f3 que moradores del sector\u00a0La Merced, espec\u00edficamente en el barrio Vergel, encontraron una persona sin vida de sexo femenino\u00bb, dijo la uniformada. Enseguida, los agentes se trasladaron con los familiares al sector de\u00a0El Vergel, donde ellos reconocieron el\u00a0cad\u00e1ver\u00a0de Mariana Jurado, Tras ello, se activaron los procedimientos policiales y legales, a cargo de los ejes investigativo y preventivo. Por \u00faltimo, el cuerpo de la joven fue trasladado hasta el laboratorio de Medicina Legal, para realizar el examen t\u00e9cnico-cient\u00edfico, que determinar\u00e1 la\u00a0causa\u00a0de\u00a0muerte\u00a0de la ciudadana antes reportada como desaparecida. No obstante, las primeras investigaciones sugieren un posible\u00a0suicidio. La Polic\u00eda inform\u00f3 que, al recibir la denuncia de un familiar, se conoci\u00f3 que la joven, aparentemente, atravesaba un episodio\u00a0depresivo. \u00abLas primeras indagaciones policiales indicar\u00edan de que se trata de un presunto suicidio; sin embargo, el caso sigue su curso de investigaci\u00f3n\u00bb, puntualiz\u00f3 la instituci\u00f3n. Fuente: Vistazo<\/p>\n","protected":false},"author":1,"featured_media":21625,"comment_status":"open","ping_status":"open","sticky":false,"template":"","format":"standard","meta":{"footnotes":""},"categories":[268],"tags":[],"class_list":["post-21624","post","type-post","status-publish","format-standard","has-post-thumbnail","hentry","category-nacionales"],"_links":{"self":[{"href":"https:\/\/www.elamazonico.com\/portal\/wp-json\/wp\/v2\/posts\/21624","targetHints":{"allow":["GET"]}}],"collection":[{"href":"https:\/\/www.elamazonico.com\/portal\/wp-json\/wp\/v2\/posts"}],"about":[{"href":"https:\/\/www.elamazonico.com\/portal\/wp-json\/wp\/v2\/types\/post"}],"author":[{"embeddable":true,"href":"https:\/\/www.elamazonico.com\/portal\/wp-json\/wp\/v2\/users\/1"}],"replies":[{"embeddable":true,"href":"https:\/\/www.elamazonico.com\/portal\/wp-json\/wp\/v2\/comments?post=21624"}],"version-history":[{"count":1,"href":"https:\/\/www.elamazonico.com\/portal\/wp-json\/wp\/v2\/posts\/21624\/revisions"}],"predecessor-version":[{"id":21626,"href":"https:\/\/www.elamazonico.com\/portal\/wp-json\/wp\/v2\/posts\/21624\/revisions\/21626"}],"wp:featuredmedia":[{"embeddable":true,"href":"https:\/\/www.elamazonico.com\/portal\/wp-json\/wp\/v2\/media\/21625"}],"wp:attachment":[{"href":"https:\/\/www.elamazonico.com\/portal\/wp-json\/wp\/v2\/media?parent=21624"}],"wp:term":[{"taxonomy":"category","embeddable":true,"href":"https:\/\/www.elamazonico.com\/portal\/wp-json\/wp\/v2\/categories?post=21624"},{"taxonomy":"post_tag","embeddable":true,"href":"https:\/\/www.elamazonico.com\/portal\/wp-json\/wp\/v2\/tags?post=21624"}],"curies":[{"name":"wp","href":"https:\/\/api.w.org\/{rel}","templated":true}]}}