{"id":21607,"date":"2025-02-27T15:52:38","date_gmt":"2025-02-27T20:52:38","guid":{"rendered":"https:\/\/www.elamazonico.com\/portal\/?p=21607"},"modified":"2025-02-27T16:16:47","modified_gmt":"2025-02-27T21:16:47","slug":"asamblea-nacional-2025-esta-es-la-nueva-generacion-de-jovenes-menores-de-30-anos","status":"publish","type":"post","link":"https:\/\/www.elamazonico.com\/portal\/asamblea-nacional-2025-esta-es-la-nueva-generacion-de-jovenes-menores-de-30-anos\/","title":{"rendered":"Asamblea Nacional 2025: esta es la &#8216;nueva generaci\u00f3n&#8217; de j\u00f3venes menores de 30 a\u00f1os"},"content":{"rendered":"<div class=\"paragraph texto\">\n<p class=\"p_0\">La nueva\u00a0<b><a href=\"https:\/\/www.vistazo.com\/cronologia\/-\/meta\/asamblea-nacional\">Asamblea<\/a><\/b>, elegida el pasado 9 de febrero del 2025, tendr\u00e1 un n\u00famero hist\u00f3rico de\u00a0<b>legisladores j\u00f3venes menores de 30 a\u00f1os<\/b>. La mayor\u00eda cuenta con t\u00edtulo de tercer nivel, pero otros a\u00fan no han culminado sus carreras universitarias y\u00a0<u><b>este ser\u00e1 su primer trabajo<\/b><\/u>. Expertos cuestionan la\u00a0<u>falta de formaci\u00f3n pol\u00edtica\u00a0<\/u>y la\u00a0<u>desconexi\u00f3n con la realidad del pa\u00eds<\/u>.<\/p>\n<p class=\"p_2\">Un an\u00e1lisis efectuado por\u00a0<u>Jonathan Saraguro<\/u>, editor del portal Primera L\u00ednea, muestra que la nueva Legislatura estar\u00e1 integrada por\u00a0<u><b>20 asamble\u00edstas j\u00f3venes<\/b><\/u>, 18 pertenecen al movimiento oficialista Acci\u00f3n Democr\u00e1tica Nacional (<b>ADN<\/b>) y dos a la Revoluci\u00f3n Ciudadana (<b>RC<\/b>).<\/p>\n<p class=\"p_3\">La mayor\u00eda posee t\u00edtulo de tercer nivel y\u00a0<u>cuatro tienen una preparaci\u00f3n de cuarto nivel<\/u>. Mientras que\u00a0<b>seis no registran estudios en la Senescyt<\/b>, algunos de ellos a\u00fan no terminan su carrera y se decantaron por la pol\u00edtica.<\/p>\n<p class=\"p_4\">Es el caso de\u00a0<b>Dominique Serrano (ADN)<\/b>, de 19 a\u00f1os, lo que lo convierte en el asamble\u00edsta m\u00e1s joven que ha ocupado una curul. \u00c9l fue elegido por el distrito sur de Quito. En una entrevista publicada en sus redes sociales, coment\u00f3 que cursaba el primer semestre de\u00a0<u>Derecho y al mismo tiempo estudiaba Gastronom\u00eda<\/u>, una de sus m\u00e1s grandes pasiones.<\/p>\n<p class=\"p_5\">En el grupo de quienes ya cuentan con un t\u00edtulo universitario, la profesi\u00f3n m\u00e1s com\u00fan es la\u00a0<b>abogac\u00eda<\/b>, luego hay un economista, ingeniero civil, licenciado en comunicaci\u00f3n, tecn\u00f3logo en planificaci\u00f3n del transporte, etc.<\/p>\n<p class=\"p_6\">Para casi todos los j\u00f3venes ser\u00e1 su primera vez ejerciendo como asamble\u00edstas, a excepci\u00f3n de\u00a0<b>Valentina Centeno<\/b>\u00a0(ADN-27 a\u00f1os),\u00a0<b>Nathaly Farinango\u00a0<\/b>(ADN-25 a\u00f1os) y\u00a0<b>Jahiren Noriega<\/b>\u00a0(RC-27 a\u00f1os), quienes fueron reelegidas. Asimismo,\u00a0<b>Cristina J\u00e1come<\/b>\u00a0(RC-25 a\u00f1os) es asamble\u00edsta suplente de Juan Pablo Molina.<\/p>\n<p class=\"p_7\">En cambio, otras personalidades ya han ocupado cargos p\u00fablicos como\u00a0<b><a href=\"https:\/\/www.vistazo.com\/portada\/ministra-de-ambiente-sade-fritschi-hace-aclaracion-sobre-proyecto-inmobiliario-que-se-pretende-construir-en-olon-KH7292378\">Sade Fritschi<\/a><\/b>\u00a0(27 a\u00f1os), quien fue ministra de Ambiente de Daniel Noboa, y\u00a0<b>Camila Le\u00f3n\u00a0<\/b>(20 a\u00f1os), coordinadora zonal 6 del Ministerio de Inclusi\u00f3n Econ\u00f3mica y Social (MIES).<\/p>\n<p class=\"p_8\">Las dos han sido cuestionadas por pol\u00e9micas declaraciones.\u00a0<a href=\"https:\/\/www.vistazo.com\/actualidad\/nacional\/sade-fritschi-criticada-por-desatinada-declaracion-errores-de-nerviosismo-XA7103312\">Fritschi confundi\u00f3 a la Amazon\u00eda con un pa\u00eds\u00a0<\/a>y Camila Le\u00f3n no supo responder una pregunta sobre un\u00a0<b>quintil<\/b>, que es un sistema que divide a la poblaci\u00f3n seg\u00fan sus ingresos o gastos.<\/p>\n<\/div>\n<div class=\"multimediaMacroWrapper img lateral\">\n<figure class=\"contentMedia art-img\">\n<div><img fetchpriority=\"high\" decoding=\"async\" class=\" lazyloaded\" title=\"La nueva generaci\u00f3n de la Asamblea.\" src=\"https:\/\/www.vistazo.com\/placeholder\/svg\/viewbox\/768x432\" sizes=\"100vw\" srcset=\"\/\/www.vistazo.com\/binrepository\/768x432\/0c0\/0d0\/none\/12727\/QRII\/gkq1i9hwuaab-gp_2045136_20250227102331.jpg 768w,\/\/www.vistazo.com\/binrepository\/640x360\/0c0\/0d0\/none\/12727\/QRKP\/gkq1i9hwuaab-gp_2045136_20250227102331.jpg 640w,\/\/www.vistazo.com\/binrepository\/512x288\/0c0\/0d0\/none\/12727\/QRSK\/gkq1i9hwuaab-gp_2045136_20250227102331.jpg 512w,\/\/www.vistazo.com\/binrepository\/384x216\/0c0\/0d0\/none\/12727\/QRMK\/gkq1i9hwuaab-gp_2045136_20250227102331.jpg 384w,\/\/www.vistazo.com\/binrepository\/300x169\/0c0\/0d0\/none\/12727\/QRRS\/gkq1i9hwuaab-gp_2045136_20250227102331.jpg 300w\" alt=\"$!La nueva generaci\u00f3n de la Asamblea.\" width=\"768\" height=\"432\" data-srcset=\"\/\/www.vistazo.com\/binrepository\/768x432\/0c0\/0d0\/none\/12727\/QRII\/gkq1i9hwuaab-gp_2045136_20250227102331.jpg 768w,\/\/www.vistazo.com\/binrepository\/640x360\/0c0\/0d0\/none\/12727\/QRKP\/gkq1i9hwuaab-gp_2045136_20250227102331.jpg 640w,\/\/www.vistazo.com\/binrepository\/512x288\/0c0\/0d0\/none\/12727\/QRSK\/gkq1i9hwuaab-gp_2045136_20250227102331.jpg 512w,\/\/www.vistazo.com\/binrepository\/384x216\/0c0\/0d0\/none\/12727\/QRMK\/gkq1i9hwuaab-gp_2045136_20250227102331.jpg 384w,\/\/www.vistazo.com\/binrepository\/300x169\/0c0\/0d0\/none\/12727\/QRRS\/gkq1i9hwuaab-gp_2045136_20250227102331.jpg 300w\" \/><\/div>\n<div class=\"cutline-byline\"><span class=\"cutline-text\">La nueva generaci\u00f3n de la Asamblea.\u00a0<\/span><span class=\"byline-image\">(Foto: Jonathan Saraguro)<\/span><\/div>\n<\/figure>\n<\/div>\n<h2 class=\"h2vistazo\">\u00bfPOR QU\u00c9 HAY M\u00c1S J\u00d3VENES Y QU\u00c9 PROPONEN?<\/h2>\n<div class=\"paragraph texto\">\n<p class=\"p_10\">El gran n\u00famero de j\u00f3venes que ocupar\u00e1n una curul es el\u00a0<u><b>resultado de la reforma que se hizo al C\u00f3digo de la Democracia<\/b><\/u>, el cual dispone que las organizaciones pol\u00edticas incluyan un\u00a0<b>25% de j\u00f3venes<\/b>, entre 18 y 29 a\u00f1os, en sus listas. Un panorama similar se observar\u00e1 en las pr\u00f3ximas elecciones seccionales.<\/p>\n<p class=\"p_11\">El aumento ha sido significativo, ya que en anteriores Legislaturas hab\u00eda entre dos y cinco como m\u00e1ximo. Ahora son 20.<\/p>\n<p class=\"p_12\">Sin embargo, en redes sociales se ha empezado a cuestionar la preparaci\u00f3n de estos nuevos pol\u00edticos. En entrevistas concedidas a diversos medios digitales durante la campa\u00f1a electoral, la mayor\u00eda\u00a0<u>planteaba temas para los que ya existen leyes o que son competencia directa del Ejecutivo<\/u>.<\/p>\n<p class=\"p_13\">Dominique Serrano (ADN), por ejemplo, mencion\u00f3 en un video de redes sociales que llegar\u00e1 a la Asamblea porque\u00a0<b>\u201ces urgente\u201d aplicar la ley de salud mental\u00a0<\/b>existente con la finalidad de crear m\u00e1s espacios de apoyo. Pero eso es obligaci\u00f3n del Ministerio de Salud.<\/p>\n<p class=\"p_14\"><b>Lea tambi\u00e9n:\u00a0<a href=\"https:\/\/www.vistazo.com\/politica\/elecciones-ecuador-2025\/2025-02-13-resultados-elecciones-correismo-noboismo-quien-tomara-control-nueva-asamblea-nacional-2025-NE8798807\">Corre\u00edsmo o Nobo\u00edsmo: \u00bfQui\u00e9n tomar\u00e1 el control de la nueva Asamblea Nacional 2025?<\/a><\/b><\/p>\n<p class=\"p_15\"><u>Promover el empleo, el acceso a la universidad, cr\u00e9ditos y velar por las causas justas<\/u>\u00a0son otras de las propuestas m\u00e1s recurrentes en este grupo de legisladores j\u00f3venes.<\/p>\n<p class=\"p_16\"><b>Grace Jim\u00e9nez<\/b>, analista pol\u00edtica, menciona que el gran problema de la Revoluci\u00f3n Ciudadana (RC) y Acci\u00f3n Democr\u00e1tica Nacional (ADN) es que\u00a0<u><b>\u201cno tienen un proyecto de pa\u00eds de mediano y a largo plazo\u201d\u00a0<\/b><\/u>y eso se evidencia en sus legisladores, \u201cque est\u00e1n viendo a la pol\u00edtica como\u00a0<b>marketing<\/b>\u00a0y no como un verdadero proyecto que solucione los problemas de la gente\u201d.<\/p>\n<p class=\"p_17\">Agrega que otro tema de fondo es la crisis de partidos del Ecuador,\u00a0<u>\u201cporque no existe una\u00a0<\/u><u><b>formaci\u00f3n pol\u00edtica<\/b><\/u><u>\u00a0adecuada para contar con cuadros org\u00e1nicos\u201d<\/u>.<\/p>\n<\/div>\n<div class=\"Citavistazo\">\u201cNo es la edad, es la falta de formaci\u00f3n pol\u00edtica, la falta de conocimiento de lo p\u00fablico y realidad de lo que est\u00e1 viviendo la gente\u201d, resalta Jim\u00e9nez.<\/div>\n<div class=\"html_text\">\n<div class=\"flourish-embed flourish-chart\" data-src=\"visualisation\/21848198\">\n<p><iframe title=\"Interactive or visual content\" src=\"https:\/\/flo.uri.sh\/visualisation\/21848198\/embed?auto=1\" frameborder=\"0\" scrolling=\"no\" sandbox=\"allow-same-origin allow-forms allow-scripts allow-downloads allow-popups allow-popups-to-escape-sandbox allow-top-navigation-by-user-activation\" data-mce-fragment=\"1\"><\/iframe><\/p>\n<div class=\"flourish-credit\"><a href=\"https:\/\/flourish.studio\/visualisations\/line-bar-pie-charts\/?utm_source=showcase&amp;utm_campaign=visualisation\/21848198\" target=\"_top\" rel=\"noopener\">A Flourish chart<\/a><\/div>\n<\/div>\n<\/div>\n<h2 class=\"h2vistazo\">FALTA DE CONTROL DE LAS ORGANIZACIONES<\/h2>\n<div class=\"paragraph texto\">\n<p class=\"p_18\">Por su parte,\u00a0<b>Roger Celi<\/b>, coordinador del Observatorio Legislativo de la Fundaci\u00f3n Ciudadan\u00eda y Desarrollo (FCD), subraya que el<u><b>\u00a0nivel de estudios y la edad no es garant\u00eda<\/b><\/u>\u00a0para que haya calidad, probidad y \u00e9tica en el ejercicio parlamentario.<\/p>\n<p class=\"p_19\">De hecho, hay exasamble\u00edstas que incurrieron en delitos pese a tener una amplia trayectoria o t\u00edtulos universitarios como, por ejemplo,\u00a0<b>Daniel Mendoza<\/b>\u00a0(delincuencia organizada) y\u00a0<b>Norma Vallejo<\/b>\u00a0(concusi\u00f3n).<\/p>\n<p class=\"p_20\">Pero m\u00e1s all\u00e1 de las actuaciones de los asamble\u00edstas, Celi indica que es responsabilidad de las organizaciones pol\u00edticas cumplir con procesos de formaci\u00f3n y tener\u00a0<u><b>evaluaciones del desempe\u00f1o de sus legisladores<\/b><\/u>.<\/p>\n<p class=\"p_21\">Cita, por ejemplo, el caso de la asamble\u00edsta\u00a0<b>Jahiren Noriega<\/b>\u00a0(RC), de 27 a\u00f1os, quien entr\u00f3 con un discurso enfocado en los j\u00f3venes, pero \u201c<u><b>se ha ausentado al menos en el 20% de las votaciones en el Pleno<\/b><\/u>, lo cual deber\u00eda ser tomado en cuenta por su movimiento pol\u00edtico\u201d.<\/p>\n<p class=\"p_22\">Celi tambi\u00e9n considera importante que el\u00a0<u><b>equipo de trabajo<\/b><\/u>\u00a0de los legisladores sea profesional y de alto nivel, porque son ellos los que preparan las leyes, propuestas, discursos, etc. Actualmente, para ser asesor solo se necesita tener un t\u00edtulo universitario o experiencia, la cual se puede acreditar de cualquier manera porque la norma es muy amplia.<\/p>\n<\/div>\n<div class=\"Citavistazo\">\u201cLos legisladores contratan a cualquier persona y desafortunadamente no existen concursos p\u00fablicos de designaci\u00f3n de personal parlamentario que permita que los mejores cuadros accedan a asesorar a los legisladores. Actualmente, los 4 miembros de un despacho son elegidos por el propio asamble\u00edsta\u201d.<\/div>\n<div class=\"paragraph texto\">\n<p class=\"p_23\">En todo caso, habr\u00e1 que esperar que se posesione la nueva Asamblea para conocer la calidad de propuestas y debate de esta generaci\u00f3n joven, que podr\u00eda darle un toque distinto a la legislatura o retroceder a las mismas pr\u00e1cticas de siempre. <strong>Fuente: Vistazo<\/strong><\/p>\n<\/div>\n","protected":false},"excerpt":{"rendered":"<p>La nueva\u00a0Asamblea, elegida el pasado 9 de febrero del 2025, tendr\u00e1 un n\u00famero hist\u00f3rico de\u00a0legisladores j\u00f3venes menores de 30 a\u00f1os. La mayor\u00eda cuenta con t\u00edtulo de tercer nivel, pero otros a\u00fan no han culminado sus carreras universitarias y\u00a0este ser\u00e1 su primer trabajo. Expertos cuestionan la\u00a0falta de formaci\u00f3n pol\u00edtica\u00a0y la\u00a0desconexi\u00f3n con la realidad del pa\u00eds. Un an\u00e1lisis efectuado por\u00a0Jonathan Saraguro, editor del portal Primera L\u00ednea, muestra que la nueva Legislatura estar\u00e1 integrada por\u00a020 asamble\u00edstas j\u00f3venes, 18 pertenecen al movimiento oficialista Acci\u00f3n Democr\u00e1tica Nacional (ADN) y dos a la Revoluci\u00f3n Ciudadana (RC). La mayor\u00eda posee t\u00edtulo de tercer nivel y\u00a0cuatro tienen una preparaci\u00f3n de cuarto nivel. Mientras que\u00a0seis no registran estudios en la Senescyt, algunos de ellos a\u00fan no terminan su carrera y se decantaron por la pol\u00edtica. Es el caso de\u00a0Dominique Serrano (ADN), de 19 a\u00f1os, lo que lo convierte en el asamble\u00edsta m\u00e1s joven que ha ocupado una curul. \u00c9l fue elegido por el distrito sur de Quito. En una entrevista publicada en sus redes sociales, coment\u00f3 que cursaba el primer semestre de\u00a0Derecho y al mismo tiempo estudiaba Gastronom\u00eda, una de sus m\u00e1s grandes pasiones. En el grupo de quienes ya cuentan con un t\u00edtulo universitario, la profesi\u00f3n m\u00e1s com\u00fan es la\u00a0abogac\u00eda, luego hay un economista, ingeniero civil, licenciado en comunicaci\u00f3n, tecn\u00f3logo en planificaci\u00f3n del transporte, etc. Para casi todos los j\u00f3venes ser\u00e1 su primera vez ejerciendo como asamble\u00edstas, a excepci\u00f3n de\u00a0Valentina Centeno\u00a0(ADN-27 a\u00f1os),\u00a0Nathaly Farinango\u00a0(ADN-25 a\u00f1os) y\u00a0Jahiren Noriega\u00a0(RC-27 a\u00f1os), quienes fueron reelegidas. Asimismo,\u00a0Cristina J\u00e1come\u00a0(RC-25 a\u00f1os) es asamble\u00edsta suplente de Juan Pablo Molina. En cambio, otras personalidades ya han ocupado cargos p\u00fablicos como\u00a0Sade Fritschi\u00a0(27 a\u00f1os), quien fue ministra de Ambiente de Daniel Noboa, y\u00a0Camila Le\u00f3n\u00a0(20 a\u00f1os), coordinadora zonal 6 del Ministerio de Inclusi\u00f3n Econ\u00f3mica y Social (MIES). Las dos han sido cuestionadas por pol\u00e9micas declaraciones.\u00a0Fritschi confundi\u00f3 a la Amazon\u00eda con un pa\u00eds\u00a0y Camila Le\u00f3n no supo responder una pregunta sobre un\u00a0quintil, que es un sistema que divide a la poblaci\u00f3n seg\u00fan sus ingresos o gastos. La nueva generaci\u00f3n de la Asamblea.\u00a0(Foto: Jonathan Saraguro) \u00bfPOR QU\u00c9 HAY M\u00c1S J\u00d3VENES Y QU\u00c9 PROPONEN? El gran n\u00famero de j\u00f3venes que ocupar\u00e1n una curul es el\u00a0resultado de la reforma que se hizo al C\u00f3digo de la Democracia, el cual dispone que las organizaciones pol\u00edticas incluyan un\u00a025% de j\u00f3venes, entre 18 y 29 a\u00f1os, en sus listas. Un panorama similar se observar\u00e1 en las pr\u00f3ximas elecciones seccionales. El aumento ha sido significativo, ya que en anteriores Legislaturas hab\u00eda entre dos y cinco como m\u00e1ximo. Ahora son 20. Sin embargo, en redes sociales se ha empezado a cuestionar la preparaci\u00f3n de estos nuevos pol\u00edticos. En entrevistas concedidas a diversos medios digitales durante la campa\u00f1a electoral, la mayor\u00eda\u00a0planteaba temas para los que ya existen leyes o que son competencia directa del Ejecutivo. Dominique Serrano (ADN), por ejemplo, mencion\u00f3 en un video de redes sociales que llegar\u00e1 a la Asamblea porque\u00a0\u201ces urgente\u201d aplicar la ley de salud mental\u00a0existente con la finalidad de crear m\u00e1s espacios de apoyo. Pero eso es obligaci\u00f3n del Ministerio de Salud. Lea tambi\u00e9n:\u00a0Corre\u00edsmo o Nobo\u00edsmo: \u00bfQui\u00e9n tomar\u00e1 el control de la nueva Asamblea Nacional 2025? Promover el empleo, el acceso a la universidad, cr\u00e9ditos y velar por las causas justas\u00a0son otras de las propuestas m\u00e1s recurrentes en este grupo de legisladores j\u00f3venes. Grace Jim\u00e9nez, analista pol\u00edtica, menciona que el gran problema de la Revoluci\u00f3n Ciudadana (RC) y Acci\u00f3n Democr\u00e1tica Nacional (ADN) es que\u00a0\u201cno tienen un proyecto de pa\u00eds de mediano y a largo plazo\u201d\u00a0y eso se evidencia en sus legisladores, \u201cque est\u00e1n viendo a la pol\u00edtica como\u00a0marketing\u00a0y no como un verdadero proyecto que solucione los problemas de la gente\u201d. Agrega que otro tema de fondo es la crisis de partidos del Ecuador,\u00a0\u201cporque no existe una\u00a0formaci\u00f3n pol\u00edtica\u00a0adecuada para contar con cuadros org\u00e1nicos\u201d. \u201cNo es la edad, es la falta de formaci\u00f3n pol\u00edtica, la falta de conocimiento de lo p\u00fablico y realidad de lo que est\u00e1 viviendo la gente\u201d, resalta Jim\u00e9nez. A Flourish chart FALTA DE CONTROL DE LAS ORGANIZACIONES Por su parte,\u00a0Roger Celi, coordinador del Observatorio Legislativo de la Fundaci\u00f3n Ciudadan\u00eda y Desarrollo (FCD), subraya que el\u00a0nivel de estudios y la edad no es garant\u00eda\u00a0para que haya calidad, probidad y \u00e9tica en el ejercicio parlamentario. De hecho, hay exasamble\u00edstas que incurrieron en delitos pese a tener una amplia trayectoria o t\u00edtulos universitarios como, por ejemplo,\u00a0Daniel Mendoza\u00a0(delincuencia organizada) y\u00a0Norma Vallejo\u00a0(concusi\u00f3n). Pero m\u00e1s all\u00e1 de las actuaciones de los asamble\u00edstas, Celi indica que es responsabilidad de las organizaciones pol\u00edticas cumplir con procesos de formaci\u00f3n y tener\u00a0evaluaciones del desempe\u00f1o de sus legisladores. Cita, por ejemplo, el caso de la asamble\u00edsta\u00a0Jahiren Noriega\u00a0(RC), de 27 a\u00f1os, quien entr\u00f3 con un discurso enfocado en los j\u00f3venes, pero \u201cse ha ausentado al menos en el 20% de las votaciones en el Pleno, lo cual deber\u00eda ser tomado en cuenta por su movimiento pol\u00edtico\u201d. Celi tambi\u00e9n considera importante que el\u00a0equipo de trabajo\u00a0de los legisladores sea profesional y de alto nivel, porque son ellos los que preparan las leyes, propuestas, discursos, etc. Actualmente, para ser asesor solo se necesita tener un t\u00edtulo universitario o experiencia, la cual se puede acreditar de cualquier manera porque la norma es muy amplia. \u201cLos legisladores contratan a cualquier persona y desafortunadamente no existen concursos p\u00fablicos de designaci\u00f3n de personal parlamentario que permita que los mejores cuadros accedan a asesorar a los legisladores. Actualmente, los 4 miembros de un despacho son elegidos por el propio asamble\u00edsta\u201d. En todo caso, habr\u00e1 que esperar que se posesione la nueva Asamblea para conocer la calidad de propuestas y debate de esta generaci\u00f3n joven, que podr\u00eda darle un toque distinto a la legislatura o retroceder a las mismas pr\u00e1cticas de siempre. Fuente: Vistazo<\/p>\n","protected":false},"author":1,"featured_media":21608,"comment_status":"open","ping_status":"open","sticky":false,"template":"","format":"standard","meta":{"footnotes":""},"categories":[268],"tags":[],"class_list":["post-21607","post","type-post","status-publish","format-standard","has-post-thumbnail","hentry","category-nacionales"],"_links":{"self":[{"href":"https:\/\/www.elamazonico.com\/portal\/wp-json\/wp\/v2\/posts\/21607","targetHints":{"allow":["GET"]}}],"collection":[{"href":"https:\/\/www.elamazonico.com\/portal\/wp-json\/wp\/v2\/posts"}],"about":[{"href":"https:\/\/www.elamazonico.com\/portal\/wp-json\/wp\/v2\/types\/post"}],"author":[{"embeddable":true,"href":"https:\/\/www.elamazonico.com\/portal\/wp-json\/wp\/v2\/users\/1"}],"replies":[{"embeddable":true,"href":"https:\/\/www.elamazonico.com\/portal\/wp-json\/wp\/v2\/comments?post=21607"}],"version-history":[{"count":2,"href":"https:\/\/www.elamazonico.com\/portal\/wp-json\/wp\/v2\/posts\/21607\/revisions"}],"predecessor-version":[{"id":21620,"href":"https:\/\/www.elamazonico.com\/portal\/wp-json\/wp\/v2\/posts\/21607\/revisions\/21620"}],"wp:featuredmedia":[{"embeddable":true,"href":"https:\/\/www.elamazonico.com\/portal\/wp-json\/wp\/v2\/media\/21608"}],"wp:attachment":[{"href":"https:\/\/www.elamazonico.com\/portal\/wp-json\/wp\/v2\/media?parent=21607"}],"wp:term":[{"taxonomy":"category","embeddable":true,"href":"https:\/\/www.elamazonico.com\/portal\/wp-json\/wp\/v2\/categories?post=21607"},{"taxonomy":"post_tag","embeddable":true,"href":"https:\/\/www.elamazonico.com\/portal\/wp-json\/wp\/v2\/tags?post=21607"}],"curies":[{"name":"wp","href":"https:\/\/api.w.org\/{rel}","templated":true}]}}